{"id":14033,"date":"2025-09-06T11:29:23","date_gmt":"2025-09-06T09:29:23","guid":{"rendered":"https:\/\/www.studiolacitta.it\/senza-categoria\/vincenzo-castella\/"},"modified":"2026-02-13T11:01:19","modified_gmt":"2026-02-13T10:01:19","slug":"vincenzo-castella","status":"publish","type":"post","link":"https:\/\/www.studiolacitta.it\/en\/artist\/vincenzo-castella\/","title":{"rendered":"Vincenzo Castella"},"content":{"rendered":"\t\t<div data-elementor-type=\"wp-post\" data-elementor-id=\"14033\" class=\"elementor elementor-14033 elementor-3665\" data-elementor-post-type=\"post\">\n\t\t\t\t<div class=\"elementor-element elementor-element-2b6a70c6 e-con-full e-flex e-con e-parent\" data-id=\"2b6a70c6\" data-element_type=\"container\" data-e-type=\"container\">\n\t\t\t\t<div class=\"elementor-element elementor-element-1f92c8b7 elementor-widget__width-inherit elementor--h-position-left elementor--v-position-bottom elementor-arrows-position-inside elementor-pagination-position-inside elementor-widget elementor-widget-slides\" data-id=\"1f92c8b7\" data-element_type=\"widget\" data-e-type=\"widget\" data-settings=\"{&quot;transition&quot;:&quot;fade&quot;,&quot;transition_speed&quot;:0,&quot;_animation&quot;:&quot;none&quot;,&quot;navigation&quot;:&quot;both&quot;}\" data-widget_type=\"slides.default\">\n\t\t\t\t\t\t\t\t\t\t<div class=\"elementor-slides-wrapper elementor-main-swiper swiper\" role=\"region\" aria-roledescription=\"carousel\" aria-label=\"Slides\" dir=\"ltr\" data-animation=\"\">\n\t\t\t\t<div class=\"swiper-wrapper elementor-slides\">\n\t\t\t\t\t\t\t\t\t\t<div class=\"elementor-repeater-item-c23fa7b swiper-slide\" role=\"group\" aria-roledescription=\"slide\"><div class=\"swiper-slide-bg elementor-ken-burns elementor-ken-burns--in\" role=\"img\" aria-label=\"Vincenzo Castella - Vesuvio\"><\/div><div class=\"swiper-slide-inner\" ><div class=\"swiper-slide-contents\"><div class=\"elementor-slide-heading\">VINCENZO CASTELLA<\/div><\/div><\/div><\/div>\t\t\t\t<\/div>\n\t\t\t\t\t\t\t<\/div>\n\t\t\t\t\t\t\t\t<\/div>\n\t\t\t\t<\/div>\n\t\t<div class=\"elementor-element elementor-element-4fac97f2 e-flex e-con-boxed e-con e-parent\" data-id=\"4fac97f2\" data-element_type=\"container\" data-e-type=\"container\">\n\t\t\t\t\t<div class=\"e-con-inner\">\n\t\t\t\t<div class=\"elementor-element elementor-element-6d1b7343 e-n-tabs-tablet elementor-widget elementor-widget-n-tabs\" data-id=\"6d1b7343\" data-element_type=\"widget\" data-e-type=\"widget\" data-settings=\"{&quot;tabs_justify_horizontal&quot;:&quot;start&quot;,&quot;horizontal_scroll_tablet&quot;:&quot;enable&quot;,&quot;horizontal_scroll&quot;:&quot;disable&quot;}\" data-widget_type=\"nested-tabs.default\">\n\t\t\t\t\t\t\t<div class=\"e-n-tabs\" data-widget-number=\"1830515523\" aria-label=\"Tabs. Open items with Enter or Space, close with Escape and navigate using the Arrow keys.\">\n\t\t\t<div class=\"e-n-tabs-heading\" role=\"tablist\">\n\t\t\t\t\t<button id=\"e-n-tab-title-18305155231\" data-tab-title-id=\"e-n-tab-title-18305155231\" class=\"e-n-tab-title\" aria-selected=\"true\" data-tab-index=\"1\" role=\"tab\" tabindex=\"0\" aria-controls=\"e-n-tab-content-18305155231\" style=\"--n-tabs-title-order: 1;\">\n\t\t\t\t\t\t<span class=\"e-n-tab-title-text\">\n\t\t\t\tArtwork\t\t\t<\/span>\n\t\t<\/button>\n\t\t\t\t<button id=\"e-n-tab-title-18305155232\" data-tab-title-id=\"e-n-tab-title-18305155232\" class=\"e-n-tab-title\" aria-selected=\"false\" data-tab-index=\"2\" role=\"tab\" tabindex=\"-1\" aria-controls=\"e-n-tab-content-18305155232\" style=\"--n-tabs-title-order: 2;\">\n\t\t\t\t\t\t<span class=\"e-n-tab-title-text\">\n\t\t\t\tExhibitions\t\t\t<\/span>\n\t\t<\/button>\n\t\t\t\t<button id=\"e-n-tab-title-18305155233\" data-tab-title-id=\"e-n-tab-title-18305155233\" class=\"e-n-tab-title\" aria-selected=\"false\" data-tab-index=\"3\" role=\"tab\" tabindex=\"-1\" aria-controls=\"e-n-tab-content-18305155233\" style=\"--n-tabs-title-order: 3;\">\n\t\t\t\t\t\t<span class=\"e-n-tab-title-text\">\n\t\t\t\tVideo\t\t\t<\/span>\n\t\t<\/button>\n\t\t\t\t<button id=\"news-id-tab\" data-tab-title-id=\"e-n-tab-title-18305155234\" class=\"e-n-tab-title\" aria-selected=\"false\" data-tab-index=\"4\" role=\"tab\" tabindex=\"-1\" aria-controls=\"e-n-tab-content-18305155234\" style=\"--n-tabs-title-order: 4;\">\n\t\t\t\t\t\t<span class=\"e-n-tab-title-text\">\n\t\t\t\tNews\t\t\t<\/span>\n\t\t<\/button>\n\t\t\t\t<button id=\"e-n-tab-title-18305155235\" data-tab-title-id=\"e-n-tab-title-18305155235\" class=\"e-n-tab-title\" aria-selected=\"false\" data-tab-index=\"5\" role=\"tab\" tabindex=\"-1\" aria-controls=\"e-n-tab-content-18305155235\" style=\"--n-tabs-title-order: 5;\">\n\t\t\t\t\t\t<span class=\"e-n-tab-title-text\">\n\t\t\t\tPublications\t\t\t<\/span>\n\t\t<\/button>\n\t\t\t\t<button id=\"e-n-tab-title-18305155236\" data-tab-title-id=\"e-n-tab-title-18305155236\" class=\"e-n-tab-title\" aria-selected=\"false\" data-tab-index=\"6\" role=\"tab\" tabindex=\"-1\" aria-controls=\"e-n-tab-content-18305155236\" style=\"--n-tabs-title-order: 6;\">\n\t\t\t\t\t\t<span class=\"e-n-tab-title-text\">\n\t\t\t\tBio\t\t\t<\/span>\n\t\t<\/button>\n\t\t\t\t\t<\/div>\n\t\t\t<div class=\"e-n-tabs-content\">\n\t\t\t\t<div id=\"e-n-tab-content-18305155231\" role=\"tabpanel\" aria-labelledby=\"e-n-tab-title-18305155231\" data-tab-index=\"1\" style=\"--n-tabs-title-order: 1;\" class=\"e-active elementor-element elementor-element-7733cc22 e-flex e-con-boxed e-con e-child\" data-id=\"7733cc22\" data-element_type=\"container\" data-e-type=\"container\">\n\t\t\t\t\t<div class=\"e-con-inner\">\n\t\t\t\t<div class=\"elementor-element elementor-element-66f2f0ab e-n-tabs-mobile elementor-widget elementor-widget-n-tabs\" data-id=\"66f2f0ab\" data-element_type=\"widget\" data-e-type=\"widget\" data-settings=\"{&quot;horizontal_scroll&quot;:&quot;disable&quot;}\" data-widget_type=\"nested-tabs.default\">\n\t\t\t\t\t\t\t<div class=\"e-n-tabs\" data-widget-number=\"1727197355\" aria-label=\"Tabs. Open items with Enter or Space, close with Escape and navigate using the Arrow keys.\">\n\t\t\t<div class=\"e-n-tabs-heading\" role=\"tablist\">\n\t\t\t\t\t<button id=\"e-n-tab-title-17271973551\" data-tab-title-id=\"e-n-tab-title-17271973551\" class=\"e-n-tab-title\" aria-selected=\"true\" data-tab-index=\"1\" role=\"tab\" tabindex=\"0\" aria-controls=\"e-n-tab-content-17271973551\" style=\"--n-tabs-title-order: 1;\">\n\t\t\t\t\t<span class=\"e-n-tab-icon\">\n\t\t\t<svg aria-hidden=\"true\" class=\"e-font-icon-svg e-far-clone\" viewBox=\"0 0 512 512\" xmlns=\"http:\/\/www.w3.org\/2000\/svg\"><path d=\"M464 0H144c-26.51 0-48 21.49-48 48v48H48c-26.51 0-48 21.49-48 48v320c0 26.51 21.49 48 48 48h320c26.51 0 48-21.49 48-48v-48h48c26.51 0 48-21.49 48-48V48c0-26.51-21.49-48-48-48zM362 464H54a6 6 0 0 1-6-6V150a6 6 0 0 1 6-6h42v224c0 26.51 21.49 48 48 48h224v42a6 6 0 0 1-6 6zm96-96H150a6 6 0 0 1-6-6V54a6 6 0 0 1 6-6h308a6 6 0 0 1 6 6v308a6 6 0 0 1-6 6z\"><\/path><\/svg>\t\t\t<svg aria-hidden=\"true\" class=\"e-font-icon-svg e-far-clone\" viewBox=\"0 0 512 512\" xmlns=\"http:\/\/www.w3.org\/2000\/svg\"><path d=\"M464 0H144c-26.51 0-48 21.49-48 48v48H48c-26.51 0-48 21.49-48 48v320c0 26.51 21.49 48 48 48h320c26.51 0 48-21.49 48-48v-48h48c26.51 0 48-21.49 48-48V48c0-26.51-21.49-48-48-48zM362 464H54a6 6 0 0 1-6-6V150a6 6 0 0 1 6-6h42v224c0 26.51 21.49 48 48 48h224v42a6 6 0 0 1-6 6zm96-96H150a6 6 0 0 1-6-6V54a6 6 0 0 1 6-6h308a6 6 0 0 1 6 6v308a6 6 0 0 1-6 6z\"><\/path><\/svg>\t\t<\/span>\n\t\t\t\t\t<span class=\"e-n-tab-title-text\">\n\t\t\t\t\t\t\t<\/span>\n\t\t<\/button>\n\t\t\t\t<button id=\"e-n-tab-title-17271973552\" data-tab-title-id=\"e-n-tab-title-17271973552\" class=\"e-n-tab-title\" aria-selected=\"false\" data-tab-index=\"2\" role=\"tab\" tabindex=\"-1\" aria-controls=\"e-n-tab-content-17271973552\" style=\"--n-tabs-title-order: 2;\">\n\t\t\t\t\t<span class=\"e-n-tab-icon\">\n\t\t\t<svg aria-hidden=\"true\" class=\"e-font-icon-svg e-fas-border-all\" viewBox=\"0 0 448 512\" xmlns=\"http:\/\/www.w3.org\/2000\/svg\"><path d=\"M416 32H32A32 32 0 0 0 0 64v384a32 32 0 0 0 32 32h384a32 32 0 0 0 32-32V64a32 32 0 0 0-32-32zm-32 64v128H256V96zm-192 0v128H64V96zM64 416V288h128v128zm192 0V288h128v128z\"><\/path><\/svg>\t\t\t<svg aria-hidden=\"true\" class=\"e-font-icon-svg e-fas-border-all\" viewBox=\"0 0 448 512\" xmlns=\"http:\/\/www.w3.org\/2000\/svg\"><path d=\"M416 32H32A32 32 0 0 0 0 64v384a32 32 0 0 0 32 32h384a32 32 0 0 0 32-32V64a32 32 0 0 0-32-32zm-32 64v128H256V96zm-192 0v128H64V96zM64 416V288h128v128zm192 0V288h128v128z\"><\/path><\/svg>\t\t<\/span>\n\t\t\t\t\t<span class=\"e-n-tab-title-text\">\n\t\t\t\t\t\t\t<\/span>\n\t\t<\/button>\n\t\t\t\t\t<\/div>\n\t\t\t<div class=\"e-n-tabs-content\">\n\t\t\t\t<div id=\"e-n-tab-content-17271973551\" role=\"tabpanel\" aria-labelledby=\"e-n-tab-title-17271973551\" data-tab-index=\"1\" style=\"--n-tabs-title-order: 1;\" class=\"e-active elementor-element elementor-element-2728445 e-flex e-con-boxed e-con e-child\" data-id=\"2728445\" data-element_type=\"container\" data-e-type=\"container\">\n\t\t\t\t\t<div class=\"e-con-inner\">\n\t\t\t\t<div class=\"elementor-element elementor-element-4432ff68 elementor-arrows-position-outside elementor-widget elementor-widget-image-carousel\" data-id=\"4432ff68\" data-element_type=\"widget\" data-e-type=\"widget\" data-settings=\"{&quot;slides_to_show&quot;:&quot;1&quot;,&quot;speed&quot;:1000,&quot;lazyload&quot;:&quot;yes&quot;,&quot;navigation&quot;:&quot;arrows&quot;,&quot;infinite&quot;:&quot;yes&quot;,&quot;effect&quot;:&quot;slide&quot;}\" data-widget_type=\"image-carousel.default\">\n\t\t\t\t\t\t\t<div class=\"elementor-image-carousel-wrapper swiper\" role=\"region\" aria-roledescription=\"carousel\" aria-label=\"Carosello d&#039;immagini\" dir=\"rtl\">\n\t\t\t<div class=\"elementor-image-carousel swiper-wrapper swiper-image-stretch\" aria-live=\"polite\">\n\t\t\t\t\t\t\t\t<div class=\"swiper-slide\" role=\"group\" aria-roledescription=\"slide\" aria-label=\"1 of 21\"><a data-elementor-open-lightbox=\"yes\" data-elementor-lightbox-slideshow=\"4432ff68\" data-elementor-lightbox-title=\"1 - Battistero del Duomo XlI Secolo. Affreschi: Giusto de&#039; Menabuoi, 315x105cm, 2020\/2021\" data-elementor-lightbox-description=\"Stampa a colori su carta kozo 70g | Color print on 70g kozo paper - CD 229\" data-e-action-hash=\"#elementor-action%3Aaction%3Dlightbox%26settings%3DeyJpZCI6MTMwOTIsInVybCI6Imh0dHBzOlwvXC93d3cuc3R1ZGlvbGFjaXR0YS5pdFwvd3AtY29udGVudFwvdXBsb2Fkc1wvMjAyNVwvMTBcLzFfQ0QtMjI5X0Nhc3RlbGxhXzEtQmF0dGlzdGVyby1kZWwtRHVvbW8tWGxJLXNlY29sby4tQWZmcmVzY2hpLUdpdXN0by1kZV8tTWVuYWJ1b2lfMjAyMC0yMDIxX1BFTF81ODU1XzEtc2NhbGVkLmpwZyIsInNsaWRlc2hvdyI6IjQ0MzJmZjY4In0%3D\" href=\"https:\/\/www.studiolacitta.it\/wp-content\/uploads\/2025\/10\/1_CD-229_Castella_1-Battistero-del-Duomo-XlI-secolo.-Affreschi-Giusto-de_-Menabuoi_2020-2021_PEL_5855_1-scaled.jpg\"><figure class=\"swiper-slide-inner\"><img class=\"swiper-slide-image swiper-lazy\" data-src=\"https:\/\/www.studiolacitta.it\/wp-content\/uploads\/2025\/10\/1_CD-229_Castella_1-Battistero-del-Duomo-XlI-secolo.-Affreschi-Giusto-de_-Menabuoi_2020-2021_PEL_5855_1-scaled.jpg\" alt=\"Vincenzo Castella - 1 - Battistero del Duomo XlI Secolo. Affreschi: Giusto de&#039; Menabuoi - 2020\/2021 - Studio la Citt\u00e0 - Verona - Contemporary Art\" \/><div class=\"swiper-lazy-preloader\"><\/div><\/figure><\/a><\/div><div class=\"swiper-slide\" role=\"group\" aria-roledescription=\"slide\" aria-label=\"2 of 21\"><a data-elementor-open-lightbox=\"yes\" data-elementor-lightbox-slideshow=\"4432ff68\" data-elementor-lightbox-title=\"2 - Battistero del Duomo XlI Secolo. Affreschi: Giusto de&#039; Menabuoi, 315x105cm, 2020\/2021\" data-elementor-lightbox-description=\"Stampa a colori su carta kozo 70g | Color print on 70g kozo paper - CD 230\" data-e-action-hash=\"#elementor-action%3Aaction%3Dlightbox%26settings%3DeyJpZCI6MTMwOTQsInVybCI6Imh0dHBzOlwvXC93d3cuc3R1ZGlvbGFjaXR0YS5pdFwvd3AtY29udGVudFwvdXBsb2Fkc1wvMjAyNVwvMTBcLzJfQ0QtMjMwX0Nhc3RlbGxhXzItQmF0dGlzdGVyby1kZWwtRHVvbW8tWGxJLXNlY29sby4tQWZmcmVzY2hpLUdpdXN0by1kZV8tTWVuYWJ1b2lfMjAyMC0yMDIxX1BFTF81ODU1XzItc2NhbGVkLmpwZyIsInNsaWRlc2hvdyI6IjQ0MzJmZjY4In0%3D\" href=\"https:\/\/www.studiolacitta.it\/wp-content\/uploads\/2025\/10\/2_CD-230_Castella_2-Battistero-del-Duomo-XlI-secolo.-Affreschi-Giusto-de_-Menabuoi_2020-2021_PEL_5855_2-scaled.jpg\"><figure class=\"swiper-slide-inner\"><img class=\"swiper-slide-image swiper-lazy\" data-src=\"https:\/\/www.studiolacitta.it\/wp-content\/uploads\/2025\/10\/2_CD-230_Castella_2-Battistero-del-Duomo-XlI-secolo.-Affreschi-Giusto-de_-Menabuoi_2020-2021_PEL_5855_2-scaled.jpg\" alt=\"Vincenzo Castella - 2 - Battistero del Duomo XlI Secolo. Affreschi: Giusto de&#039; Menabuoi - 2020\/2021 - Studio la Citt\u00e0 - Verona - Contemporary Art\" \/><div class=\"swiper-lazy-preloader\"><\/div><\/figure><\/a><\/div><div class=\"swiper-slide\" role=\"group\" aria-roledescription=\"slide\" aria-label=\"3 of 21\"><a data-elementor-open-lightbox=\"yes\" data-elementor-lightbox-slideshow=\"4432ff68\" data-elementor-lightbox-title=\"3 - Battistero del Duomo XlI Secolo. Affreschi: Giusto de&#039; Menabuoi, 315x105cm, 2020\/2021\" data-elementor-lightbox-description=\"Stampa a colori su carta kozo 70g | Color print on 70g kozo paper - CD 231\" data-e-action-hash=\"#elementor-action%3Aaction%3Dlightbox%26settings%3DeyJpZCI6MTMwOTUsInVybCI6Imh0dHBzOlwvXC93d3cuc3R1ZGlvbGFjaXR0YS5pdFwvd3AtY29udGVudFwvdXBsb2Fkc1wvMjAyNVwvMTBcLzNfQ0QtMjMxX0Nhc3RlbGxhXzMtQmF0dGlzdGVyby1kZWwtRHVvbW8tWGxJLXNlY29sby4tQWZmcmVzY2hpLUdpdXN0by1kZV8tTWVuYWJ1b2lfMjAyMC0yMDIxX1BFTF81ODU1XzMtc2NhbGVkLmpwZyIsInNsaWRlc2hvdyI6IjQ0MzJmZjY4In0%3D\" href=\"https:\/\/www.studiolacitta.it\/wp-content\/uploads\/2025\/10\/3_CD-231_Castella_3-Battistero-del-Duomo-XlI-secolo.-Affreschi-Giusto-de_-Menabuoi_2020-2021_PEL_5855_3-scaled.jpg\"><figure class=\"swiper-slide-inner\"><img class=\"swiper-slide-image swiper-lazy\" data-src=\"https:\/\/www.studiolacitta.it\/wp-content\/uploads\/2025\/10\/3_CD-231_Castella_3-Battistero-del-Duomo-XlI-secolo.-Affreschi-Giusto-de_-Menabuoi_2020-2021_PEL_5855_3-scaled.jpg\" alt=\"Vincenzo Castella - 3 - Battistero del Duomo XlI Secolo. Affreschi: Giusto de&#039; Menabuoi - 2020\/2021 - Studio la Citt\u00e0 - Verona - Contemporary Art\" \/><div class=\"swiper-lazy-preloader\"><\/div><\/figure><\/a><\/div><div class=\"swiper-slide\" role=\"group\" aria-roledescription=\"slide\" aria-label=\"4 of 21\"><a data-elementor-open-lightbox=\"yes\" data-elementor-lightbox-slideshow=\"4432ff68\" data-elementor-lightbox-title=\"Museo di Geologia e Paleontologia, Palazzo-Cavalli. Palme fossili, 37x70x4cm, 2020\/2021\" data-elementor-lightbox-description=\"Stampa a colori su carta kozo | Color printing Kozo paper - CD 210\" data-e-action-hash=\"#elementor-action%3Aaction%3Dlightbox%26settings%3DeyJpZCI6MTMwOTYsInVybCI6Imh0dHBzOlwvXC93d3cuc3R1ZGlvbGFjaXR0YS5pdFwvd3AtY29udGVudFwvdXBsb2Fkc1wvMjAyNVwvMTBcLzRfQ0QtMjEwX0Nhc3RlbGxhX011c2VvLWRpLUdlb2xvZ2lhLWUtUGFsZW9udG9sb2dpYS1QYWxhenpvLUNhdmFsbGkuLVBhbG1lLWZvc3NpbGlfMjAyMC0yMDIxX1BFTF84NTQwLXNjYWxlZC5qcGciLCJzbGlkZXNob3ciOiI0NDMyZmY2OCJ9\" href=\"https:\/\/www.studiolacitta.it\/wp-content\/uploads\/2025\/10\/4_CD-210_Castella_Museo-di-Geologia-e-Paleontologia-Palazzo-Cavalli.-Palme-fossili_2020-2021_PEL_8540-scaled.jpg\"><figure class=\"swiper-slide-inner\"><img class=\"swiper-slide-image swiper-lazy\" data-src=\"https:\/\/www.studiolacitta.it\/wp-content\/uploads\/2025\/10\/4_CD-210_Castella_Museo-di-Geologia-e-Paleontologia-Palazzo-Cavalli.-Palme-fossili_2020-2021_PEL_8540-scaled.jpg\" alt=\"Vincenzo Castella - Museo di Geologia e Paleontologia, Palazzo-Cavalli. Palme fossili - 2020\/2021 - Studio la Citt\u00e0 - Verona - Contemporary Art\" \/><div class=\"swiper-lazy-preloader\"><\/div><\/figure><\/a><\/div><div class=\"swiper-slide\" role=\"group\" aria-roledescription=\"slide\" aria-label=\"5 of 21\"><a data-elementor-open-lightbox=\"yes\" data-elementor-lightbox-slideshow=\"4432ff68\" data-elementor-lightbox-title=\"Orto botanico, Scorcio della Serra Tropicale, 50x150cm, 2020\/2021\" data-elementor-lightbox-description=\"Stampa a colori su carta kozo 42g | Color printing on 42g Kozo paper - CD 220\" data-e-action-hash=\"#elementor-action%3Aaction%3Dlightbox%26settings%3DeyJpZCI6MTMwOTcsInVybCI6Imh0dHBzOlwvXC93d3cuc3R1ZGlvbGFjaXR0YS5pdFwvd3AtY29udGVudFwvdXBsb2Fkc1wvMjAyNVwvMTBcLzVfQ0QtMjIwX0Nhc3RlbGxhX09ydG8tYm90YW5pY28uLVNjb3JjaW8tZGVsbGEtU2VycmEtVHJvcGljYWxlXzIwMjAtMjAyMV9QRUxfNTc4My1zY2FsZWQuanBnIiwic2xpZGVzaG93IjoiNDQzMmZmNjgifQ%3D%3D\" href=\"https:\/\/www.studiolacitta.it\/wp-content\/uploads\/2025\/10\/5_CD-220_Castella_Orto-botanico.-Scorcio-della-Serra-Tropicale_2020-2021_PEL_5783-scaled.jpg\"><figure class=\"swiper-slide-inner\"><img class=\"swiper-slide-image swiper-lazy\" data-src=\"https:\/\/www.studiolacitta.it\/wp-content\/uploads\/2025\/10\/5_CD-220_Castella_Orto-botanico.-Scorcio-della-Serra-Tropicale_2020-2021_PEL_5783-scaled.jpg\" alt=\"Vincenzo Castella - Orto botanico, Scorcio della Serra Tropicale - 2020\/2021 - Studiamo la Citt\u00e0 - Verona - Contemporary Art\" \/><div class=\"swiper-lazy-preloader\"><\/div><\/figure><\/a><\/div><div class=\"swiper-slide\" role=\"group\" aria-roledescription=\"slide\" aria-label=\"6 of 21\"><a data-elementor-open-lightbox=\"yes\" data-elementor-lightbox-slideshow=\"4432ff68\" data-elementor-lightbox-title=\"Villa e Parco Pisani, Stra 1721\/1756, Architetti: G. Frigimelica e F. M. Preti, 50x150cm, 2020\/2021\" data-elementor-lightbox-description=\"Stampa a colori su carta kozo 42g | Color print on 42g kozo paper - CD 222\" data-e-action-hash=\"#elementor-action%3Aaction%3Dlightbox%26settings%3DeyJpZCI6MTMwOTgsInVybCI6Imh0dHBzOlwvXC93d3cuc3R1ZGlvbGFjaXR0YS5pdFwvd3AtY29udGVudFwvdXBsb2Fkc1wvMjAyNVwvMTBcLzZfQ0QtMjIyX0Nhc3RlbGxhX1ZpbGxhLWUtUGFyY28tUGlzYW5pLVN0cmEtMTcyMS0xNzU2LUFyY2hpdGV0dGktRy4tRnJpZ2ltZWxpY2EtZS1GXzIwMjAtMjAyMV9QRUxfNTgwMS1zY2FsZWQuanBnIiwic2xpZGVzaG93IjoiNDQzMmZmNjgifQ%3D%3D\" href=\"https:\/\/www.studiolacitta.it\/wp-content\/uploads\/2025\/10\/6_CD-222_Castella_Villa-e-Parco-Pisani-Stra-1721-1756-Architetti-G.-Frigimelica-e-F_2020-2021_PEL_5801-scaled.jpg\"><figure class=\"swiper-slide-inner\"><img class=\"swiper-slide-image swiper-lazy\" data-src=\"https:\/\/www.studiolacitta.it\/wp-content\/uploads\/2025\/10\/6_CD-222_Castella_Villa-e-Parco-Pisani-Stra-1721-1756-Architetti-G.-Frigimelica-e-F_2020-2021_PEL_5801-scaled.jpg\" alt=\"Vincenzo Castella - Villa e Parco Pisani, Stra 1721\/1756, Architetti: G. Frigimelica e F. M. Preti - 2020\/2021 - Studio la Citt\u00e0 - Verona - Contemporary Art\" \/><div class=\"swiper-lazy-preloader\"><\/div><\/figure><\/a><\/div><div class=\"swiper-slide\" role=\"group\" aria-roledescription=\"slide\" aria-label=\"7 of 21\"><a data-elementor-open-lightbox=\"yes\" data-elementor-lightbox-slideshow=\"4432ff68\" data-elementor-lightbox-title=\"Orto Botanico. Fra Aloe Sanseverie ed Euforbie della Serra Arida Africana, 54x70cm, 2020\/2021\" data-elementor-lightbox-description=\"Stampa a colori su carta kozo 42g | Color print on 42g kozo paper - CD 225\" data-e-action-hash=\"#elementor-action%3Aaction%3Dlightbox%26settings%3DeyJpZCI6MTMwOTksInVybCI6Imh0dHBzOlwvXC93d3cuc3R1ZGlvbGFjaXR0YS5pdFwvd3AtY29udGVudFwvdXBsb2Fkc1wvMjAyNVwvMTBcLzdfQ0QtMjI1X0Nhc3RlbGxhX09ydG8tYm90YW5pY28uLUZyYS1BbG9lLXNhbnNldmVyaWUtZWQtZXVmb3JiaWUtZGVsbGEtU2VycmFfMjAyMC0yMDIxX1BFTF81OTMxLXNjYWxlZC5qcGciLCJzbGlkZXNob3ciOiI0NDMyZmY2OCJ9\" href=\"https:\/\/www.studiolacitta.it\/wp-content\/uploads\/2025\/10\/7_CD-225_Castella_Orto-botanico.-Fra-Aloe-sanseverie-ed-euforbie-della-Serra_2020-2021_PEL_5931-scaled.jpg\"><figure class=\"swiper-slide-inner\"><img class=\"swiper-slide-image swiper-lazy\" data-src=\"https:\/\/www.studiolacitta.it\/wp-content\/uploads\/2025\/10\/7_CD-225_Castella_Orto-botanico.-Fra-Aloe-sanseverie-ed-euforbie-della-Serra_2020-2021_PEL_5931-scaled.jpg\" alt=\"Vincenzo Castella - Orto Botanico. Fra Aloe Sanseverie ed Euforbie della Serra Arida Africana - 2020\/2021 - Studio la Citt\u00e0 - Verona - Contemporary Art\" \/><div class=\"swiper-lazy-preloader\"><\/div><\/figure><\/a><\/div><div class=\"swiper-slide\" role=\"group\" aria-roledescription=\"slide\" aria-label=\"8 of 21\"><a data-elementor-open-lightbox=\"yes\" data-elementor-lightbox-slideshow=\"4432ff68\" data-elementor-lightbox-title=\"1 - Andrea Mantegna, Martirio e Trasporto di S. Cristoforo, 1448\/1457, Cappella Ovetari, Chiesa degli Eremitani, 315x105cm, 2020\/2021\" data-elementor-lightbox-description=\"Stampa a colori su carta kozo 70g | Color print on 70g kozo paper - CD 233\" data-e-action-hash=\"#elementor-action%3Aaction%3Dlightbox%26settings%3DeyJpZCI6MTMxMDAsInVybCI6Imh0dHBzOlwvXC93d3cuc3R1ZGlvbGFjaXR0YS5pdFwvd3AtY29udGVudFwvdXBsb2Fkc1wvMjAyNVwvMTBcLzhfQ0QtMjMzX0Nhc3RlbGxhXzEtQW5kcmVhLU1hbnRlZ25hLU1hcnRpcmlvLWUtdHJhc3AuLUNyaXN0b2Zvcm9fMjAyMC0yMDIxX1BFTF81NzcyXzEtc2NhbGVkLmpwZyIsInNsaWRlc2hvdyI6IjQ0MzJmZjY4In0%3D\" href=\"https:\/\/www.studiolacitta.it\/wp-content\/uploads\/2025\/10\/8_CD-233_Castella_1-Andrea-Mantegna-Martirio-e-trasp.-Cristoforo_2020-2021_PEL_5772_1-scaled.jpg\"><figure class=\"swiper-slide-inner\"><img class=\"swiper-slide-image swiper-lazy\" data-src=\"https:\/\/www.studiolacitta.it\/wp-content\/uploads\/2025\/10\/8_CD-233_Castella_1-Andrea-Mantegna-Martirio-e-trasp.-Cristoforo_2020-2021_PEL_5772_1-scaled.jpg\" alt=\"Vincenzo Castella - 1 - Andrea Mantegna, Martirio e Trasporto di S. Cristoforo, 1448\/1457, Cappella Ovetari, Chiesa degli Eremitani - 2020\/2021 - Studio la Citt\u00e0 - Verona - Contemporary Art\" \/><div class=\"swiper-lazy-preloader\"><\/div><\/figure><\/a><\/div><div class=\"swiper-slide\" role=\"group\" aria-roledescription=\"slide\" aria-label=\"9 of 21\"><a data-elementor-open-lightbox=\"yes\" data-elementor-lightbox-slideshow=\"4432ff68\" data-elementor-lightbox-title=\"2 - Andrea Mantegna, Martirio e Trasporto di S. Cristoforo, 1448\/1457, Cappella Ovetari, Chiesa degli Eremitani, 315x105cm, 2020\/2021\" data-elementor-lightbox-description=\"Stampa a colori su carta kozo 70g | Color print on 70g kozo paper - CD 234\" data-e-action-hash=\"#elementor-action%3Aaction%3Dlightbox%26settings%3DeyJpZCI6MTMxMDEsInVybCI6Imh0dHBzOlwvXC93d3cuc3R1ZGlvbGFjaXR0YS5pdFwvd3AtY29udGVudFwvdXBsb2Fkc1wvMjAyNVwvMTBcLzlfQ0QtMjM0X0Nhc3RlbGxhXzItQW5kcmVhLU1hbnRlZ25hLU1hcnRpcmlvLWUtdHJhc3AuLUNyaXN0b2Zvcm9fMjAyMC0yMDIxX1BFTF81NzcyXzItc2NhbGVkLmpwZyIsInNsaWRlc2hvdyI6IjQ0MzJmZjY4In0%3D\" href=\"https:\/\/www.studiolacitta.it\/wp-content\/uploads\/2025\/10\/9_CD-234_Castella_2-Andrea-Mantegna-Martirio-e-trasp.-Cristoforo_2020-2021_PEL_5772_2-scaled.jpg\"><figure class=\"swiper-slide-inner\"><img class=\"swiper-slide-image swiper-lazy\" data-src=\"https:\/\/www.studiolacitta.it\/wp-content\/uploads\/2025\/10\/9_CD-234_Castella_2-Andrea-Mantegna-Martirio-e-trasp.-Cristoforo_2020-2021_PEL_5772_2-scaled.jpg\" alt=\"Vincenzo Castella - 2 - Andrea Mantegna, Martirio e Trasporto di S. Cristoforo, 1448\/1457, Cappella Ovetari, Chiesa degli Eremitani - 2020\/2021 - Studio la Citt\u00e0 - Verona - Contemporary Art\" \/><div class=\"swiper-lazy-preloader\"><\/div><\/figure><\/a><\/div><div class=\"swiper-slide\" role=\"group\" aria-roledescription=\"slide\" aria-label=\"10 of 21\"><a data-elementor-open-lightbox=\"yes\" data-elementor-lightbox-slideshow=\"4432ff68\" data-elementor-lightbox-title=\"3 - Andrea Mantegna, Martirio e Trasporto di S. Cristoforo, 1448\/1457, Cappella Ovetari, Chiesa degli Eremitani, 315x105cm, 2020\/2021\" data-elementor-lightbox-description=\"Stampa a colori su carta kozo 70g | Color print on 70g kozo paper - CD 235\" data-e-action-hash=\"#elementor-action%3Aaction%3Dlightbox%26settings%3DeyJpZCI6MTMxMDIsInVybCI6Imh0dHBzOlwvXC93d3cuc3R1ZGlvbGFjaXR0YS5pdFwvd3AtY29udGVudFwvdXBsb2Fkc1wvMjAyNVwvMTBcLzEwX0NELTIzNV9DYXN0ZWxsYV8zLUFuZHJlYS1NYW50ZWduYS1NYXJ0aXJpby1lLXRyYXNwLi1DcmlzdG9mb3JvLTIwMjAtMjAyMV9QRUxfNTc3Ml8zLXNjYWxlZC5qcGciLCJzbGlkZXNob3ciOiI0NDMyZmY2OCJ9\" href=\"https:\/\/www.studiolacitta.it\/wp-content\/uploads\/2025\/10\/10_CD-235_Castella_3-Andrea-Mantegna-Martirio-e-trasp.-Cristoforo-2020-2021_PEL_5772_3-scaled.jpg\"><figure class=\"swiper-slide-inner\"><img class=\"swiper-slide-image swiper-lazy\" data-src=\"https:\/\/www.studiolacitta.it\/wp-content\/uploads\/2025\/10\/10_CD-235_Castella_3-Andrea-Mantegna-Martirio-e-trasp.-Cristoforo-2020-2021_PEL_5772_3-scaled.jpg\" alt=\"Vincenzo Castella - 3 - Andrea Mantegna, Martirio e Trasporto di S. Cristoforo, 1448\/1457, Cappella Ovetari, Chiesa degli Eremitani - 2020\/2021 - Studio la Citt\u00e0 - Verona - Contemporary Art\" \/><div class=\"swiper-lazy-preloader\"><\/div><\/figure><\/a><\/div><div class=\"swiper-slide\" role=\"group\" aria-roledescription=\"slide\" aria-label=\"11 of 21\"><a data-elementor-open-lightbox=\"yes\" data-elementor-lightbox-slideshow=\"4432ff68\" data-elementor-lightbox-title=\"Orto Botanico. Cavita del Tronco del Platano Orientale, 70x90cm, 2020\/2021\" data-elementor-lightbox-description=\"Stampa a colori su carta kozo 42g | Color print on 42g kozo paper - CD 227\" data-e-action-hash=\"#elementor-action%3Aaction%3Dlightbox%26settings%3DeyJpZCI6MTMxMDMsInVybCI6Imh0dHBzOlwvXC93d3cuc3R1ZGlvbGFjaXR0YS5pdFwvd3AtY29udGVudFwvdXBsb2Fkc1wvMjAyNVwvMTBcLzExX0NELTIyN19DYXN0ZWxsYV9PcnRvLWJvdGFuaWNvLi1DYXZpdGEtZGVsLXRyb25jby1kZWwtUGxhdGFuby1vcmllbnRhbGVfMjAyMC0yMDIxX1BFTF84NTUyLXNjYWxlZC5qcGciLCJzbGlkZXNob3ciOiI0NDMyZmY2OCJ9\" href=\"https:\/\/www.studiolacitta.it\/wp-content\/uploads\/2025\/10\/11_CD-227_Castella_Orto-botanico.-Cavita-del-tronco-del-Platano-orientale_2020-2021_PEL_8552-scaled.jpg\"><figure class=\"swiper-slide-inner\"><img class=\"swiper-slide-image swiper-lazy\" data-src=\"https:\/\/www.studiolacitta.it\/wp-content\/uploads\/2025\/10\/11_CD-227_Castella_Orto-botanico.-Cavita-del-tronco-del-Platano-orientale_2020-2021_PEL_8552-scaled.jpg\" alt=\"Vincenzo Castella - Orto Botanico. Cavita del Tronco del Platano Orientale - 2020\/2021 - Studio la Citt\u00e0 - Verona - Contemporary Art\" \/><div class=\"swiper-lazy-preloader\"><\/div><\/figure><\/a><\/div><div class=\"swiper-slide\" role=\"group\" aria-roledescription=\"slide\" aria-label=\"12 of 21\"><a data-elementor-open-lightbox=\"yes\" data-elementor-lightbox-slideshow=\"4432ff68\" data-elementor-lightbox-title=\"Flowers #1-2 Milano, 67x85cm, 2020\" data-elementor-lightbox-description=\"Stampa a colori su carta kozo 42g | Color print on 42g kozo paper - CD 177\" data-e-action-hash=\"#elementor-action%3Aaction%3Dlightbox%26settings%3DeyJpZCI6MTMxMDQsInVybCI6Imh0dHBzOlwvXC93d3cuc3R1ZGlvbGFjaXR0YS5pdFwvd3AtY29udGVudFwvdXBsb2Fkc1wvMjAyNVwvMTBcLzEyX0NELTE3N19DYXN0ZWxsYV9GbG93ZXJzLTEtMi1NaWxhbm9fMjAyMC1zY2FsZWQuanBnIiwic2xpZGVzaG93IjoiNDQzMmZmNjgifQ%3D%3D\" href=\"https:\/\/www.studiolacitta.it\/wp-content\/uploads\/2025\/10\/12_CD-177_Castella_Flowers-1-2-Milano_2020-scaled.jpg\"><figure class=\"swiper-slide-inner\"><img class=\"swiper-slide-image swiper-lazy\" data-src=\"https:\/\/www.studiolacitta.it\/wp-content\/uploads\/2025\/10\/12_CD-177_Castella_Flowers-1-2-Milano_2020-scaled.jpg\" alt=\"Vincenzo Castella - Flowers #1-2 Milano - 2020 - Studio la Citt\u00e0 - Verona - Contemporary Art\" \/><div class=\"swiper-lazy-preloader\"><\/div><\/figure><\/a><\/div><div class=\"swiper-slide\" role=\"group\" aria-roledescription=\"slide\" aria-label=\"13 of 21\"><a data-elementor-open-lightbox=\"yes\" data-elementor-lightbox-slideshow=\"4432ff68\" data-elementor-lightbox-title=\"Flowers #2-1 Milano, 67x85cm, 2020\" data-elementor-lightbox-description=\"Stampa a colori su carta kozo 42g | Color print on 42g kozo paper - CD 178\" data-e-action-hash=\"#elementor-action%3Aaction%3Dlightbox%26settings%3DeyJpZCI6MTMxMDUsInVybCI6Imh0dHBzOlwvXC93d3cuc3R1ZGlvbGFjaXR0YS5pdFwvd3AtY29udGVudFwvdXBsb2Fkc1wvMjAyNVwvMTBcLzEzX0NELTE3OF9DYXN0ZWxsYV9GbG93ZXJzLTItMS1NaWxhbm9fMjAyMC1zY2FsZWQuanBnIiwic2xpZGVzaG93IjoiNDQzMmZmNjgifQ%3D%3D\" href=\"https:\/\/www.studiolacitta.it\/wp-content\/uploads\/2025\/10\/13_CD-178_Castella_Flowers-2-1-Milano_2020-scaled.jpg\"><figure class=\"swiper-slide-inner\"><img class=\"swiper-slide-image swiper-lazy\" data-src=\"https:\/\/www.studiolacitta.it\/wp-content\/uploads\/2025\/10\/13_CD-178_Castella_Flowers-2-1-Milano_2020-scaled.jpg\" alt=\"Vincenzo Castella - Flowers #2-1 Milano - 2020 - Studio la Citt\u00e0 - Verona - Contemporary Art\" \/><div class=\"swiper-lazy-preloader\"><\/div><\/figure><\/a><\/div><div class=\"swiper-slide\" role=\"group\" aria-roledescription=\"slide\" aria-label=\"14 of 21\"><a data-elementor-open-lightbox=\"yes\" data-elementor-lightbox-slideshow=\"4432ff68\" data-elementor-lightbox-title=\"Flowers #3-1 Milano, 89x112cm, 2020\" data-elementor-lightbox-description=\"Stampa a colori | Color print - CD 179\" data-e-action-hash=\"#elementor-action%3Aaction%3Dlightbox%26settings%3DeyJpZCI6MTMxMDYsInVybCI6Imh0dHBzOlwvXC93d3cuc3R1ZGlvbGFjaXR0YS5pdFwvd3AtY29udGVudFwvdXBsb2Fkc1wvMjAyNVwvMTBcLzE0X0NELTE3OV9DYXN0ZWxsYV9GbG93ZXJzLTMtMS1NaWxhbm9fMjAyMC1zY2FsZWQuanBnIiwic2xpZGVzaG93IjoiNDQzMmZmNjgifQ%3D%3D\" href=\"https:\/\/www.studiolacitta.it\/wp-content\/uploads\/2025\/10\/14_CD-179_Castella_Flowers-3-1-Milano_2020-scaled.jpg\"><figure class=\"swiper-slide-inner\"><img class=\"swiper-slide-image swiper-lazy\" data-src=\"https:\/\/www.studiolacitta.it\/wp-content\/uploads\/2025\/10\/14_CD-179_Castella_Flowers-3-1-Milano_2020-scaled.jpg\" alt=\"Vincenzo Castella - Flowers #3-1 Milano - 2020 - Studio la Citt\u00e0 - Verona - Contemporary Art\" \/><div class=\"swiper-lazy-preloader\"><\/div><\/figure><\/a><\/div><div class=\"swiper-slide\" role=\"group\" aria-roledescription=\"slide\" aria-label=\"15 of 21\"><a data-elementor-open-lightbox=\"yes\" data-elementor-lightbox-slideshow=\"4432ff68\" data-elementor-lightbox-title=\"Flowers #3-2 Milano, 67x85cm, 2020\" data-elementor-lightbox-description=\"Stampa a colori su carta kozo 42g | Color print on 42g kozo paper - CD 180\" data-e-action-hash=\"#elementor-action%3Aaction%3Dlightbox%26settings%3DeyJpZCI6MTMxMDcsInVybCI6Imh0dHBzOlwvXC93d3cuc3R1ZGlvbGFjaXR0YS5pdFwvd3AtY29udGVudFwvdXBsb2Fkc1wvMjAyNVwvMTBcLzE1X0NELTE4MF9DYXN0ZWxsYV9GbG93ZXJzLTMtMi1NSWxhbm9fMjAyMC1zY2FsZWQuanBnIiwic2xpZGVzaG93IjoiNDQzMmZmNjgifQ%3D%3D\" href=\"https:\/\/www.studiolacitta.it\/wp-content\/uploads\/2025\/10\/15_CD-180_Castella_Flowers-3-2-MIlano_2020-scaled.jpg\"><figure class=\"swiper-slide-inner\"><img class=\"swiper-slide-image swiper-lazy\" data-src=\"https:\/\/www.studiolacitta.it\/wp-content\/uploads\/2025\/10\/15_CD-180_Castella_Flowers-3-2-MIlano_2020-scaled.jpg\" alt=\"Vincenzo Castella - Flowers #3-2 Milano - 2020 - Studio la Citt\u00e0 - Verona - Contemporary Art\" \/><div class=\"swiper-lazy-preloader\"><\/div><\/figure><\/a><\/div><div class=\"swiper-slide\" role=\"group\" aria-roledescription=\"slide\" aria-label=\"16 of 21\"><a data-elementor-open-lightbox=\"yes\" data-elementor-lightbox-slideshow=\"4432ff68\" data-elementor-lightbox-title=\"Flowers #3-6 Milano, 89x112cm, 2020\" data-elementor-lightbox-description=\"Stampa a colori | Color print - CD 181\" data-e-action-hash=\"#elementor-action%3Aaction%3Dlightbox%26settings%3DeyJpZCI6MTMxMDgsInVybCI6Imh0dHBzOlwvXC93d3cuc3R1ZGlvbGFjaXR0YS5pdFwvd3AtY29udGVudFwvdXBsb2Fkc1wvMjAyNVwvMTBcLzE2X0NELTE4MV9DYXN0ZWxsYV9GbG93ZXJzLTMtNi1NaWxhbm9fMjAyMC1zY2FsZWQuanBnIiwic2xpZGVzaG93IjoiNDQzMmZmNjgifQ%3D%3D\" href=\"https:\/\/www.studiolacitta.it\/wp-content\/uploads\/2025\/10\/16_CD-181_Castella_Flowers-3-6-Milano_2020-scaled.jpg\"><figure class=\"swiper-slide-inner\"><img class=\"swiper-slide-image swiper-lazy\" data-src=\"https:\/\/www.studiolacitta.it\/wp-content\/uploads\/2025\/10\/16_CD-181_Castella_Flowers-3-6-Milano_2020-scaled.jpg\" alt=\"Vincenzo Castella - Flowers #3-6 Milano - 2020 - Studio la Citt\u00e0 - Verona - Contemporary Art\" \/><div class=\"swiper-lazy-preloader\"><\/div><\/figure><\/a><\/div><div class=\"swiper-slide\" role=\"group\" aria-roledescription=\"slide\" aria-label=\"17 of 21\"><a data-elementor-open-lightbox=\"yes\" data-elementor-lightbox-slideshow=\"4432ff68\" data-elementor-lightbox-title=\"#01 Padova, 53x152cm, 2020\" data-elementor-lightbox-description=\"Stampa a colori | Color print - CD 174\" data-e-action-hash=\"#elementor-action%3Aaction%3Dlightbox%26settings%3DeyJpZCI6MTMxMDksInVybCI6Imh0dHBzOlwvXC93d3cuc3R1ZGlvbGFjaXR0YS5pdFwvd3AtY29udGVudFwvdXBsb2Fkc1wvMjAyNVwvMTBcLzE3X0NELTE3NF9DYXN0ZWxsYV9QYWRvdmEtMDFfMjAyMC1zY2FsZWQuanBnIiwic2xpZGVzaG93IjoiNDQzMmZmNjgifQ%3D%3D\" href=\"https:\/\/www.studiolacitta.it\/wp-content\/uploads\/2025\/10\/17_CD-174_Castella_Padova-01_2020-scaled.jpg\"><figure class=\"swiper-slide-inner\"><img class=\"swiper-slide-image swiper-lazy\" data-src=\"https:\/\/www.studiolacitta.it\/wp-content\/uploads\/2025\/10\/17_CD-174_Castella_Padova-01_2020-scaled.jpg\" alt=\"Vincenzo Castella - #01 Padova - 2020 - Studio la Citt\u00e0 - Verona - Contemporary Art\" \/><div class=\"swiper-lazy-preloader\"><\/div><\/figure><\/a><\/div><div class=\"swiper-slide\" role=\"group\" aria-roledescription=\"slide\" aria-label=\"18 of 21\"><a data-elementor-open-lightbox=\"yes\" data-elementor-lightbox-slideshow=\"4432ff68\" data-elementor-lightbox-title=\"#11.3 Malta, 85,3x110cm, 2011\" data-elementor-lightbox-description=\"Stampa C-print diasec da negativo a colori 11x14&quot; | C-print diasec from 11x14&quot; color negative - CD 063\" data-e-action-hash=\"#elementor-action%3Aaction%3Dlightbox%26settings%3DeyJpZCI6MTMxMTAsInVybCI6Imh0dHBzOlwvXC93d3cuc3R1ZGlvbGFjaXR0YS5pdFwvd3AtY29udGVudFwvdXBsb2Fkc1wvMjAyNVwvMTBcLzE4X0NELTYzX0Nhc3RlbGxhXzExLjMtTUFMVEFfMjAxMS5qcGciLCJzbGlkZXNob3ciOiI0NDMyZmY2OCJ9\" href=\"https:\/\/www.studiolacitta.it\/wp-content\/uploads\/2025\/10\/18_CD-63_Castella_11.3-MALTA_2011.jpg\"><figure class=\"swiper-slide-inner\"><img class=\"swiper-slide-image swiper-lazy\" data-src=\"https:\/\/www.studiolacitta.it\/wp-content\/uploads\/2025\/10\/18_CD-63_Castella_11.3-MALTA_2011.jpg\" alt=\"Vincenzo Castella - #11.3 Malta - 2011 - Studio la Citt\u00e0 - Verona - Contemporary Art\" \/><div class=\"swiper-lazy-preloader\"><\/div><\/figure><\/a><\/div><div class=\"swiper-slide\" role=\"group\" aria-roledescription=\"slide\" aria-label=\"19 of 21\"><a data-elementor-open-lightbox=\"yes\" data-elementor-lightbox-slideshow=\"4432ff68\" data-elementor-lightbox-title=\"Le Havre, 180x300cm, 2009\" data-elementor-lightbox-description=\"Stampa c-print | C-print - CD 033\" data-e-action-hash=\"#elementor-action%3Aaction%3Dlightbox%26settings%3DeyJpZCI6MTMxMTEsInVybCI6Imh0dHBzOlwvXC93d3cuc3R1ZGlvbGFjaXR0YS5pdFwvd3AtY29udGVudFwvdXBsb2Fkc1wvMjAyNVwvMTBcLzE5X0NELTMzX0Nhc3RlbGxhX0xFLUhBVlJFXzIwMDktc2NhbGVkLmpwZyIsInNsaWRlc2hvdyI6IjQ0MzJmZjY4In0%3D\" href=\"https:\/\/www.studiolacitta.it\/wp-content\/uploads\/2025\/10\/19_CD-33_Castella_LE-HAVRE_2009-scaled.jpg\"><figure class=\"swiper-slide-inner\"><img class=\"swiper-slide-image swiper-lazy\" data-src=\"https:\/\/www.studiolacitta.it\/wp-content\/uploads\/2025\/10\/19_CD-33_Castella_LE-HAVRE_2009-scaled.jpg\" alt=\"Vincenzo Castella - Le Havre - 2009 - Studio la Citt\u00e0 - Verona - Contemporary Art\" \/><div class=\"swiper-lazy-preloader\"><\/div><\/figure><\/a><\/div><div class=\"swiper-slide\" role=\"group\" aria-roledescription=\"slide\" aria-label=\"20 of 21\"><a data-elementor-open-lightbox=\"yes\" data-elementor-lightbox-slideshow=\"4432ff68\" data-elementor-lightbox-title=\"#13 Rouen Normandia, 20x25cm, 2008\" data-elementor-lightbox-description=\"Stampa cromogenica  | Chromogenic print - CD 024\" data-e-action-hash=\"#elementor-action%3Aaction%3Dlightbox%26settings%3DeyJpZCI6MTMxMTIsInVybCI6Imh0dHBzOlwvXC93d3cuc3R1ZGlvbGFjaXR0YS5pdFwvd3AtY29udGVudFwvdXBsb2Fkc1wvMjAyNVwvMTBcLzIwX0NELTI0X0Nhc3RlbGxhXzEzLVJPVUVOLU5PUk1BTkRJQV8yMDA4LXNjYWxlZC5qcGciLCJzbGlkZXNob3ciOiI0NDMyZmY2OCJ9\" href=\"https:\/\/www.studiolacitta.it\/wp-content\/uploads\/2025\/10\/20_CD-24_Castella_13-ROUEN-NORMANDIA_2008-scaled.jpg\"><figure class=\"swiper-slide-inner\"><img class=\"swiper-slide-image swiper-lazy\" data-src=\"https:\/\/www.studiolacitta.it\/wp-content\/uploads\/2025\/10\/20_CD-24_Castella_13-ROUEN-NORMANDIA_2008-scaled.jpg\" alt=\"Vincenzo Castella - #13 Rouen Normandia - 2008 - Studio la Citt\u00e0 - Verona - Contemporary Art\" \/><div class=\"swiper-lazy-preloader\"><\/div><\/figure><\/a><\/div><div class=\"swiper-slide\" role=\"group\" aria-roledescription=\"slide\" aria-label=\"21 of 21\"><a data-elementor-open-lightbox=\"yes\" data-elementor-lightbox-slideshow=\"4432ff68\" data-elementor-lightbox-title=\"#04 Napoli, 61x71cm, 2006\" data-elementor-lightbox-description=\"Stampa c-print | C-print - CD 202\" data-e-action-hash=\"#elementor-action%3Aaction%3Dlightbox%26settings%3DeyJpZCI6MTMxMTMsInVybCI6Imh0dHBzOlwvXC93d3cuc3R1ZGlvbGFjaXR0YS5pdFwvd3AtY29udGVudFwvdXBsb2Fkc1wvMjAyNVwvMTBcLzIxX0NELTIwMl9DYXN0ZWxsYV8wNC1OYXBvbGlfMjAwNl82MXg3MS1zY2FsZWQuanBnIiwic2xpZGVzaG93IjoiNDQzMmZmNjgifQ%3D%3D\" href=\"https:\/\/www.studiolacitta.it\/wp-content\/uploads\/2025\/10\/21_CD-202_Castella_04-Napoli_2006_61x71-scaled.jpg\"><figure class=\"swiper-slide-inner\"><img class=\"swiper-slide-image swiper-lazy\" data-src=\"https:\/\/www.studiolacitta.it\/wp-content\/uploads\/2025\/10\/21_CD-202_Castella_04-Napoli_2006_61x71-scaled.jpg\" alt=\"Vincenzo Castella - #04 Napoli - 2006 - Studio la Citt\u00e0 - Verona - Contemporary Art\" \/><div class=\"swiper-lazy-preloader\"><\/div><\/figure><\/a><\/div>\t\t\t<\/div>\n\t\t\t\t\t\t\t\t\t\t\t\t<div class=\"elementor-swiper-button elementor-swiper-button-prev\" role=\"button\" tabindex=\"0\">\n\t\t\t\t\t\t<svg aria-hidden=\"true\" class=\"e-font-icon-svg e-eicon-chevron-left\" viewBox=\"0 0 1000 1000\" xmlns=\"http:\/\/www.w3.org\/2000\/svg\"><path d=\"M646 125C629 125 613 133 604 142L308 442C296 454 292 471 292 487 292 504 296 521 308 533L604 854C617 867 629 875 646 875 663 875 679 871 692 858 704 846 713 829 713 812 713 796 708 779 692 767L438 487 692 225C700 217 708 204 708 187 708 171 704 154 692 142 675 129 663 125 646 125Z\"><\/path><\/svg>\t\t\t\t\t<\/div>\n\t\t\t\t\t<div class=\"elementor-swiper-button elementor-swiper-button-next\" role=\"button\" tabindex=\"0\">\n\t\t\t\t\t\t<svg aria-hidden=\"true\" class=\"e-font-icon-svg e-eicon-chevron-right\" viewBox=\"0 0 1000 1000\" xmlns=\"http:\/\/www.w3.org\/2000\/svg\"><path d=\"M696 533C708 521 713 504 713 487 713 471 708 454 696 446L400 146C388 133 375 125 354 125 338 125 325 129 313 142 300 154 292 171 292 187 292 204 296 221 308 233L563 492 304 771C292 783 288 800 288 817 288 833 296 850 308 863 321 871 338 875 354 875 371 875 388 867 400 854L696 533Z\"><\/path><\/svg>\t\t\t\t\t<\/div>\n\t\t\t\t\n\t\t\t\t\t\t\t\t\t<\/div>\n\t\t\t\t\t\t<\/div>\n\t\t\t\t\t<\/div>\n\t\t\t\t<\/div>\n\t\t<div id=\"e-n-tab-content-17271973552\" role=\"tabpanel\" aria-labelledby=\"e-n-tab-title-17271973552\" data-tab-index=\"2\" style=\"--n-tabs-title-order: 2;\" class=\" elementor-element elementor-element-1ddde805 e-con-full e-flex e-con e-child\" data-id=\"1ddde805\" data-element_type=\"container\" data-e-type=\"container\">\n\t\t\t\t<div class=\"elementor-element elementor-element-17b95b6 elementor-widget elementor-widget-gallery\" data-id=\"17b95b6\" data-element_type=\"widget\" data-e-type=\"widget\" data-settings=\"{&quot;columns&quot;:6,&quot;gap&quot;:{&quot;unit&quot;:&quot;px&quot;,&quot;size&quot;:15,&quot;sizes&quot;:[]},&quot;aspect_ratio&quot;:&quot;1:1&quot;,&quot;lazyload&quot;:&quot;yes&quot;,&quot;gallery_layout&quot;:&quot;grid&quot;,&quot;columns_tablet&quot;:2,&quot;columns_mobile&quot;:1,&quot;gap_tablet&quot;:{&quot;unit&quot;:&quot;px&quot;,&quot;size&quot;:10,&quot;sizes&quot;:[]},&quot;gap_mobile&quot;:{&quot;unit&quot;:&quot;px&quot;,&quot;size&quot;:10,&quot;sizes&quot;:[]},&quot;link_to&quot;:&quot;file&quot;,&quot;overlay_background&quot;:&quot;yes&quot;,&quot;content_hover_animation&quot;:&quot;fade-in&quot;}\" data-widget_type=\"gallery.default\">\n\t\t\t\t\t\t\t\t<div class=\"elementor-gallery__titles-container e--pointer-none\" aria-label=\"Gallery filter\">\n\t\t\t\t\n\t\t\t\t\t\t\t\t\t<a class=\"elementor-item elementor-gallery-title\" role=\"button\" tabindex=\"0\" data-gallery-index=\"0\">\n\t\t\t\t\t\t\t\t\t\t\t<\/a>\n\t\t\t\t\t\t\t\t<\/div>\n\t\t\t\t\t<div class=\"elementor-gallery__container\">\n\t\t\t\t\t\t\t<a class=\"e-gallery-item elementor-gallery-item elementor-animated-content\" data-e-gallery-tags=\"0\" href=\"https:\/\/www.studiolacitta.it\/wp-content\/uploads\/2025\/10\/1_CD-229_Castella_1-Battistero-del-Duomo-XlI-secolo.-Affreschi-Giusto-de_-Menabuoi_2020-2021_PEL_5855_1-scaled.jpg\" data-elementor-open-lightbox=\"yes\" data-elementor-lightbox-slideshow=\"17b95b6\" data-elementor-lightbox-title=\"1 - Battistero del Duomo XlI Secolo. Affreschi: Giusto de&#039; Menabuoi, 315x105cm, 2020\/2021\" data-elementor-lightbox-description=\"Stampa a colori su carta kozo 70g | Color print on 70g kozo paper - CD 229\" data-e-action-hash=\"#elementor-action%3Aaction%3Dlightbox%26settings%3DeyJpZCI6MTMwOTIsInVybCI6Imh0dHBzOlwvXC93d3cuc3R1ZGlvbGFjaXR0YS5pdFwvd3AtY29udGVudFwvdXBsb2Fkc1wvMjAyNVwvMTBcLzFfQ0QtMjI5X0Nhc3RlbGxhXzEtQmF0dGlzdGVyby1kZWwtRHVvbW8tWGxJLXNlY29sby4tQWZmcmVzY2hpLUdpdXN0by1kZV8tTWVuYWJ1b2lfMjAyMC0yMDIxX1BFTF81ODU1XzEtc2NhbGVkLmpwZyIsInNsaWRlc2hvdyI6IjE3Yjk1YjYifQ%3D%3D\">\n\t\t\t\t\t<div class=\"e-gallery-image elementor-gallery-item__image\" data-thumbnail=\"https:\/\/www.studiolacitta.it\/wp-content\/uploads\/2025\/10\/1_CD-229_Castella_1-Battistero-del-Duomo-XlI-secolo.-Affreschi-Giusto-de_-Menabuoi_2020-2021_PEL_5855_1-768x1152.jpg\" data-width=\"768\" data-height=\"1152\" aria-label=\"Vincenzo Castella - 1 - Battistero del Duomo XlI Secolo. Affreschi: Giusto de&#039; Menabuoi - 2020\/2021 - Studio la Citt\u00e0 - Verona - Contemporary Art\" role=\"img\" ><\/div>\n\t\t\t\t\t\t\t\t\t\t\t<div class=\"elementor-gallery-item__overlay\"><\/div>\n\t\t\t\t\t\t\t\t\t\t\t\t\t\t<\/a>\n\t\t\t\t\t\t\t<a class=\"e-gallery-item elementor-gallery-item elementor-animated-content\" data-e-gallery-tags=\"0\" href=\"https:\/\/www.studiolacitta.it\/wp-content\/uploads\/2025\/10\/2_CD-230_Castella_2-Battistero-del-Duomo-XlI-secolo.-Affreschi-Giusto-de_-Menabuoi_2020-2021_PEL_5855_2-scaled.jpg\" data-elementor-open-lightbox=\"yes\" data-elementor-lightbox-slideshow=\"17b95b6\" data-elementor-lightbox-title=\"2 - Battistero del Duomo XlI Secolo. Affreschi: Giusto de&#039; Menabuoi, 315x105cm, 2020\/2021\" data-elementor-lightbox-description=\"Stampa a colori su carta kozo 70g | Color print on 70g kozo paper - CD 230\" data-e-action-hash=\"#elementor-action%3Aaction%3Dlightbox%26settings%3DeyJpZCI6MTMwOTQsInVybCI6Imh0dHBzOlwvXC93d3cuc3R1ZGlvbGFjaXR0YS5pdFwvd3AtY29udGVudFwvdXBsb2Fkc1wvMjAyNVwvMTBcLzJfQ0QtMjMwX0Nhc3RlbGxhXzItQmF0dGlzdGVyby1kZWwtRHVvbW8tWGxJLXNlY29sby4tQWZmcmVzY2hpLUdpdXN0by1kZV8tTWVuYWJ1b2lfMjAyMC0yMDIxX1BFTF81ODU1XzItc2NhbGVkLmpwZyIsInNsaWRlc2hvdyI6IjE3Yjk1YjYifQ%3D%3D\">\n\t\t\t\t\t<div class=\"e-gallery-image elementor-gallery-item__image\" data-thumbnail=\"https:\/\/www.studiolacitta.it\/wp-content\/uploads\/2025\/10\/2_CD-230_Castella_2-Battistero-del-Duomo-XlI-secolo.-Affreschi-Giusto-de_-Menabuoi_2020-2021_PEL_5855_2-768x1152.jpg\" data-width=\"768\" data-height=\"1152\" aria-label=\"Vincenzo Castella - 2 - Battistero del Duomo XlI Secolo. Affreschi: Giusto de&#039; Menabuoi - 2020\/2021 - Studio la Citt\u00e0 - Verona - Contemporary Art\" role=\"img\" ><\/div>\n\t\t\t\t\t\t\t\t\t\t\t<div class=\"elementor-gallery-item__overlay\"><\/div>\n\t\t\t\t\t\t\t\t\t\t\t\t\t\t<\/a>\n\t\t\t\t\t\t\t<a class=\"e-gallery-item elementor-gallery-item elementor-animated-content\" data-e-gallery-tags=\"0\" href=\"https:\/\/www.studiolacitta.it\/wp-content\/uploads\/2025\/10\/3_CD-231_Castella_3-Battistero-del-Duomo-XlI-secolo.-Affreschi-Giusto-de_-Menabuoi_2020-2021_PEL_5855_3-scaled.jpg\" data-elementor-open-lightbox=\"yes\" data-elementor-lightbox-slideshow=\"17b95b6\" data-elementor-lightbox-title=\"3 - Battistero del Duomo XlI Secolo. Affreschi: Giusto de&#039; Menabuoi, 315x105cm, 2020\/2021\" data-elementor-lightbox-description=\"Stampa a colori su carta kozo 70g | Color print on 70g kozo paper - CD 231\" data-e-action-hash=\"#elementor-action%3Aaction%3Dlightbox%26settings%3DeyJpZCI6MTMwOTUsInVybCI6Imh0dHBzOlwvXC93d3cuc3R1ZGlvbGFjaXR0YS5pdFwvd3AtY29udGVudFwvdXBsb2Fkc1wvMjAyNVwvMTBcLzNfQ0QtMjMxX0Nhc3RlbGxhXzMtQmF0dGlzdGVyby1kZWwtRHVvbW8tWGxJLXNlY29sby4tQWZmcmVzY2hpLUdpdXN0by1kZV8tTWVuYWJ1b2lfMjAyMC0yMDIxX1BFTF81ODU1XzMtc2NhbGVkLmpwZyIsInNsaWRlc2hvdyI6IjE3Yjk1YjYifQ%3D%3D\">\n\t\t\t\t\t<div class=\"e-gallery-image elementor-gallery-item__image\" data-thumbnail=\"https:\/\/www.studiolacitta.it\/wp-content\/uploads\/2025\/10\/3_CD-231_Castella_3-Battistero-del-Duomo-XlI-secolo.-Affreschi-Giusto-de_-Menabuoi_2020-2021_PEL_5855_3-768x1152.jpg\" data-width=\"768\" data-height=\"1152\" aria-label=\"Vincenzo Castella - 3 - Battistero del Duomo XlI Secolo. Affreschi: Giusto de&#039; Menabuoi - 2020\/2021 - Studio la Citt\u00e0 - Verona - Contemporary Art\" role=\"img\" ><\/div>\n\t\t\t\t\t\t\t\t\t\t\t<div class=\"elementor-gallery-item__overlay\"><\/div>\n\t\t\t\t\t\t\t\t\t\t\t\t\t\t<\/a>\n\t\t\t\t\t\t\t<a class=\"e-gallery-item elementor-gallery-item elementor-animated-content\" data-e-gallery-tags=\"0\" href=\"https:\/\/www.studiolacitta.it\/wp-content\/uploads\/2025\/10\/4_CD-210_Castella_Museo-di-Geologia-e-Paleontologia-Palazzo-Cavalli.-Palme-fossili_2020-2021_PEL_8540-scaled.jpg\" data-elementor-open-lightbox=\"yes\" data-elementor-lightbox-slideshow=\"17b95b6\" data-elementor-lightbox-title=\"Museo di Geologia e Paleontologia, Palazzo-Cavalli. Palme fossili, 37x70x4cm, 2020\/2021\" data-elementor-lightbox-description=\"Stampa a colori su carta kozo | Color printing Kozo paper - CD 210\" data-e-action-hash=\"#elementor-action%3Aaction%3Dlightbox%26settings%3DeyJpZCI6MTMwOTYsInVybCI6Imh0dHBzOlwvXC93d3cuc3R1ZGlvbGFjaXR0YS5pdFwvd3AtY29udGVudFwvdXBsb2Fkc1wvMjAyNVwvMTBcLzRfQ0QtMjEwX0Nhc3RlbGxhX011c2VvLWRpLUdlb2xvZ2lhLWUtUGFsZW9udG9sb2dpYS1QYWxhenpvLUNhdmFsbGkuLVBhbG1lLWZvc3NpbGlfMjAyMC0yMDIxX1BFTF84NTQwLXNjYWxlZC5qcGciLCJzbGlkZXNob3ciOiIxN2I5NWI2In0%3D\">\n\t\t\t\t\t<div class=\"e-gallery-image elementor-gallery-item__image\" data-thumbnail=\"https:\/\/www.studiolacitta.it\/wp-content\/uploads\/2025\/10\/4_CD-210_Castella_Museo-di-Geologia-e-Paleontologia-Palazzo-Cavalli.-Palme-fossili_2020-2021_PEL_8540-768x512.jpg\" data-width=\"768\" data-height=\"512\" aria-label=\"Vincenzo Castella - Museo di Geologia e Paleontologia, Palazzo-Cavalli. Palme fossili - 2020\/2021 - Studio la Citt\u00e0 - Verona - Contemporary Art\" role=\"img\" ><\/div>\n\t\t\t\t\t\t\t\t\t\t\t<div class=\"elementor-gallery-item__overlay\"><\/div>\n\t\t\t\t\t\t\t\t\t\t\t\t\t\t<\/a>\n\t\t\t\t\t\t\t<a class=\"e-gallery-item elementor-gallery-item elementor-animated-content\" data-e-gallery-tags=\"0\" href=\"https:\/\/www.studiolacitta.it\/wp-content\/uploads\/2025\/10\/5_CD-220_Castella_Orto-botanico.-Scorcio-della-Serra-Tropicale_2020-2021_PEL_5783-scaled.jpg\" data-elementor-open-lightbox=\"yes\" data-elementor-lightbox-slideshow=\"17b95b6\" data-elementor-lightbox-title=\"Orto botanico, Scorcio della Serra Tropicale, 50x150cm, 2020\/2021\" data-elementor-lightbox-description=\"Stampa a colori su carta kozo 42g | Color printing on 42g Kozo paper - CD 220\" data-e-action-hash=\"#elementor-action%3Aaction%3Dlightbox%26settings%3DeyJpZCI6MTMwOTcsInVybCI6Imh0dHBzOlwvXC93d3cuc3R1ZGlvbGFjaXR0YS5pdFwvd3AtY29udGVudFwvdXBsb2Fkc1wvMjAyNVwvMTBcLzVfQ0QtMjIwX0Nhc3RlbGxhX09ydG8tYm90YW5pY28uLVNjb3JjaW8tZGVsbGEtU2VycmEtVHJvcGljYWxlXzIwMjAtMjAyMV9QRUxfNTc4My1zY2FsZWQuanBnIiwic2xpZGVzaG93IjoiMTdiOTViNiJ9\">\n\t\t\t\t\t<div class=\"e-gallery-image elementor-gallery-item__image\" data-thumbnail=\"https:\/\/www.studiolacitta.it\/wp-content\/uploads\/2025\/10\/5_CD-220_Castella_Orto-botanico.-Scorcio-della-Serra-Tropicale_2020-2021_PEL_5783-768x512.jpg\" data-width=\"768\" data-height=\"512\" aria-label=\"Vincenzo Castella - Orto botanico, Scorcio della Serra Tropicale - 2020\/2021 - Studiamo la Citt\u00e0 - Verona - Contemporary Art\" role=\"img\" ><\/div>\n\t\t\t\t\t\t\t\t\t\t\t<div class=\"elementor-gallery-item__overlay\"><\/div>\n\t\t\t\t\t\t\t\t\t\t\t\t\t\t<\/a>\n\t\t\t\t\t\t\t<a class=\"e-gallery-item elementor-gallery-item elementor-animated-content\" data-e-gallery-tags=\"0\" href=\"https:\/\/www.studiolacitta.it\/wp-content\/uploads\/2025\/10\/6_CD-222_Castella_Villa-e-Parco-Pisani-Stra-1721-1756-Architetti-G.-Frigimelica-e-F_2020-2021_PEL_5801-scaled.jpg\" data-elementor-open-lightbox=\"yes\" data-elementor-lightbox-slideshow=\"17b95b6\" data-elementor-lightbox-title=\"Villa e Parco Pisani, Stra 1721\/1756, Architetti: G. Frigimelica e F. M. Preti, 50x150cm, 2020\/2021\" data-elementor-lightbox-description=\"Stampa a colori su carta kozo 42g | Color print on 42g kozo paper - CD 222\" data-e-action-hash=\"#elementor-action%3Aaction%3Dlightbox%26settings%3DeyJpZCI6MTMwOTgsInVybCI6Imh0dHBzOlwvXC93d3cuc3R1ZGlvbGFjaXR0YS5pdFwvd3AtY29udGVudFwvdXBsb2Fkc1wvMjAyNVwvMTBcLzZfQ0QtMjIyX0Nhc3RlbGxhX1ZpbGxhLWUtUGFyY28tUGlzYW5pLVN0cmEtMTcyMS0xNzU2LUFyY2hpdGV0dGktRy4tRnJpZ2ltZWxpY2EtZS1GXzIwMjAtMjAyMV9QRUxfNTgwMS1zY2FsZWQuanBnIiwic2xpZGVzaG93IjoiMTdiOTViNiJ9\">\n\t\t\t\t\t<div class=\"e-gallery-image elementor-gallery-item__image\" data-thumbnail=\"https:\/\/www.studiolacitta.it\/wp-content\/uploads\/2025\/10\/6_CD-222_Castella_Villa-e-Parco-Pisani-Stra-1721-1756-Architetti-G.-Frigimelica-e-F_2020-2021_PEL_5801-768x512.jpg\" data-width=\"768\" data-height=\"512\" aria-label=\"Vincenzo Castella - Villa e Parco Pisani, Stra 1721\/1756, Architetti: G. Frigimelica e F. M. Preti - 2020\/2021 - Studio la Citt\u00e0 - Verona - Contemporary Art\" role=\"img\" ><\/div>\n\t\t\t\t\t\t\t\t\t\t\t<div class=\"elementor-gallery-item__overlay\"><\/div>\n\t\t\t\t\t\t\t\t\t\t\t\t\t\t<\/a>\n\t\t\t\t\t\t\t<a class=\"e-gallery-item elementor-gallery-item elementor-animated-content\" data-e-gallery-tags=\"0\" href=\"https:\/\/www.studiolacitta.it\/wp-content\/uploads\/2025\/10\/7_CD-225_Castella_Orto-botanico.-Fra-Aloe-sanseverie-ed-euforbie-della-Serra_2020-2021_PEL_5931-scaled.jpg\" data-elementor-open-lightbox=\"yes\" data-elementor-lightbox-slideshow=\"17b95b6\" data-elementor-lightbox-title=\"Orto Botanico. Fra Aloe Sanseverie ed Euforbie della Serra Arida Africana, 54x70cm, 2020\/2021\" data-elementor-lightbox-description=\"Stampa a colori su carta kozo 42g | Color print on 42g kozo paper - CD 225\" data-e-action-hash=\"#elementor-action%3Aaction%3Dlightbox%26settings%3DeyJpZCI6MTMwOTksInVybCI6Imh0dHBzOlwvXC93d3cuc3R1ZGlvbGFjaXR0YS5pdFwvd3AtY29udGVudFwvdXBsb2Fkc1wvMjAyNVwvMTBcLzdfQ0QtMjI1X0Nhc3RlbGxhX09ydG8tYm90YW5pY28uLUZyYS1BbG9lLXNhbnNldmVyaWUtZWQtZXVmb3JiaWUtZGVsbGEtU2VycmFfMjAyMC0yMDIxX1BFTF81OTMxLXNjYWxlZC5qcGciLCJzbGlkZXNob3ciOiIxN2I5NWI2In0%3D\">\n\t\t\t\t\t<div class=\"e-gallery-image elementor-gallery-item__image\" data-thumbnail=\"https:\/\/www.studiolacitta.it\/wp-content\/uploads\/2025\/10\/7_CD-225_Castella_Orto-botanico.-Fra-Aloe-sanseverie-ed-euforbie-della-Serra_2020-2021_PEL_5931-768x1152.jpg\" data-width=\"768\" data-height=\"1152\" aria-label=\"Vincenzo Castella - Orto Botanico. Fra Aloe Sanseverie ed Euforbie della Serra Arida Africana - 2020\/2021 - Studio la Citt\u00e0 - Verona - Contemporary Art\" role=\"img\" ><\/div>\n\t\t\t\t\t\t\t\t\t\t\t<div class=\"elementor-gallery-item__overlay\"><\/div>\n\t\t\t\t\t\t\t\t\t\t\t\t\t\t<\/a>\n\t\t\t\t\t\t\t<a class=\"e-gallery-item elementor-gallery-item elementor-animated-content\" data-e-gallery-tags=\"0\" href=\"https:\/\/www.studiolacitta.it\/wp-content\/uploads\/2025\/10\/8_CD-233_Castella_1-Andrea-Mantegna-Martirio-e-trasp.-Cristoforo_2020-2021_PEL_5772_1-scaled.jpg\" data-elementor-open-lightbox=\"yes\" data-elementor-lightbox-slideshow=\"17b95b6\" data-elementor-lightbox-title=\"1 - Andrea Mantegna, Martirio e Trasporto di S. Cristoforo, 1448\/1457, Cappella Ovetari, Chiesa degli Eremitani, 315x105cm, 2020\/2021\" data-elementor-lightbox-description=\"Stampa a colori su carta kozo 70g | Color print on 70g kozo paper - CD 233\" data-e-action-hash=\"#elementor-action%3Aaction%3Dlightbox%26settings%3DeyJpZCI6MTMxMDAsInVybCI6Imh0dHBzOlwvXC93d3cuc3R1ZGlvbGFjaXR0YS5pdFwvd3AtY29udGVudFwvdXBsb2Fkc1wvMjAyNVwvMTBcLzhfQ0QtMjMzX0Nhc3RlbGxhXzEtQW5kcmVhLU1hbnRlZ25hLU1hcnRpcmlvLWUtdHJhc3AuLUNyaXN0b2Zvcm9fMjAyMC0yMDIxX1BFTF81NzcyXzEtc2NhbGVkLmpwZyIsInNsaWRlc2hvdyI6IjE3Yjk1YjYifQ%3D%3D\">\n\t\t\t\t\t<div class=\"e-gallery-image elementor-gallery-item__image\" data-thumbnail=\"https:\/\/www.studiolacitta.it\/wp-content\/uploads\/2025\/10\/8_CD-233_Castella_1-Andrea-Mantegna-Martirio-e-trasp.-Cristoforo_2020-2021_PEL_5772_1-768x1152.jpg\" data-width=\"768\" data-height=\"1152\" aria-label=\"Vincenzo Castella - 1 - Andrea Mantegna, Martirio e Trasporto di S. Cristoforo, 1448\/1457, Cappella Ovetari, Chiesa degli Eremitani - 2020\/2021 - Studio la Citt\u00e0 - Verona - Contemporary Art\" role=\"img\" ><\/div>\n\t\t\t\t\t\t\t\t\t\t\t<div class=\"elementor-gallery-item__overlay\"><\/div>\n\t\t\t\t\t\t\t\t\t\t\t\t\t\t<\/a>\n\t\t\t\t\t\t\t<a class=\"e-gallery-item elementor-gallery-item elementor-animated-content\" data-e-gallery-tags=\"0\" href=\"https:\/\/www.studiolacitta.it\/wp-content\/uploads\/2025\/10\/9_CD-234_Castella_2-Andrea-Mantegna-Martirio-e-trasp.-Cristoforo_2020-2021_PEL_5772_2-scaled.jpg\" data-elementor-open-lightbox=\"yes\" data-elementor-lightbox-slideshow=\"17b95b6\" data-elementor-lightbox-title=\"2 - Andrea Mantegna, Martirio e Trasporto di S. Cristoforo, 1448\/1457, Cappella Ovetari, Chiesa degli Eremitani, 315x105cm, 2020\/2021\" data-elementor-lightbox-description=\"Stampa a colori su carta kozo 70g | Color print on 70g kozo paper - CD 234\" data-e-action-hash=\"#elementor-action%3Aaction%3Dlightbox%26settings%3DeyJpZCI6MTMxMDEsInVybCI6Imh0dHBzOlwvXC93d3cuc3R1ZGlvbGFjaXR0YS5pdFwvd3AtY29udGVudFwvdXBsb2Fkc1wvMjAyNVwvMTBcLzlfQ0QtMjM0X0Nhc3RlbGxhXzItQW5kcmVhLU1hbnRlZ25hLU1hcnRpcmlvLWUtdHJhc3AuLUNyaXN0b2Zvcm9fMjAyMC0yMDIxX1BFTF81NzcyXzItc2NhbGVkLmpwZyIsInNsaWRlc2hvdyI6IjE3Yjk1YjYifQ%3D%3D\">\n\t\t\t\t\t<div class=\"e-gallery-image elementor-gallery-item__image\" data-thumbnail=\"https:\/\/www.studiolacitta.it\/wp-content\/uploads\/2025\/10\/9_CD-234_Castella_2-Andrea-Mantegna-Martirio-e-trasp.-Cristoforo_2020-2021_PEL_5772_2-768x1152.jpg\" data-width=\"768\" data-height=\"1152\" aria-label=\"Vincenzo Castella - 2 - Andrea Mantegna, Martirio e Trasporto di S. Cristoforo, 1448\/1457, Cappella Ovetari, Chiesa degli Eremitani - 2020\/2021 - Studio la Citt\u00e0 - Verona - Contemporary Art\" role=\"img\" ><\/div>\n\t\t\t\t\t\t\t\t\t\t\t<div class=\"elementor-gallery-item__overlay\"><\/div>\n\t\t\t\t\t\t\t\t\t\t\t\t\t\t<\/a>\n\t\t\t\t\t\t\t<a class=\"e-gallery-item elementor-gallery-item elementor-animated-content\" data-e-gallery-tags=\"0\" href=\"https:\/\/www.studiolacitta.it\/wp-content\/uploads\/2025\/10\/10_CD-235_Castella_3-Andrea-Mantegna-Martirio-e-trasp.-Cristoforo-2020-2021_PEL_5772_3-scaled.jpg\" data-elementor-open-lightbox=\"yes\" data-elementor-lightbox-slideshow=\"17b95b6\" data-elementor-lightbox-title=\"3 - Andrea Mantegna, Martirio e Trasporto di S. Cristoforo, 1448\/1457, Cappella Ovetari, Chiesa degli Eremitani, 315x105cm, 2020\/2021\" data-elementor-lightbox-description=\"Stampa a colori su carta kozo 70g | Color print on 70g kozo paper - CD 235\" data-e-action-hash=\"#elementor-action%3Aaction%3Dlightbox%26settings%3DeyJpZCI6MTMxMDIsInVybCI6Imh0dHBzOlwvXC93d3cuc3R1ZGlvbGFjaXR0YS5pdFwvd3AtY29udGVudFwvdXBsb2Fkc1wvMjAyNVwvMTBcLzEwX0NELTIzNV9DYXN0ZWxsYV8zLUFuZHJlYS1NYW50ZWduYS1NYXJ0aXJpby1lLXRyYXNwLi1DcmlzdG9mb3JvLTIwMjAtMjAyMV9QRUxfNTc3Ml8zLXNjYWxlZC5qcGciLCJzbGlkZXNob3ciOiIxN2I5NWI2In0%3D\">\n\t\t\t\t\t<div class=\"e-gallery-image elementor-gallery-item__image\" data-thumbnail=\"https:\/\/www.studiolacitta.it\/wp-content\/uploads\/2025\/10\/10_CD-235_Castella_3-Andrea-Mantegna-Martirio-e-trasp.-Cristoforo-2020-2021_PEL_5772_3-768x1152.jpg\" data-width=\"768\" data-height=\"1152\" aria-label=\"Vincenzo Castella - 3 - Andrea Mantegna, Martirio e Trasporto di S. Cristoforo, 1448\/1457, Cappella Ovetari, Chiesa degli Eremitani - 2020\/2021 - Studio la Citt\u00e0 - Verona - Contemporary Art\" role=\"img\" ><\/div>\n\t\t\t\t\t\t\t\t\t\t\t<div class=\"elementor-gallery-item__overlay\"><\/div>\n\t\t\t\t\t\t\t\t\t\t\t\t\t\t<\/a>\n\t\t\t\t\t\t\t<a class=\"e-gallery-item elementor-gallery-item elementor-animated-content\" data-e-gallery-tags=\"0\" href=\"https:\/\/www.studiolacitta.it\/wp-content\/uploads\/2025\/10\/11_CD-227_Castella_Orto-botanico.-Cavita-del-tronco-del-Platano-orientale_2020-2021_PEL_8552-scaled.jpg\" data-elementor-open-lightbox=\"yes\" data-elementor-lightbox-slideshow=\"17b95b6\" data-elementor-lightbox-title=\"Orto Botanico. Cavita del Tronco del Platano Orientale, 70x90cm, 2020\/2021\" data-elementor-lightbox-description=\"Stampa a colori su carta kozo 42g | Color print on 42g kozo paper - CD 227\" data-e-action-hash=\"#elementor-action%3Aaction%3Dlightbox%26settings%3DeyJpZCI6MTMxMDMsInVybCI6Imh0dHBzOlwvXC93d3cuc3R1ZGlvbGFjaXR0YS5pdFwvd3AtY29udGVudFwvdXBsb2Fkc1wvMjAyNVwvMTBcLzExX0NELTIyN19DYXN0ZWxsYV9PcnRvLWJvdGFuaWNvLi1DYXZpdGEtZGVsLXRyb25jby1kZWwtUGxhdGFuby1vcmllbnRhbGVfMjAyMC0yMDIxX1BFTF84NTUyLXNjYWxlZC5qcGciLCJzbGlkZXNob3ciOiIxN2I5NWI2In0%3D\">\n\t\t\t\t\t<div class=\"e-gallery-image elementor-gallery-item__image\" data-thumbnail=\"https:\/\/www.studiolacitta.it\/wp-content\/uploads\/2025\/10\/11_CD-227_Castella_Orto-botanico.-Cavita-del-tronco-del-Platano-orientale_2020-2021_PEL_8552-768x512.jpg\" data-width=\"768\" data-height=\"512\" aria-label=\"Vincenzo Castella - Orto Botanico. Cavita del Tronco del Platano Orientale - 2020\/2021 - Studio la Citt\u00e0 - Verona - Contemporary Art\" role=\"img\" ><\/div>\n\t\t\t\t\t\t\t\t\t\t\t<div class=\"elementor-gallery-item__overlay\"><\/div>\n\t\t\t\t\t\t\t\t\t\t\t\t\t\t<\/a>\n\t\t\t\t\t\t\t<a class=\"e-gallery-item elementor-gallery-item elementor-animated-content\" data-e-gallery-tags=\"0\" href=\"https:\/\/www.studiolacitta.it\/wp-content\/uploads\/2025\/10\/12_CD-177_Castella_Flowers-1-2-Milano_2020-scaled.jpg\" data-elementor-open-lightbox=\"yes\" data-elementor-lightbox-slideshow=\"17b95b6\" data-elementor-lightbox-title=\"Flowers #1-2 Milano, 67x85cm, 2020\" data-elementor-lightbox-description=\"Stampa a colori su carta kozo 42g | Color print on 42g kozo paper - CD 177\" data-e-action-hash=\"#elementor-action%3Aaction%3Dlightbox%26settings%3DeyJpZCI6MTMxMDQsInVybCI6Imh0dHBzOlwvXC93d3cuc3R1ZGlvbGFjaXR0YS5pdFwvd3AtY29udGVudFwvdXBsb2Fkc1wvMjAyNVwvMTBcLzEyX0NELTE3N19DYXN0ZWxsYV9GbG93ZXJzLTEtMi1NaWxhbm9fMjAyMC1zY2FsZWQuanBnIiwic2xpZGVzaG93IjoiMTdiOTViNiJ9\">\n\t\t\t\t\t<div class=\"e-gallery-image elementor-gallery-item__image\" data-thumbnail=\"https:\/\/www.studiolacitta.it\/wp-content\/uploads\/2025\/10\/12_CD-177_Castella_Flowers-1-2-Milano_2020-768x512.jpg\" data-width=\"768\" data-height=\"512\" aria-label=\"Vincenzo Castella - Flowers #1-2 Milano - 2020 - Studio la Citt\u00e0 - Verona - Contemporary Art\" role=\"img\" ><\/div>\n\t\t\t\t\t\t\t\t\t\t\t<div class=\"elementor-gallery-item__overlay\"><\/div>\n\t\t\t\t\t\t\t\t\t\t\t\t\t\t<\/a>\n\t\t\t\t\t\t\t<a class=\"e-gallery-item elementor-gallery-item elementor-animated-content\" data-e-gallery-tags=\"0\" href=\"https:\/\/www.studiolacitta.it\/wp-content\/uploads\/2025\/10\/13_CD-178_Castella_Flowers-2-1-Milano_2020-scaled.jpg\" data-elementor-open-lightbox=\"yes\" data-elementor-lightbox-slideshow=\"17b95b6\" data-elementor-lightbox-title=\"Flowers #2-1 Milano, 67x85cm, 2020\" data-elementor-lightbox-description=\"Stampa a colori su carta kozo 42g | Color print on 42g kozo paper - CD 178\" data-e-action-hash=\"#elementor-action%3Aaction%3Dlightbox%26settings%3DeyJpZCI6MTMxMDUsInVybCI6Imh0dHBzOlwvXC93d3cuc3R1ZGlvbGFjaXR0YS5pdFwvd3AtY29udGVudFwvdXBsb2Fkc1wvMjAyNVwvMTBcLzEzX0NELTE3OF9DYXN0ZWxsYV9GbG93ZXJzLTItMS1NaWxhbm9fMjAyMC1zY2FsZWQuanBnIiwic2xpZGVzaG93IjoiMTdiOTViNiJ9\">\n\t\t\t\t\t<div class=\"e-gallery-image elementor-gallery-item__image\" data-thumbnail=\"https:\/\/www.studiolacitta.it\/wp-content\/uploads\/2025\/10\/13_CD-178_Castella_Flowers-2-1-Milano_2020-768x512.jpg\" data-width=\"768\" data-height=\"512\" aria-label=\"Vincenzo Castella - Flowers #2-1 Milano - 2020 - Studio la Citt\u00e0 - Verona - Contemporary Art\" role=\"img\" ><\/div>\n\t\t\t\t\t\t\t\t\t\t\t<div class=\"elementor-gallery-item__overlay\"><\/div>\n\t\t\t\t\t\t\t\t\t\t\t\t\t\t<\/a>\n\t\t\t\t\t\t\t<a class=\"e-gallery-item elementor-gallery-item elementor-animated-content\" data-e-gallery-tags=\"0\" href=\"https:\/\/www.studiolacitta.it\/wp-content\/uploads\/2025\/10\/14_CD-179_Castella_Flowers-3-1-Milano_2020-scaled.jpg\" data-elementor-open-lightbox=\"yes\" data-elementor-lightbox-slideshow=\"17b95b6\" data-elementor-lightbox-title=\"Flowers #3-1 Milano, 89x112cm, 2020\" data-elementor-lightbox-description=\"Stampa a colori | Color print - CD 179\" data-e-action-hash=\"#elementor-action%3Aaction%3Dlightbox%26settings%3DeyJpZCI6MTMxMDYsInVybCI6Imh0dHBzOlwvXC93d3cuc3R1ZGlvbGFjaXR0YS5pdFwvd3AtY29udGVudFwvdXBsb2Fkc1wvMjAyNVwvMTBcLzE0X0NELTE3OV9DYXN0ZWxsYV9GbG93ZXJzLTMtMS1NaWxhbm9fMjAyMC1zY2FsZWQuanBnIiwic2xpZGVzaG93IjoiMTdiOTViNiJ9\">\n\t\t\t\t\t<div class=\"e-gallery-image elementor-gallery-item__image\" data-thumbnail=\"https:\/\/www.studiolacitta.it\/wp-content\/uploads\/2025\/10\/14_CD-179_Castella_Flowers-3-1-Milano_2020-768x512.jpg\" data-width=\"768\" data-height=\"512\" aria-label=\"Vincenzo Castella - Flowers #3-1 Milano - 2020 - Studio la Citt\u00e0 - Verona - Contemporary Art\" role=\"img\" ><\/div>\n\t\t\t\t\t\t\t\t\t\t\t<div class=\"elementor-gallery-item__overlay\"><\/div>\n\t\t\t\t\t\t\t\t\t\t\t\t\t\t<\/a>\n\t\t\t\t\t\t\t<a class=\"e-gallery-item elementor-gallery-item elementor-animated-content\" data-e-gallery-tags=\"0\" href=\"https:\/\/www.studiolacitta.it\/wp-content\/uploads\/2025\/10\/15_CD-180_Castella_Flowers-3-2-MIlano_2020-scaled.jpg\" data-elementor-open-lightbox=\"yes\" data-elementor-lightbox-slideshow=\"17b95b6\" data-elementor-lightbox-title=\"Flowers #3-2 Milano, 67x85cm, 2020\" data-elementor-lightbox-description=\"Stampa a colori su carta kozo 42g | Color print on 42g kozo paper - CD 180\" data-e-action-hash=\"#elementor-action%3Aaction%3Dlightbox%26settings%3DeyJpZCI6MTMxMDcsInVybCI6Imh0dHBzOlwvXC93d3cuc3R1ZGlvbGFjaXR0YS5pdFwvd3AtY29udGVudFwvdXBsb2Fkc1wvMjAyNVwvMTBcLzE1X0NELTE4MF9DYXN0ZWxsYV9GbG93ZXJzLTMtMi1NSWxhbm9fMjAyMC1zY2FsZWQuanBnIiwic2xpZGVzaG93IjoiMTdiOTViNiJ9\">\n\t\t\t\t\t<div class=\"e-gallery-image elementor-gallery-item__image\" data-thumbnail=\"https:\/\/www.studiolacitta.it\/wp-content\/uploads\/2025\/10\/15_CD-180_Castella_Flowers-3-2-MIlano_2020-768x512.jpg\" data-width=\"768\" data-height=\"512\" aria-label=\"Vincenzo Castella - Flowers #3-2 Milano - 2020 - Studio la Citt\u00e0 - Verona - Contemporary Art\" role=\"img\" ><\/div>\n\t\t\t\t\t\t\t\t\t\t\t<div class=\"elementor-gallery-item__overlay\"><\/div>\n\t\t\t\t\t\t\t\t\t\t\t\t\t\t<\/a>\n\t\t\t\t\t\t\t<a class=\"e-gallery-item elementor-gallery-item elementor-animated-content\" data-e-gallery-tags=\"0\" href=\"https:\/\/www.studiolacitta.it\/wp-content\/uploads\/2025\/10\/16_CD-181_Castella_Flowers-3-6-Milano_2020-scaled.jpg\" data-elementor-open-lightbox=\"yes\" data-elementor-lightbox-slideshow=\"17b95b6\" data-elementor-lightbox-title=\"Flowers #3-6 Milano, 89x112cm, 2020\" data-elementor-lightbox-description=\"Stampa a colori | Color print - CD 181\" data-e-action-hash=\"#elementor-action%3Aaction%3Dlightbox%26settings%3DeyJpZCI6MTMxMDgsInVybCI6Imh0dHBzOlwvXC93d3cuc3R1ZGlvbGFjaXR0YS5pdFwvd3AtY29udGVudFwvdXBsb2Fkc1wvMjAyNVwvMTBcLzE2X0NELTE4MV9DYXN0ZWxsYV9GbG93ZXJzLTMtNi1NaWxhbm9fMjAyMC1zY2FsZWQuanBnIiwic2xpZGVzaG93IjoiMTdiOTViNiJ9\">\n\t\t\t\t\t<div class=\"e-gallery-image elementor-gallery-item__image\" data-thumbnail=\"https:\/\/www.studiolacitta.it\/wp-content\/uploads\/2025\/10\/16_CD-181_Castella_Flowers-3-6-Milano_2020-768x512.jpg\" data-width=\"768\" data-height=\"512\" aria-label=\"Vincenzo Castella - Flowers #3-6 Milano - 2020 - Studio la Citt\u00e0 - Verona - Contemporary Art\" role=\"img\" ><\/div>\n\t\t\t\t\t\t\t\t\t\t\t<div class=\"elementor-gallery-item__overlay\"><\/div>\n\t\t\t\t\t\t\t\t\t\t\t\t\t\t<\/a>\n\t\t\t\t\t\t\t<a class=\"e-gallery-item elementor-gallery-item elementor-animated-content\" data-e-gallery-tags=\"0\" href=\"https:\/\/www.studiolacitta.it\/wp-content\/uploads\/2025\/10\/17_CD-174_Castella_Padova-01_2020-scaled.jpg\" data-elementor-open-lightbox=\"yes\" data-elementor-lightbox-slideshow=\"17b95b6\" data-elementor-lightbox-title=\"#01 Padova, 53x152cm, 2020\" data-elementor-lightbox-description=\"Stampa a colori | Color print - CD 174\" data-e-action-hash=\"#elementor-action%3Aaction%3Dlightbox%26settings%3DeyJpZCI6MTMxMDksInVybCI6Imh0dHBzOlwvXC93d3cuc3R1ZGlvbGFjaXR0YS5pdFwvd3AtY29udGVudFwvdXBsb2Fkc1wvMjAyNVwvMTBcLzE3X0NELTE3NF9DYXN0ZWxsYV9QYWRvdmEtMDFfMjAyMC1zY2FsZWQuanBnIiwic2xpZGVzaG93IjoiMTdiOTViNiJ9\">\n\t\t\t\t\t<div class=\"e-gallery-image elementor-gallery-item__image\" data-thumbnail=\"https:\/\/www.studiolacitta.it\/wp-content\/uploads\/2025\/10\/17_CD-174_Castella_Padova-01_2020-768x512.jpg\" data-width=\"768\" data-height=\"512\" aria-label=\"Vincenzo Castella - #01 Padova - 2020 - Studio la Citt\u00e0 - Verona - Contemporary Art\" role=\"img\" ><\/div>\n\t\t\t\t\t\t\t\t\t\t\t<div class=\"elementor-gallery-item__overlay\"><\/div>\n\t\t\t\t\t\t\t\t\t\t\t\t\t\t<\/a>\n\t\t\t\t\t\t\t<a class=\"e-gallery-item elementor-gallery-item elementor-animated-content\" data-e-gallery-tags=\"0\" href=\"https:\/\/www.studiolacitta.it\/wp-content\/uploads\/2025\/10\/18_CD-63_Castella_11.3-MALTA_2011.jpg\" data-elementor-open-lightbox=\"yes\" data-elementor-lightbox-slideshow=\"17b95b6\" data-elementor-lightbox-title=\"#11.3 Malta, 85,3x110cm, 2011\" data-elementor-lightbox-description=\"Stampa C-print diasec da negativo a colori 11x14&quot; | C-print diasec from 11x14&quot; color negative - CD 063\" data-e-action-hash=\"#elementor-action%3Aaction%3Dlightbox%26settings%3DeyJpZCI6MTMxMTAsInVybCI6Imh0dHBzOlwvXC93d3cuc3R1ZGlvbGFjaXR0YS5pdFwvd3AtY29udGVudFwvdXBsb2Fkc1wvMjAyNVwvMTBcLzE4X0NELTYzX0Nhc3RlbGxhXzExLjMtTUFMVEFfMjAxMS5qcGciLCJzbGlkZXNob3ciOiIxN2I5NWI2In0%3D\">\n\t\t\t\t\t<div class=\"e-gallery-image elementor-gallery-item__image\" data-thumbnail=\"https:\/\/www.studiolacitta.it\/wp-content\/uploads\/2025\/10\/18_CD-63_Castella_11.3-MALTA_2011-768x512.jpg\" data-width=\"768\" data-height=\"512\" aria-label=\"Vincenzo Castella - #11.3 Malta - 2011 - Studio la Citt\u00e0 - Verona - Contemporary Art\" role=\"img\" ><\/div>\n\t\t\t\t\t\t\t\t\t\t\t<div class=\"elementor-gallery-item__overlay\"><\/div>\n\t\t\t\t\t\t\t\t\t\t\t\t\t\t<\/a>\n\t\t\t\t\t\t\t<a class=\"e-gallery-item elementor-gallery-item elementor-animated-content\" data-e-gallery-tags=\"0\" href=\"https:\/\/www.studiolacitta.it\/wp-content\/uploads\/2025\/10\/19_CD-33_Castella_LE-HAVRE_2009-scaled.jpg\" data-elementor-open-lightbox=\"yes\" data-elementor-lightbox-slideshow=\"17b95b6\" data-elementor-lightbox-title=\"Le Havre, 180x300cm, 2009\" data-elementor-lightbox-description=\"Stampa c-print | C-print - CD 033\" data-e-action-hash=\"#elementor-action%3Aaction%3Dlightbox%26settings%3DeyJpZCI6MTMxMTEsInVybCI6Imh0dHBzOlwvXC93d3cuc3R1ZGlvbGFjaXR0YS5pdFwvd3AtY29udGVudFwvdXBsb2Fkc1wvMjAyNVwvMTBcLzE5X0NELTMzX0Nhc3RlbGxhX0xFLUhBVlJFXzIwMDktc2NhbGVkLmpwZyIsInNsaWRlc2hvdyI6IjE3Yjk1YjYifQ%3D%3D\">\n\t\t\t\t\t<div class=\"e-gallery-image elementor-gallery-item__image\" data-thumbnail=\"https:\/\/www.studiolacitta.it\/wp-content\/uploads\/2025\/10\/19_CD-33_Castella_LE-HAVRE_2009-768x512.jpg\" data-width=\"768\" data-height=\"512\" aria-label=\"Vincenzo Castella - Le Havre - 2009 - Studio la Citt\u00e0 - Verona - Contemporary Art\" role=\"img\" ><\/div>\n\t\t\t\t\t\t\t\t\t\t\t<div class=\"elementor-gallery-item__overlay\"><\/div>\n\t\t\t\t\t\t\t\t\t\t\t\t\t\t<\/a>\n\t\t\t\t\t\t\t<a class=\"e-gallery-item elementor-gallery-item elementor-animated-content\" data-e-gallery-tags=\"0\" href=\"https:\/\/www.studiolacitta.it\/wp-content\/uploads\/2025\/10\/20_CD-24_Castella_13-ROUEN-NORMANDIA_2008-scaled.jpg\" data-elementor-open-lightbox=\"yes\" data-elementor-lightbox-slideshow=\"17b95b6\" data-elementor-lightbox-title=\"#13 Rouen Normandia, 20x25cm, 2008\" data-elementor-lightbox-description=\"Stampa cromogenica  | Chromogenic print - CD 024\" data-e-action-hash=\"#elementor-action%3Aaction%3Dlightbox%26settings%3DeyJpZCI6MTMxMTIsInVybCI6Imh0dHBzOlwvXC93d3cuc3R1ZGlvbGFjaXR0YS5pdFwvd3AtY29udGVudFwvdXBsb2Fkc1wvMjAyNVwvMTBcLzIwX0NELTI0X0Nhc3RlbGxhXzEzLVJPVUVOLU5PUk1BTkRJQV8yMDA4LXNjYWxlZC5qcGciLCJzbGlkZXNob3ciOiIxN2I5NWI2In0%3D\">\n\t\t\t\t\t<div class=\"e-gallery-image elementor-gallery-item__image\" data-thumbnail=\"https:\/\/www.studiolacitta.it\/wp-content\/uploads\/2025\/10\/20_CD-24_Castella_13-ROUEN-NORMANDIA_2008-768x512.jpg\" data-width=\"768\" data-height=\"512\" aria-label=\"Vincenzo Castella - #13 Rouen Normandia - 2008 - Studio la Citt\u00e0 - Verona - Contemporary Art\" role=\"img\" ><\/div>\n\t\t\t\t\t\t\t\t\t\t\t<div class=\"elementor-gallery-item__overlay\"><\/div>\n\t\t\t\t\t\t\t\t\t\t\t\t\t\t<\/a>\n\t\t\t\t\t\t\t<a class=\"e-gallery-item elementor-gallery-item elementor-animated-content\" data-e-gallery-tags=\"0\" href=\"https:\/\/www.studiolacitta.it\/wp-content\/uploads\/2025\/10\/21_CD-202_Castella_04-Napoli_2006_61x71-scaled.jpg\" data-elementor-open-lightbox=\"yes\" data-elementor-lightbox-slideshow=\"17b95b6\" data-elementor-lightbox-title=\"#04 Napoli, 61x71cm, 2006\" data-elementor-lightbox-description=\"Stampa c-print | C-print - CD 202\" data-e-action-hash=\"#elementor-action%3Aaction%3Dlightbox%26settings%3DeyJpZCI6MTMxMTMsInVybCI6Imh0dHBzOlwvXC93d3cuc3R1ZGlvbGFjaXR0YS5pdFwvd3AtY29udGVudFwvdXBsb2Fkc1wvMjAyNVwvMTBcLzIxX0NELTIwMl9DYXN0ZWxsYV8wNC1OYXBvbGlfMjAwNl82MXg3MS1zY2FsZWQuanBnIiwic2xpZGVzaG93IjoiMTdiOTViNiJ9\">\n\t\t\t\t\t<div class=\"e-gallery-image elementor-gallery-item__image\" data-thumbnail=\"https:\/\/www.studiolacitta.it\/wp-content\/uploads\/2025\/10\/21_CD-202_Castella_04-Napoli_2006_61x71-768x512.jpg\" data-width=\"768\" data-height=\"512\" aria-label=\"Vincenzo Castella - #04 Napoli - 2006 - Studio la Citt\u00e0 - Verona - Contemporary Art\" role=\"img\" ><\/div>\n\t\t\t\t\t\t\t\t\t\t\t<div class=\"elementor-gallery-item__overlay\"><\/div>\n\t\t\t\t\t\t\t\t\t\t\t\t\t\t<\/a>\n\t\t\t\t\t<\/div>\n\t\t\t\t\t<\/div>\n\t\t\t\t<\/div>\n\t\t\t\t\t<\/div>\n\t\t<\/div>\n\t\t\t\t\t\t<\/div>\n\t\t\t\t\t<\/div>\n\t\t\t\t<\/div>\n\t\t<div id=\"e-n-tab-content-18305155232\" role=\"tabpanel\" aria-labelledby=\"e-n-tab-title-18305155232\" data-tab-index=\"2\" style=\"--n-tabs-title-order: 2;\" class=\" elementor-element elementor-element-5f0d8139 e-flex e-con-boxed e-con e-child\" data-id=\"5f0d8139\" data-element_type=\"container\" data-e-type=\"container\">\n\t\t\t\t\t<div class=\"e-con-inner\">\n\t\t\t\t<div class=\"elementor-element elementor-element-ad8d8da elementor-grid-eael-col-4 elementor-grid-tablet-eael-col-2 elementor-grid-mobile-eael-col-1 elementor-widget elementor-widget-eael-post-grid\" data-id=\"ad8d8da\" data-element_type=\"widget\" data-e-type=\"widget\" data-settings=\"{&quot;eael_post_grid_columns&quot;:&quot;eael-col-4&quot;,&quot;eael_post_grid_columns_tablet&quot;:&quot;eael-col-2&quot;,&quot;eael_post_grid_columns_mobile&quot;:&quot;eael-col-1&quot;}\" data-widget_type=\"eael-post-grid.default\">\n\t\t\t\t\t<div id=\"eael-post-grid-ad8d8da\" class=\"eael-post-grid-container\">\n            <div class=\"eael-post-grid eael-post-appender eael-post-appender-ad8d8da eael-post-grid-style-default\" data-layout-mode=\"grid\"><article class=\"eael-grid-post eael-post-grid-column eael-pg-post-16434 category-exhibition tags-andrea-fogli-arthur-du%ef%ac%80-federico-borroni-franco-passalacqua-gabriele-basilico-herbert-hamak-hiroyuki-masuyama-jacob-hashimoto-mag2-mikhael-subotzky-riyas-komu-vincenzo-castella\" data-id=\"16434\">\n        <div class=\"eael-grid-post-holder\">\n            <div class=\"eael-grid-post-holder-inner\"><div class=\"eael-entry-wrapper\"><header class=\"eael-entry-header\"><h2 class=\"eael-entry-title\"><a\n                        class=\"eael-grid-post-link\"\n                        href=\"https:\/\/www.studiolacitta.it\/en\/exhibition\/mag2\/\"\n                        title=\"MAG2\"target=\"_blank\">MAG2<\/a><\/h2><\/header><\/div><div class=\"eael-entry-media\"><div class=\"eael-entry-overlay fade-in\"><i class=\"fas fa-long-arrow-alt-right\" aria-hidden=\"true\"><\/i><a href=\"https:\/\/www.studiolacitta.it\/en\/exhibition\/mag2\/\"target=\"_blank\"><\/a><\/div><div class=\"eael-entry-thumbnail eael-image-ratio\">\n                <img fetchpriority=\"high\" decoding=\"async\" width=\"768\" height=\"432\" src=\"https:\/\/www.studiolacitta.it\/wp-content\/uploads\/2025\/12\/MAG2_Copertina_SLC_2025_PEL_8154-768x432.jpg\" class=\"attachment-medium_large size-medium_large wp-image-16435\" alt=\"MAG2 Studio la citt\u00e0\" srcset=\"https:\/\/www.studiolacitta.it\/wp-content\/uploads\/2025\/12\/MAG2_Copertina_SLC_2025_PEL_8154-768x432.jpg 768w, https:\/\/www.studiolacitta.it\/wp-content\/uploads\/2025\/12\/MAG2_Copertina_SLC_2025_PEL_8154-300x169.jpg 300w, https:\/\/www.studiolacitta.it\/wp-content\/uploads\/2025\/12\/MAG2_Copertina_SLC_2025_PEL_8154-1024x576.jpg 1024w, https:\/\/www.studiolacitta.it\/wp-content\/uploads\/2025\/12\/MAG2_Copertina_SLC_2025_PEL_8154-1536x864.jpg 1536w, https:\/\/www.studiolacitta.it\/wp-content\/uploads\/2025\/12\/MAG2_Copertina_SLC_2025_PEL_8154-2048x1152.jpg 2048w\" sizes=\"(max-width: 768px) 100vw, 768px\" \/>\n            <\/div>\n        <\/div><\/div>\n        <\/div>\n    <\/article><article class=\"eael-grid-post eael-post-grid-column eael-pg-post-14429 category-exhibition tags-andre-woodward-ashley-prine-davide-maria-coltro-emil-lukas-esther-mathys-ettore-spalletti-franco-passalacqua-gabriele-basilico-herbert-hamak-hiroyuki-masuyama-jacob-hashimoto-lucas-reiner-lucio-pozzi-luigi-carboni-mikhael-subotzky-riyas-komu-stuart-arends-tracey-snelling-vincenzo-castella\" data-id=\"14429\">\n        <div class=\"eael-grid-post-holder\">\n            <div class=\"eael-grid-post-holder-inner\"><div class=\"eael-entry-wrapper\"><header class=\"eael-entry-header\"><h2 class=\"eael-entry-title\"><a\n                        class=\"eael-grid-post-link\"\n                        href=\"https:\/\/www.studiolacitta.it\/en\/exhibition\/magazzino-darte-oggi\/\"\n                        title=\"MAGAZZINO D\u2019ARTE OGGI\"target=\"_blank\">MAGAZZINO D\u2019ARTE OGGI<\/a><\/h2><\/header><\/div><div class=\"eael-entry-media\"><div class=\"eael-entry-overlay fade-in\"><i class=\"fas fa-long-arrow-alt-right\" aria-hidden=\"true\"><\/i><a href=\"https:\/\/www.studiolacitta.it\/en\/exhibition\/magazzino-darte-oggi\/\"target=\"_blank\"><\/a><\/div><div class=\"eael-entry-thumbnail eael-image-ratio\">\n                <img decoding=\"async\" width=\"768\" height=\"432\" src=\"https:\/\/www.studiolacitta.it\/wp-content\/uploads\/2025\/10\/Magazzino-d_Arte-Oggi_Copertina-768x432.jpg\" class=\"attachment-medium_large size-medium_large wp-image-14430\" alt=\"Studio la Citt\u00e0; Magazzino d&#039;Arte Oggi\" srcset=\"https:\/\/www.studiolacitta.it\/wp-content\/uploads\/2025\/10\/Magazzino-d_Arte-Oggi_Copertina-768x432.jpg 768w, https:\/\/www.studiolacitta.it\/wp-content\/uploads\/2025\/10\/Magazzino-d_Arte-Oggi_Copertina-300x169.jpg 300w, https:\/\/www.studiolacitta.it\/wp-content\/uploads\/2025\/10\/Magazzino-d_Arte-Oggi_Copertina-1024x576.jpg 1024w, https:\/\/www.studiolacitta.it\/wp-content\/uploads\/2025\/10\/Magazzino-d_Arte-Oggi_Copertina-1536x864.jpg 1536w, https:\/\/www.studiolacitta.it\/wp-content\/uploads\/2025\/10\/Magazzino-d_Arte-Oggi_Copertina-2048x1152.jpg 2048w\" sizes=\"(max-width: 768px) 100vw, 768px\" \/>\n            <\/div>\n        <\/div><\/div>\n        <\/div>\n    <\/article><article class=\"eael-grid-post eael-post-grid-column eael-pg-post-13866 category-exhibition tags-anna-galtarossa-arthur-du%ef%ac%80-eelco-brand-emil-lukas-franco-passalacqua-gabriele-basilico-herbert-hamak-hiroyuki-masuyama-il-respiro-nascosto-delle-cose-jacob-hashimoto-julia-mangold-luigi-carboni-stuart-arends-vincenzo-castella\" data-id=\"13866\">\n        <div class=\"eael-grid-post-holder\">\n            <div class=\"eael-grid-post-holder-inner\"><div class=\"eael-entry-wrapper\"><header class=\"eael-entry-header\"><h2 class=\"eael-entry-title\"><a\n                        class=\"eael-grid-post-link\"\n                        href=\"https:\/\/www.studiolacitta.it\/en\/exhibition\/il-respiro-nascosto-delle-cose\/\"\n                        title=\"IL RESPIRO NASCOSTO DELLE COSE\"target=\"_blank\">IL RESPIRO NASCOSTO DELLE COSE<\/a><\/h2><\/header><\/div><div class=\"eael-entry-media\"><div class=\"eael-entry-overlay fade-in\"><i class=\"fas fa-long-arrow-alt-right\" aria-hidden=\"true\"><\/i><a href=\"https:\/\/www.studiolacitta.it\/en\/exhibition\/il-respiro-nascosto-delle-cose\/\"target=\"_blank\"><\/a><\/div><div class=\"eael-entry-thumbnail eael-image-ratio\">\n                <img decoding=\"async\" width=\"768\" height=\"432\" src=\"https:\/\/www.studiolacitta.it\/wp-content\/uploads\/2025\/09\/Respiro-Nascosto-delle-Cose_Copertina-768x432.jpg\" class=\"attachment-medium_large size-medium_large wp-image-13868\" alt=\"Studio la Citt\u00e0 - Il Respiro Nascosto delle Cose\" srcset=\"https:\/\/www.studiolacitta.it\/wp-content\/uploads\/2025\/09\/Respiro-Nascosto-delle-Cose_Copertina-768x432.jpg 768w, https:\/\/www.studiolacitta.it\/wp-content\/uploads\/2025\/09\/Respiro-Nascosto-delle-Cose_Copertina-300x169.jpg 300w, https:\/\/www.studiolacitta.it\/wp-content\/uploads\/2025\/09\/Respiro-Nascosto-delle-Cose_Copertina-1024x576.jpg 1024w, https:\/\/www.studiolacitta.it\/wp-content\/uploads\/2025\/09\/Respiro-Nascosto-delle-Cose_Copertina-1536x864.jpg 1536w, https:\/\/www.studiolacitta.it\/wp-content\/uploads\/2025\/09\/Respiro-Nascosto-delle-Cose_Copertina-2048x1152.jpg 2048w, https:\/\/www.studiolacitta.it\/wp-content\/uploads\/2025\/09\/Respiro-Nascosto-delle-Cose_Copertina-600x338.jpg 600w\" sizes=\"(max-width: 768px) 100vw, 768px\" \/>\n            <\/div>\n        <\/div><\/div>\n        <\/div>\n    <\/article><article class=\"eael-grid-post eael-post-grid-column eael-pg-post-13864 category-exhibition tags-affreschi-e-collezioni-botaniche-vincenzo-castella\" data-id=\"13864\">\n        <div class=\"eael-grid-post-holder\">\n            <div class=\"eael-grid-post-holder-inner\"><div class=\"eael-entry-wrapper\"><header class=\"eael-entry-header\"><h2 class=\"eael-entry-title\"><a\n                        class=\"eael-grid-post-link\"\n                        href=\"https:\/\/www.studiolacitta.it\/en\/exhibition\/affreschi-e-collezioni-botaniche\/\"\n                        title=\"Affreschi e Collezioni Botaniche\"target=\"_blank\">Affreschi e Collezioni Botaniche<\/a><\/h2><\/header><\/div><div class=\"eael-entry-media\"><div class=\"eael-entry-overlay fade-in\"><i class=\"fas fa-long-arrow-alt-right\" aria-hidden=\"true\"><\/i><a href=\"https:\/\/www.studiolacitta.it\/en\/exhibition\/affreschi-e-collezioni-botaniche\/\"target=\"_blank\"><\/a><\/div><div class=\"eael-entry-thumbnail eael-image-ratio\">\n                <img loading=\"lazy\" decoding=\"async\" width=\"768\" height=\"432\" src=\"https:\/\/www.studiolacitta.it\/wp-content\/uploads\/2025\/09\/Castella_Affreschi_Copertina-768x432.jpg\" class=\"attachment-medium_large size-medium_large wp-image-13865\" alt=\"Castella Affreschi\" srcset=\"https:\/\/www.studiolacitta.it\/wp-content\/uploads\/2025\/09\/Castella_Affreschi_Copertina-768x432.jpg 768w, https:\/\/www.studiolacitta.it\/wp-content\/uploads\/2025\/09\/Castella_Affreschi_Copertina-300x169.jpg 300w, https:\/\/www.studiolacitta.it\/wp-content\/uploads\/2025\/09\/Castella_Affreschi_Copertina-1024x576.jpg 1024w, https:\/\/www.studiolacitta.it\/wp-content\/uploads\/2025\/09\/Castella_Affreschi_Copertina-1536x864.jpg 1536w, https:\/\/www.studiolacitta.it\/wp-content\/uploads\/2025\/09\/Castella_Affreschi_Copertina-2048x1152.jpg 2048w\" sizes=\"(max-width: 768px) 100vw, 768px\" \/>\n            <\/div>\n        <\/div><\/div>\n        <\/div>\n    <\/article><\/div>\n            <div class=\"clearfix\"><\/div>\n        <\/div>            <div class=\"eael-load-more-button-wrap eael-force-hide\">\n                <button class=\"eael-load-more-button\" id=\"eael-load-more-btn-ad8d8da\" data-widget-id=\"ad8d8da\" data-widget=\"ad8d8da\" data-page-id=\"14033\" data-template=\"{&quot;dir&quot;:&quot;lite&quot;,&quot;file_name&quot;:&quot;default.php&quot;,&quot;name&quot;:&quot;Post-Grid&quot;}\" data-class=\"Essential_Addons_Elementor\\Elements\\Post_Grid\" data-layout=\"grid\" data-page=\"1\" data-args=\"orderby=meta_value&amp;order=desc&amp;ignore_sticky_posts=1&amp;post_status=publish&amp;posts_per_page=4&amp;offset=0&amp;post_type=post&amp;tax_query%5B0%5D%5Btaxonomy%5D=category&amp;tax_query%5B0%5D%5Bfield%5D=term_id&amp;tax_query%5B0%5D%5Bterms%5D%5B0%5D=88&amp;tax_query%5B1%5D%5Btaxonomy%5D=post_tag&amp;tax_query%5B1%5D%5Bfield%5D=term_id&amp;tax_query%5B1%5D%5Bterms%5D%5B0%5D=108&amp;tax_query%5Brelation%5D=AND&amp;meta_key=end_date&amp;meta_type=DATE\" data-max-page=\"2\">\n                    <span class=\"eael-btn-loader button__loader\"><\/span>\n                    <span class=\"eael_load_more_text\">Load More<\/span>\n                <\/button>\n            <\/div>\n            \t\t\t\t<\/div>\n\t\t\t\t\t<\/div>\n\t\t\t\t<\/div>\n\t\t<div id=\"e-n-tab-content-18305155233\" role=\"tabpanel\" aria-labelledby=\"e-n-tab-title-18305155233\" data-tab-index=\"3\" style=\"--n-tabs-title-order: 3;\" class=\" elementor-element elementor-element-6c8f8258 e-flex e-con-boxed e-con e-child\" data-id=\"6c8f8258\" data-element_type=\"container\" data-e-type=\"container\">\n\t\t\t\t\t<div class=\"e-con-inner\">\n\t\t<div class=\"elementor-element elementor-element-901c84b e-grid e-con-full e-con e-child\" data-id=\"901c84b\" data-element_type=\"container\" data-e-type=\"container\">\n\t\t\t\t<div class=\"elementor-element elementor-element-becbb0b elementor-widget elementor-widget-video\" data-id=\"becbb0b\" data-element_type=\"widget\" data-e-type=\"widget\" data-settings=\"{&quot;video_type&quot;:&quot;vimeo&quot;,&quot;loop&quot;:&quot;yes&quot;,&quot;yt_privacy&quot;:&quot;yes&quot;}\" data-widget_type=\"video.default\">\n\t\t\t\t\t\t\t<div class=\"elementor-wrapper elementor-open-inline\">\n\t\t\t<iframe class=\"elementor-video-iframe\" allowfullscreen allow=\"clipboard-write\" title=\"vimeo Video Player\" src=\"https:\/\/player.vimeo.com\/video\/1130165746?color&amp;autopause=0&amp;dnt=true&amp;loop=1&amp;muted=0&amp;title=0&amp;portrait=0&amp;byline=0#t=\"><\/iframe>\t\t<\/div>\n\t\t\t\t\t\t<\/div>\n\t\t\t\t<div class=\"elementor-element elementor-element-42020d4 elementor-widget elementor-widget-video\" data-id=\"42020d4\" data-element_type=\"widget\" data-e-type=\"widget\" data-settings=\"{&quot;video_type&quot;:&quot;vimeo&quot;,&quot;loop&quot;:&quot;yes&quot;,&quot;yt_privacy&quot;:&quot;yes&quot;}\" data-widget_type=\"video.default\">\n\t\t\t\t\t\t\t<div class=\"elementor-wrapper elementor-open-inline\">\n\t\t\t<iframe class=\"elementor-video-iframe\" allowfullscreen allow=\"clipboard-write\" title=\"vimeo Video Player\" src=\"https:\/\/player.vimeo.com\/video\/1163939466?color&amp;autopause=0&amp;dnt=true&amp;loop=1&amp;muted=0&amp;title=0&amp;portrait=0&amp;byline=0#t=\"><\/iframe>\t\t<\/div>\n\t\t\t\t\t\t<\/div>\n\t\t\t\t<\/div>\n\t\t\t\t\t<\/div>\n\t\t\t\t<\/div>\n\t\t<div id=\"e-n-tab-content-18305155234\" role=\"tabpanel\" aria-labelledby=\"news-id-tab\" data-tab-index=\"4\" style=\"--n-tabs-title-order: 4;\" class=\" elementor-element elementor-element-19b6a567 e-flex e-con-boxed e-con e-child\" data-id=\"19b6a567\" data-element_type=\"container\" data-e-type=\"container\">\n\t\t\t\t\t<div class=\"e-con-inner\">\n\t\t\t\t<div class=\"elementor-element elementor-element-0085ac5 elementor-grid-eael-col-4 elementor-grid-tablet-eael-col-2 elementor-grid-mobile-eael-col-1 elementor-widget elementor-widget-eael-post-grid\" data-id=\"0085ac5\" data-element_type=\"widget\" data-e-type=\"widget\" data-settings=\"{&quot;eael_post_grid_columns&quot;:&quot;eael-col-4&quot;,&quot;eael_post_grid_columns_tablet&quot;:&quot;eael-col-2&quot;,&quot;eael_post_grid_columns_mobile&quot;:&quot;eael-col-1&quot;}\" data-widget_type=\"eael-post-grid.default\">\n\t\t\t\t\t<div id=\"eael-post-grid-0085ac5\" class=\"eael-post-grid-container\">\n            <div class=\"eael-post-grid eael-post-appender eael-post-appender-0085ac5 eael-post-grid-style-default\" data-layout-mode=\"grid\"><p class=\"no-posts-found\">No posts found!<\/p><\/div>\n            <div class=\"clearfix\"><\/div>\n        <\/div>\t\t\t\t<\/div>\n\t\t\t\t\t<\/div>\n\t\t\t\t<\/div>\n\t\t<div id=\"e-n-tab-content-18305155235\" role=\"tabpanel\" aria-labelledby=\"e-n-tab-title-18305155235\" data-tab-index=\"5\" style=\"--n-tabs-title-order: 5;\" class=\" elementor-element elementor-element-2e1a02cc e-flex e-con-boxed e-con e-child\" data-id=\"2e1a02cc\" data-element_type=\"container\" data-e-type=\"container\">\n\t\t\t\t\t<div class=\"e-con-inner\">\n\t\t\t\t<div class=\"elementor-element elementor-element-06f27cb elementor-grid-eael-col-5 elementor-grid-tablet-eael-col-2 elementor-grid-mobile-eael-col-1 elementor-widget elementor-widget-eael-post-grid\" data-id=\"06f27cb\" data-element_type=\"widget\" data-e-type=\"widget\" data-settings=\"{&quot;eael_post_grid_columns&quot;:&quot;eael-col-5&quot;,&quot;eael_post_grid_columns_tablet&quot;:&quot;eael-col-2&quot;,&quot;eael_post_grid_columns_mobile&quot;:&quot;eael-col-1&quot;}\" data-widget_type=\"eael-post-grid.default\">\n\t\t\t\t\t<div id=\"eael-post-grid-06f27cb\" class=\"eael-post-grid-container\">\n            <div class=\"eael-post-grid eael-post-appender eael-post-appender-06f27cb eael-post-grid-style-default\" data-layout-mode=\"grid\"><article class=\"eael-grid-post eael-post-grid-column eael-pg-post-15612 category-publications tags-affreschi-e-collezioni-botaniche-vincenzo-castella\" data-id=\"15612\">\n        <div class=\"eael-grid-post-holder\">\n            <div class=\"eael-grid-post-holder-inner\"><div class=\"eael-entry-media\"><div class=\"eael-entry-overlay fade-in\"><i class=\"fas fa-long-arrow-alt-right\" aria-hidden=\"true\"><\/i><a href=\"https:\/\/www.studiolacitta.it\/en\/publications\/vincenzo-castella-affreschi-e-orti-botanici-2023\/\"target=\"_blank\"><\/a><\/div><div class=\"eael-entry-thumbnail eael-image-ratio\">\n                <img loading=\"lazy\" decoding=\"async\" width=\"768\" height=\"498\" src=\"https:\/\/www.studiolacitta.it\/wp-content\/uploads\/2025\/11\/Vincenzo-Castella-Affreschi-e-Orti-Botanici-2023-768x498.jpg\" class=\"attachment-medium_large size-medium_large wp-image-15613\" alt=\"\" srcset=\"https:\/\/www.studiolacitta.it\/wp-content\/uploads\/2025\/11\/Vincenzo-Castella-Affreschi-e-Orti-Botanici-2023-768x498.jpg 768w, https:\/\/www.studiolacitta.it\/wp-content\/uploads\/2025\/11\/Vincenzo-Castella-Affreschi-e-Orti-Botanici-2023-300x194.jpg 300w, https:\/\/www.studiolacitta.it\/wp-content\/uploads\/2025\/11\/Vincenzo-Castella-Affreschi-e-Orti-Botanici-2023-1024x663.jpg 1024w, https:\/\/www.studiolacitta.it\/wp-content\/uploads\/2025\/11\/Vincenzo-Castella-Affreschi-e-Orti-Botanici-2023.jpg 1190w\" sizes=\"(max-width: 768px) 100vw, 768px\" \/>\n            <\/div>\n        <\/div><\/div>\n        <\/div>\n    <\/article><article class=\"eael-grid-post eael-post-grid-column eael-pg-post-15205 category-publications tags-mimesis-vincenzo-castella\" data-id=\"15205\">\n        <div class=\"eael-grid-post-holder\">\n            <div class=\"eael-grid-post-holder-inner\"><div class=\"eael-entry-media\"><div class=\"eael-entry-overlay fade-in\"><i class=\"fas fa-long-arrow-alt-right\" aria-hidden=\"true\"><\/i><a href=\"https:\/\/www.studiolacitta.it\/en\/publications\/castella_mimesis_catalogo-a-schede\/\"target=\"_blank\"><\/a><\/div><div class=\"eael-entry-thumbnail eael-image-ratio\">\n                <img loading=\"lazy\" decoding=\"async\" width=\"442\" height=\"612\" src=\"https:\/\/www.studiolacitta.it\/wp-content\/uploads\/2025\/11\/Castella_Mimesis_Catalogo-a-Schede_SLC_2021_ITA-ENG.jpg\" class=\"attachment-medium_large size-medium_large wp-image-15206\" alt=\"\" srcset=\"https:\/\/www.studiolacitta.it\/wp-content\/uploads\/2025\/11\/Castella_Mimesis_Catalogo-a-Schede_SLC_2021_ITA-ENG.jpg 442w, https:\/\/www.studiolacitta.it\/wp-content\/uploads\/2025\/11\/Castella_Mimesis_Catalogo-a-Schede_SLC_2021_ITA-ENG-217x300.jpg 217w\" sizes=\"(max-width: 442px) 100vw, 442px\" \/>\n            <\/div>\n        <\/div><\/div>\n        <\/div>\n    <\/article><article class=\"eael-grid-post eael-post-grid-column eael-pg-post-13958 category-publications tags-vincenzo-castella\" data-id=\"13958\">\n        <div class=\"eael-grid-post-holder\">\n            <div class=\"eael-grid-post-holder-inner\"><div class=\"eael-entry-media\"><div class=\"eael-entry-overlay fade-in\"><i class=\"fas fa-long-arrow-alt-right\" aria-hidden=\"true\"><\/i><a href=\"https:\/\/www.studiolacitta.it\/en\/publications\/album-00_2010_vcastella_lr\/\"target=\"_blank\"><\/a><\/div><div class=\"eael-entry-thumbnail eael-image-ratio\">\n                <img loading=\"lazy\" decoding=\"async\" width=\"589\" height=\"836\" src=\"https:\/\/www.studiolacitta.it\/wp-content\/uploads\/2025\/09\/Vincenzo-Castella-City-siti-2010.jpg\" class=\"attachment-medium_large size-medium_large wp-image-13959\" alt=\"\" srcset=\"https:\/\/www.studiolacitta.it\/wp-content\/uploads\/2025\/09\/Vincenzo-Castella-City-siti-2010.jpg 589w, https:\/\/www.studiolacitta.it\/wp-content\/uploads\/2025\/09\/Vincenzo-Castella-City-siti-2010-211x300.jpg 211w\" sizes=\"(max-width: 589px) 100vw, 589px\" \/>\n            <\/div>\n        <\/div><\/div>\n        <\/div>\n    <\/article><\/div>\n            <div class=\"clearfix\"><\/div>\n        <\/div>\t\t\t\t<\/div>\n\t\t\t\t\t<\/div>\n\t\t\t\t<\/div>\n\t\t<div id=\"e-n-tab-content-18305155236\" role=\"tabpanel\" aria-labelledby=\"e-n-tab-title-18305155236\" data-tab-index=\"6\" style=\"--n-tabs-title-order: 6;\" class=\" elementor-element elementor-element-274a8e83 e-flex e-con-boxed e-con e-child\" data-id=\"274a8e83\" data-element_type=\"container\" data-e-type=\"container\">\n\t\t\t\t\t<div class=\"e-con-inner\">\n\t\t\t\t<div class=\"elementor-element elementor-element-4fc15e7d elementor-widget elementor-widget-image\" data-id=\"4fc15e7d\" data-element_type=\"widget\" data-e-type=\"widget\" data-widget_type=\"image.default\">\n\t\t\t\t\t\t\t\t\t\t\t\t\t\t\t<img loading=\"lazy\" decoding=\"async\" width=\"768\" height=\"432\" src=\"https:\/\/www.studiolacitta.it\/wp-content\/uploads\/2025\/09\/Vincenzo_Castella_Portrait_SLC_2013_PEL_9272-768x432.jpg\" class=\"attachment-medium_large size-medium_large wp-image-13125\" alt=\"Vincenzo Castella - Studio la Citt\u00e0 - Verona\" srcset=\"https:\/\/www.studiolacitta.it\/wp-content\/uploads\/2025\/09\/Vincenzo_Castella_Portrait_SLC_2013_PEL_9272-768x432.jpg 768w, https:\/\/www.studiolacitta.it\/wp-content\/uploads\/2025\/09\/Vincenzo_Castella_Portrait_SLC_2013_PEL_9272-300x169.jpg 300w, https:\/\/www.studiolacitta.it\/wp-content\/uploads\/2025\/09\/Vincenzo_Castella_Portrait_SLC_2013_PEL_9272-1024x576.jpg 1024w, https:\/\/www.studiolacitta.it\/wp-content\/uploads\/2025\/09\/Vincenzo_Castella_Portrait_SLC_2013_PEL_9272-1536x864.jpg 1536w, https:\/\/www.studiolacitta.it\/wp-content\/uploads\/2025\/09\/Vincenzo_Castella_Portrait_SLC_2013_PEL_9272-2048x1152.jpg 2048w\" sizes=\"(max-width: 768px) 100vw, 768px\" \/>\t\t\t\t\t\t\t\t\t\t\t\t\t\t\t<\/div>\n\t\t\t\t<div class=\"elementor-element elementor-element-4d51b06 elementor-widget elementor-widget-text-editor\" data-id=\"4d51b06\" data-element_type=\"widget\" data-e-type=\"widget\" data-widget_type=\"text-editor.default\">\n\t\t\t\t\t\t\t\t\t<p style=\"text-align: center;\">Vincenzo Castella (with H\u00e9l\u00e8ne), Studio la Citt\u00e0, 2013<br \/><em>photo credit: Michele Sereni<\/em><\/p>\t\t\t\t\t\t\t\t<\/div>\n\t\t\t\t<div class=\"elementor-element elementor-element-13435cb7 elementor-widget elementor-widget-text-editor\" data-id=\"13435cb7\" data-element_type=\"widget\" data-e-type=\"widget\" data-widget_type=\"text-editor.default\">\n\t\t\t\t\t\t\t\t\t<p>I can&#8217;t separate the Urban as a distinct category; when I reflect on Nature, I envision architectural drawings. When I engage with a City, I perceive it primarily through its connections, its edges, its thresholds, and its underlying textures.<\/p><p>\u2026I was born in a city and have always lived in cities; architecture, structures, and pathways are part of my very way of being. I can\u2019t isolate the Urban as a separate category \u2014 when I look at Nature, I see the patterns of Architecture; when I work on a City, I perceive it primarily through its connections, its edges, its hinges, and its textures.<\/p><p style=\"text-align: right;\"><em>Vincenzo Castella, il Foglio, 2024<\/em><\/p>\t\t\t\t\t\t\t\t<\/div>\n\t\t\t\t<div class=\"elementor-element elementor-element-35c3a085 elementor-widget elementor-widget-eael-creative-button\" data-id=\"35c3a085\" data-element_type=\"widget\" data-e-type=\"widget\" data-widget_type=\"eael-creative-button.default\">\n\t\t\t\t\t        <div class=\"eael-creative-button-wrapper\">\n\n            <a class=\"eael-creative-button eael-creative-button--default eael-cb-icon-position-\" href=\"https:\/\/www.studiolacitta.it\/wp-content\/uploads\/2025\/10\/Vincenzo-Castella-Bio-letterhead.pdf\" target=\"_blank\" data-text=\"bio pdg\">\n            \t    \n                <div class=\"creative-button-inner\">\n\n                    \n                    <span class=\"cretive-button-text\">Download Bio<\/span>\n\n                                    <\/div>\n\t                        <\/a>\n        <\/div>\n        \t\t\t\t<\/div>\n\t\t\t\t\t<\/div>\n\t\t\t\t<\/div>\n\t\t\t\t\t<\/div>\n\t\t<\/div>\n\t\t\t\t\t\t<\/div>\n\t\t\t\t\t<\/div>\n\t\t\t\t<\/div>\n\t\t\t\t<\/div>\n\t\t","protected":false},"excerpt":{"rendered":"<p>VINCENZO CASTELLA Artwork Exhibitions Video News Publications Bio MAG2 MAGAZZINO D\u2019ARTE OGGI IL RESPIRO NASCOSTO DELLE COSE Affreschi e Collezioni Botaniche Load More No posts found! Vincenzo Castella (with H\u00e9l\u00e8ne), Studio la Citt\u00e0, 2013photo credit: Michele Sereni I can&#8217;t separate the Urban as a distinct category; when I reflect on Nature, I envision architectural drawings&#8230;.<\/p>\n","protected":false},"author":1,"featured_media":14035,"comment_status":"open","ping_status":"open","sticky":false,"template":"","format":"standard","meta":{"_acf_changed":false,"_bst_post_transparent":"","_bst_post_title":"","_bst_post_layout":"","_bst_post_sidebar_id":"","_bst_post_content_style":"","_bst_post_vertical_padding":"","_bst_post_feature":"","_bst_post_feature_position":"","_bst_post_header":false,"_bst_post_footer":false,"footnotes":""},"categories":[225],"tags":[108],"class_list":["post-14033","post","type-post","status-publish","format-standard","has-post-thumbnail","hentry","category-artist","tag-vincenzo-castella"],"acf":[],"yoast_head":"<!-- This site is optimized with the Yoast SEO plugin v27.5 - https:\/\/yoast.com\/product\/yoast-seo-wordpress\/ -->\n<title>Studio la Citt\u00e0 - Vincenzo Castella<\/title>\n<meta name=\"robots\" content=\"index, follow, max-snippet:-1, max-image-preview:large, max-video-preview:-1\" \/>\n<link rel=\"canonical\" href=\"https:\/\/www.studiolacitta.it\/en\/artist\/vincenzo-castella\/\" \/>\n<meta property=\"og:locale\" content=\"en_US\" \/>\n<meta property=\"og:type\" content=\"article\" \/>\n<meta property=\"og:title\" content=\"Studio la Citt\u00e0 - Vincenzo Castella\" \/>\n<meta property=\"og:description\" content=\"VINCENZO CASTELLA Artwork Exhibitions Video News Publications Bio MAG2 MAGAZZINO D\u2019ARTE OGGI IL RESPIRO NASCOSTO DELLE COSE Affreschi e Collezioni Botaniche Load More No posts found! Vincenzo Castella (with H\u00e9l\u00e8ne), Studio la Citt\u00e0, 2013photo credit: Michele Sereni I can&#8217;t separate the Urban as a distinct category; when I reflect on Nature, I envision architectural drawings....\" \/>\n<meta property=\"og:url\" content=\"https:\/\/www.studiolacitta.it\/en\/artist\/vincenzo-castella\/\" \/>\n<meta property=\"og:site_name\" content=\"Studio la Citt\u00e0\" \/>\n<meta property=\"article:publisher\" content=\"https:\/\/www.facebook.com\/studiolacitta\" \/>\n<meta property=\"article:published_time\" content=\"2025-09-06T09:29:23+00:00\" \/>\n<meta property=\"article:modified_time\" content=\"2026-02-13T10:01:19+00:00\" \/>\n<meta property=\"og:image\" content=\"https:\/\/www.studiolacitta.it\/wp-content\/uploads\/2025\/09\/Vincenzo-Castella_Vesuvio-scaled.jpg\" \/>\n\t<meta property=\"og:image:width\" content=\"2560\" \/>\n\t<meta property=\"og:image:height\" content=\"1440\" \/>\n\t<meta property=\"og:image:type\" content=\"image\/jpeg\" \/>\n<meta name=\"author\" content=\"web_admin\" \/>\n<meta name=\"twitter:card\" content=\"summary_large_image\" \/>\n<script type=\"application\/ld+json\" class=\"yoast-schema-graph\">{\"@context\":\"https:\\\/\\\/schema.org\",\"@graph\":[{\"@type\":\"Article\",\"@id\":\"https:\\\/\\\/www.studiolacitta.it\\\/en\\\/artist\\\/vincenzo-castella\\\/#article\",\"isPartOf\":{\"@id\":\"https:\\\/\\\/www.studiolacitta.it\\\/en\\\/artist\\\/vincenzo-castella\\\/\"},\"author\":{\"name\":\"web_admin\",\"@id\":\"https:\\\/\\\/www.studiolacitta.it\\\/en\\\/#\\\/schema\\\/person\\\/c39c72261f52af4220bcf15adfc8b336\"},\"headline\":\"Vincenzo Castella\",\"datePublished\":\"2025-09-06T09:29:23+00:00\",\"dateModified\":\"2026-02-13T10:01:19+00:00\",\"mainEntityOfPage\":{\"@id\":\"https:\\\/\\\/www.studiolacitta.it\\\/en\\\/artist\\\/vincenzo-castella\\\/\"},\"wordCount\":302,\"commentCount\":0,\"publisher\":{\"@id\":\"https:\\\/\\\/www.studiolacitta.it\\\/en\\\/#organization\"},\"image\":{\"@id\":\"https:\\\/\\\/www.studiolacitta.it\\\/en\\\/artist\\\/vincenzo-castella\\\/#primaryimage\"},\"thumbnailUrl\":\"https:\\\/\\\/www.studiolacitta.it\\\/wp-content\\\/uploads\\\/2025\\\/09\\\/Vincenzo-Castella_Vesuvio-scaled.jpg\",\"keywords\":[\"Vincenzo Castella\"],\"articleSection\":[\"artist\"],\"inLanguage\":\"en-US\",\"potentialAction\":[{\"@type\":\"CommentAction\",\"name\":\"Comment\",\"target\":[\"https:\\\/\\\/www.studiolacitta.it\\\/en\\\/artist\\\/vincenzo-castella\\\/#respond\"]}]},{\"@type\":\"WebPage\",\"@id\":\"https:\\\/\\\/www.studiolacitta.it\\\/en\\\/artist\\\/vincenzo-castella\\\/\",\"url\":\"https:\\\/\\\/www.studiolacitta.it\\\/en\\\/artist\\\/vincenzo-castella\\\/\",\"name\":\"Studio la Citt\u00e0 - Vincenzo Castella\",\"isPartOf\":{\"@id\":\"https:\\\/\\\/www.studiolacitta.it\\\/en\\\/#website\"},\"primaryImageOfPage\":{\"@id\":\"https:\\\/\\\/www.studiolacitta.it\\\/en\\\/artist\\\/vincenzo-castella\\\/#primaryimage\"},\"image\":{\"@id\":\"https:\\\/\\\/www.studiolacitta.it\\\/en\\\/artist\\\/vincenzo-castella\\\/#primaryimage\"},\"thumbnailUrl\":\"https:\\\/\\\/www.studiolacitta.it\\\/wp-content\\\/uploads\\\/2025\\\/09\\\/Vincenzo-Castella_Vesuvio-scaled.jpg\",\"datePublished\":\"2025-09-06T09:29:23+00:00\",\"dateModified\":\"2026-02-13T10:01:19+00:00\",\"breadcrumb\":{\"@id\":\"https:\\\/\\\/www.studiolacitta.it\\\/en\\\/artist\\\/vincenzo-castella\\\/#breadcrumb\"},\"inLanguage\":\"en-US\",\"potentialAction\":[{\"@type\":\"ReadAction\",\"target\":[\"https:\\\/\\\/www.studiolacitta.it\\\/en\\\/artist\\\/vincenzo-castella\\\/\"]}]},{\"@type\":\"ImageObject\",\"inLanguage\":\"en-US\",\"@id\":\"https:\\\/\\\/www.studiolacitta.it\\\/en\\\/artist\\\/vincenzo-castella\\\/#primaryimage\",\"url\":\"https:\\\/\\\/www.studiolacitta.it\\\/wp-content\\\/uploads\\\/2025\\\/09\\\/Vincenzo-Castella_Vesuvio-scaled.jpg\",\"contentUrl\":\"https:\\\/\\\/www.studiolacitta.it\\\/wp-content\\\/uploads\\\/2025\\\/09\\\/Vincenzo-Castella_Vesuvio-scaled.jpg\",\"width\":2560,\"height\":1440,\"caption\":\"Vincenzo Castella - Vesuvio\"},{\"@type\":\"BreadcrumbList\",\"@id\":\"https:\\\/\\\/www.studiolacitta.it\\\/en\\\/artist\\\/vincenzo-castella\\\/#breadcrumb\",\"itemListElement\":[{\"@type\":\"ListItem\",\"position\":1,\"name\":\"Home\",\"item\":\"https:\\\/\\\/www.studiolacitta.it\\\/en\\\/\"},{\"@type\":\"ListItem\",\"position\":2,\"name\":\"Vincenzo Castella\"}]},{\"@type\":\"WebSite\",\"@id\":\"https:\\\/\\\/www.studiolacitta.it\\\/en\\\/#website\",\"url\":\"https:\\\/\\\/www.studiolacitta.it\\\/en\\\/\",\"name\":\"Studio la citt\u00e0\",\"description\":\"\",\"publisher\":{\"@id\":\"https:\\\/\\\/www.studiolacitta.it\\\/en\\\/#organization\"},\"potentialAction\":[{\"@type\":\"SearchAction\",\"target\":{\"@type\":\"EntryPoint\",\"urlTemplate\":\"https:\\\/\\\/www.studiolacitta.it\\\/en\\\/?s={search_term_string}\"},\"query-input\":{\"@type\":\"PropertyValueSpecification\",\"valueRequired\":true,\"valueName\":\"search_term_string\"}}],\"inLanguage\":\"en-US\"},{\"@type\":\"Organization\",\"@id\":\"https:\\\/\\\/www.studiolacitta.it\\\/en\\\/#organization\",\"name\":\"Studio la citt\u00e0\",\"url\":\"https:\\\/\\\/www.studiolacitta.it\\\/en\\\/\",\"logo\":{\"@type\":\"ImageObject\",\"inLanguage\":\"en-US\",\"@id\":\"https:\\\/\\\/www.studiolacitta.it\\\/en\\\/#\\\/schema\\\/logo\\\/image\\\/\",\"url\":\"https:\\\/\\\/www.studiolacitta.it\\\/wp-content\\\/uploads\\\/2025\\\/09\\\/cropped-logo_icona.png\",\"contentUrl\":\"https:\\\/\\\/www.studiolacitta.it\\\/wp-content\\\/uploads\\\/2025\\\/09\\\/cropped-logo_icona.png\",\"width\":512,\"height\":512,\"caption\":\"Studio la citt\u00e0\"},\"image\":{\"@id\":\"https:\\\/\\\/www.studiolacitta.it\\\/en\\\/#\\\/schema\\\/logo\\\/image\\\/\"},\"sameAs\":[\"https:\\\/\\\/www.facebook.com\\\/studiolacitta\",\"https:\\\/\\\/www.instagram.com\\\/studiolacitta\\\/\",\"https:\\\/\\\/www.youtube.com\\\/channel\\\/UCCjmcwJra0A6dF23v-_fE7A\"]},{\"@type\":\"Person\",\"@id\":\"https:\\\/\\\/www.studiolacitta.it\\\/en\\\/#\\\/schema\\\/person\\\/c39c72261f52af4220bcf15adfc8b336\",\"name\":\"web_admin\",\"image\":{\"@type\":\"ImageObject\",\"inLanguage\":\"en-US\",\"@id\":\"https:\\\/\\\/secure.gravatar.com\\\/avatar\\\/a24c2be5d6818e8dd43e73e2847f4b6c5940ab182642ec6057e524ece10186ca?s=96&d=identicon&r=g\",\"url\":\"https:\\\/\\\/secure.gravatar.com\\\/avatar\\\/a24c2be5d6818e8dd43e73e2847f4b6c5940ab182642ec6057e524ece10186ca?s=96&d=identicon&r=g\",\"contentUrl\":\"https:\\\/\\\/secure.gravatar.com\\\/avatar\\\/a24c2be5d6818e8dd43e73e2847f4b6c5940ab182642ec6057e524ece10186ca?s=96&d=identicon&r=g\",\"caption\":\"web_admin\"},\"sameAs\":[\"https:\\\/\\\/studiolacitta.it\\\/new\"]}]}<\/script>\n<!-- \/ Yoast SEO plugin. -->","yoast_head_json":{"title":"Studio la Citt\u00e0 - Vincenzo Castella","robots":{"index":"index","follow":"follow","max-snippet":"max-snippet:-1","max-image-preview":"max-image-preview:large","max-video-preview":"max-video-preview:-1"},"canonical":"https:\/\/www.studiolacitta.it\/en\/artist\/vincenzo-castella\/","og_locale":"en_US","og_type":"article","og_title":"Studio la Citt\u00e0 - Vincenzo Castella","og_description":"VINCENZO CASTELLA Artwork Exhibitions Video News Publications Bio MAG2 MAGAZZINO D\u2019ARTE OGGI IL RESPIRO NASCOSTO DELLE COSE Affreschi e Collezioni Botaniche Load More No posts found! Vincenzo Castella (with H\u00e9l\u00e8ne), Studio la Citt\u00e0, 2013photo credit: Michele Sereni I can&#8217;t separate the Urban as a distinct category; when I reflect on Nature, I envision architectural drawings....","og_url":"https:\/\/www.studiolacitta.it\/en\/artist\/vincenzo-castella\/","og_site_name":"Studio la Citt\u00e0","article_publisher":"https:\/\/www.facebook.com\/studiolacitta","article_published_time":"2025-09-06T09:29:23+00:00","article_modified_time":"2026-02-13T10:01:19+00:00","og_image":[{"width":2560,"height":1440,"url":"https:\/\/www.studiolacitta.it\/wp-content\/uploads\/2025\/09\/Vincenzo-Castella_Vesuvio-scaled.jpg","type":"image\/jpeg"}],"author":"web_admin","twitter_card":"summary_large_image","schema":{"@context":"https:\/\/schema.org","@graph":[{"@type":"Article","@id":"https:\/\/www.studiolacitta.it\/en\/artist\/vincenzo-castella\/#article","isPartOf":{"@id":"https:\/\/www.studiolacitta.it\/en\/artist\/vincenzo-castella\/"},"author":{"name":"web_admin","@id":"https:\/\/www.studiolacitta.it\/en\/#\/schema\/person\/c39c72261f52af4220bcf15adfc8b336"},"headline":"Vincenzo Castella","datePublished":"2025-09-06T09:29:23+00:00","dateModified":"2026-02-13T10:01:19+00:00","mainEntityOfPage":{"@id":"https:\/\/www.studiolacitta.it\/en\/artist\/vincenzo-castella\/"},"wordCount":302,"commentCount":0,"publisher":{"@id":"https:\/\/www.studiolacitta.it\/en\/#organization"},"image":{"@id":"https:\/\/www.studiolacitta.it\/en\/artist\/vincenzo-castella\/#primaryimage"},"thumbnailUrl":"https:\/\/www.studiolacitta.it\/wp-content\/uploads\/2025\/09\/Vincenzo-Castella_Vesuvio-scaled.jpg","keywords":["Vincenzo Castella"],"articleSection":["artist"],"inLanguage":"en-US","potentialAction":[{"@type":"CommentAction","name":"Comment","target":["https:\/\/www.studiolacitta.it\/en\/artist\/vincenzo-castella\/#respond"]}]},{"@type":"WebPage","@id":"https:\/\/www.studiolacitta.it\/en\/artist\/vincenzo-castella\/","url":"https:\/\/www.studiolacitta.it\/en\/artist\/vincenzo-castella\/","name":"Studio la Citt\u00e0 - Vincenzo Castella","isPartOf":{"@id":"https:\/\/www.studiolacitta.it\/en\/#website"},"primaryImageOfPage":{"@id":"https:\/\/www.studiolacitta.it\/en\/artist\/vincenzo-castella\/#primaryimage"},"image":{"@id":"https:\/\/www.studiolacitta.it\/en\/artist\/vincenzo-castella\/#primaryimage"},"thumbnailUrl":"https:\/\/www.studiolacitta.it\/wp-content\/uploads\/2025\/09\/Vincenzo-Castella_Vesuvio-scaled.jpg","datePublished":"2025-09-06T09:29:23+00:00","dateModified":"2026-02-13T10:01:19+00:00","breadcrumb":{"@id":"https:\/\/www.studiolacitta.it\/en\/artist\/vincenzo-castella\/#breadcrumb"},"inLanguage":"en-US","potentialAction":[{"@type":"ReadAction","target":["https:\/\/www.studiolacitta.it\/en\/artist\/vincenzo-castella\/"]}]},{"@type":"ImageObject","inLanguage":"en-US","@id":"https:\/\/www.studiolacitta.it\/en\/artist\/vincenzo-castella\/#primaryimage","url":"https:\/\/www.studiolacitta.it\/wp-content\/uploads\/2025\/09\/Vincenzo-Castella_Vesuvio-scaled.jpg","contentUrl":"https:\/\/www.studiolacitta.it\/wp-content\/uploads\/2025\/09\/Vincenzo-Castella_Vesuvio-scaled.jpg","width":2560,"height":1440,"caption":"Vincenzo Castella - Vesuvio"},{"@type":"BreadcrumbList","@id":"https:\/\/www.studiolacitta.it\/en\/artist\/vincenzo-castella\/#breadcrumb","itemListElement":[{"@type":"ListItem","position":1,"name":"Home","item":"https:\/\/www.studiolacitta.it\/en\/"},{"@type":"ListItem","position":2,"name":"Vincenzo Castella"}]},{"@type":"WebSite","@id":"https:\/\/www.studiolacitta.it\/en\/#website","url":"https:\/\/www.studiolacitta.it\/en\/","name":"Studio la citt\u00e0","description":"","publisher":{"@id":"https:\/\/www.studiolacitta.it\/en\/#organization"},"potentialAction":[{"@type":"SearchAction","target":{"@type":"EntryPoint","urlTemplate":"https:\/\/www.studiolacitta.it\/en\/?s={search_term_string}"},"query-input":{"@type":"PropertyValueSpecification","valueRequired":true,"valueName":"search_term_string"}}],"inLanguage":"en-US"},{"@type":"Organization","@id":"https:\/\/www.studiolacitta.it\/en\/#organization","name":"Studio la citt\u00e0","url":"https:\/\/www.studiolacitta.it\/en\/","logo":{"@type":"ImageObject","inLanguage":"en-US","@id":"https:\/\/www.studiolacitta.it\/en\/#\/schema\/logo\/image\/","url":"https:\/\/www.studiolacitta.it\/wp-content\/uploads\/2025\/09\/cropped-logo_icona.png","contentUrl":"https:\/\/www.studiolacitta.it\/wp-content\/uploads\/2025\/09\/cropped-logo_icona.png","width":512,"height":512,"caption":"Studio la citt\u00e0"},"image":{"@id":"https:\/\/www.studiolacitta.it\/en\/#\/schema\/logo\/image\/"},"sameAs":["https:\/\/www.facebook.com\/studiolacitta","https:\/\/www.instagram.com\/studiolacitta\/","https:\/\/www.youtube.com\/channel\/UCCjmcwJra0A6dF23v-_fE7A"]},{"@type":"Person","@id":"https:\/\/www.studiolacitta.it\/en\/#\/schema\/person\/c39c72261f52af4220bcf15adfc8b336","name":"web_admin","image":{"@type":"ImageObject","inLanguage":"en-US","@id":"https:\/\/secure.gravatar.com\/avatar\/a24c2be5d6818e8dd43e73e2847f4b6c5940ab182642ec6057e524ece10186ca?s=96&d=identicon&r=g","url":"https:\/\/secure.gravatar.com\/avatar\/a24c2be5d6818e8dd43e73e2847f4b6c5940ab182642ec6057e524ece10186ca?s=96&d=identicon&r=g","contentUrl":"https:\/\/secure.gravatar.com\/avatar\/a24c2be5d6818e8dd43e73e2847f4b6c5940ab182642ec6057e524ece10186ca?s=96&d=identicon&r=g","caption":"web_admin"},"sameAs":["https:\/\/studiolacitta.it\/new"]}]}},"_links":{"self":[{"href":"https:\/\/www.studiolacitta.it\/en\/wp-json\/wp\/v2\/posts\/14033","targetHints":{"allow":["GET"]}}],"collection":[{"href":"https:\/\/www.studiolacitta.it\/en\/wp-json\/wp\/v2\/posts"}],"about":[{"href":"https:\/\/www.studiolacitta.it\/en\/wp-json\/wp\/v2\/types\/post"}],"author":[{"embeddable":true,"href":"https:\/\/www.studiolacitta.it\/en\/wp-json\/wp\/v2\/users\/1"}],"replies":[{"embeddable":true,"href":"https:\/\/www.studiolacitta.it\/en\/wp-json\/wp\/v2\/comments?post=14033"}],"version-history":[{"count":5,"href":"https:\/\/www.studiolacitta.it\/en\/wp-json\/wp\/v2\/posts\/14033\/revisions"}],"predecessor-version":[{"id":17094,"href":"https:\/\/www.studiolacitta.it\/en\/wp-json\/wp\/v2\/posts\/14033\/revisions\/17094"}],"wp:featuredmedia":[{"embeddable":true,"href":"https:\/\/www.studiolacitta.it\/en\/wp-json\/wp\/v2\/media\/14035"}],"wp:attachment":[{"href":"https:\/\/www.studiolacitta.it\/en\/wp-json\/wp\/v2\/media?parent=14033"}],"wp:term":[{"taxonomy":"category","embeddable":true,"href":"https:\/\/www.studiolacitta.it\/en\/wp-json\/wp\/v2\/categories?post=14033"},{"taxonomy":"post_tag","embeddable":true,"href":"https:\/\/www.studiolacitta.it\/en\/wp-json\/wp\/v2\/tags?post=14033"}],"curies":[{"name":"wp","href":"https:\/\/api.w.org\/{rel}","templated":true}]}}