{"id":13866,"date":"2025-09-23T13:05:18","date_gmt":"2025-09-23T11:05:18","guid":{"rendered":"https:\/\/www.studiolacitta.it\/senza-categoria\/il-respiro-nascosto-delle-cose\/"},"modified":"2025-10-28T09:45:24","modified_gmt":"2025-10-28T08:45:24","slug":"il-respiro-nascosto-delle-cose","status":"publish","type":"post","link":"https:\/\/www.studiolacitta.it\/en\/exhibition\/il-respiro-nascosto-delle-cose\/","title":{"rendered":"IL RESPIRO NASCOSTO DELLE COSE"},"content":{"rendered":"\t\t<div data-elementor-type=\"wp-post\" data-elementor-id=\"13866\" class=\"elementor elementor-13866 elementor-6645\" data-elementor-post-type=\"post\">\n\t\t\t\t<div class=\"elementor-element elementor-element-300416ca e-con-full e-flex e-con e-parent\" data-id=\"300416ca\" data-element_type=\"container\" data-e-type=\"container\">\n\t\t\t\t<div class=\"elementor-element elementor-element-71bd8dcc elementor-widget__width-inherit elementor--h-position-left elementor--v-position-bottom elementor-arrows-position-inside elementor-pagination-position-inside elementor-widget elementor-widget-slides\" data-id=\"71bd8dcc\" data-element_type=\"widget\" data-e-type=\"widget\" data-settings=\"{&quot;_animation&quot;:&quot;none&quot;,&quot;navigation&quot;:&quot;both&quot;,&quot;transition&quot;:&quot;slide&quot;,&quot;transition_speed&quot;:500}\" data-widget_type=\"slides.default\">\n\t\t\t\t\t\t\t\t\t\t<div class=\"elementor-slides-wrapper elementor-main-swiper swiper\" role=\"region\" aria-roledescription=\"carousel\" aria-label=\"Slides\" dir=\"ltr\" data-animation=\"\">\n\t\t\t\t<div class=\"swiper-wrapper elementor-slides\">\n\t\t\t\t\t\t\t\t\t\t<div class=\"elementor-repeater-item-0bb990a swiper-slide\" role=\"group\" aria-roledescription=\"slide\"><div class=\"swiper-slide-bg\" role=\"img\" aria-label=\"Studio la Citt\u00e0 - Il Respiro Nascosto delle Cose\"><\/div><div class=\"swiper-slide-inner\" ><div class=\"swiper-slide-contents\"><div class=\"elementor-slide-heading\">Il respiro nascosto delle cose<\/div><div class=\"elementor-slide-description\">Homage to H\u00e9l\u00e8ne de Franchis<\/div><\/div><\/div><\/div>\t\t\t\t<\/div>\n\t\t\t\t\t\t\t<\/div>\n\t\t\t\t\t\t\t\t<\/div>\n\t\t\t\t<\/div>\n\t\t<div class=\"elementor-element elementor-element-46539368 e-flex e-con-boxed e-con e-parent\" data-id=\"46539368\" data-element_type=\"container\" data-e-type=\"container\">\n\t\t\t\t\t<div class=\"e-con-inner\">\n\t\t\t\t<div class=\"elementor-element elementor-element-7e4b680 pubblicazioni-tab e-n-tabs-mobile elementor-widget elementor-widget-n-tabs\" data-id=\"7e4b680\" data-element_type=\"widget\" data-e-type=\"widget\" data-settings=\"{&quot;tabs_justify_horizontal&quot;:&quot;start&quot;,&quot;horizontal_scroll&quot;:&quot;disable&quot;}\" data-widget_type=\"nested-tabs.default\">\n\t\t\t\t\t\t\t<div class=\"e-n-tabs\" data-widget-number=\"132429440\" aria-label=\"Tabs. Open items with Enter or Space, close with Escape and navigate using the Arrow keys.\">\n\t\t\t<div class=\"e-n-tabs-heading\" role=\"tablist\">\n\t\t\t\t\t<button id=\"e-n-tab-title-1324294401\" data-tab-title-id=\"e-n-tab-title-1324294401\" class=\"e-n-tab-title\" aria-selected=\"true\" data-tab-index=\"1\" role=\"tab\" tabindex=\"0\" aria-controls=\"e-n-tab-content-1324294401\" style=\"--n-tabs-title-order: 1;\">\n\t\t\t\t\t\t<span class=\"e-n-tab-title-text\">\n\t\t\t\tExhibition\t\t\t<\/span>\n\t\t<\/button>\n\t\t\t\t<button id=\"e-n-tab-title-1324294402\" data-tab-title-id=\"e-n-tab-title-1324294402\" class=\"e-n-tab-title\" aria-selected=\"false\" data-tab-index=\"2\" role=\"tab\" tabindex=\"-1\" aria-controls=\"e-n-tab-content-1324294402\" style=\"--n-tabs-title-order: 2;\">\n\t\t\t\t\t\t<span class=\"e-n-tab-title-text\">\n\t\t\t\tInstallation\t\t\t<\/span>\n\t\t<\/button>\n\t\t\t\t<button id=\"e-n-tab-title-1324294403\" data-tab-title-id=\"e-n-tab-title-1324294403\" class=\"e-n-tab-title\" aria-selected=\"false\" data-tab-index=\"3\" role=\"tab\" tabindex=\"-1\" aria-controls=\"e-n-tab-content-1324294403\" style=\"--n-tabs-title-order: 3;\">\n\t\t\t\t\t\t<span class=\"e-n-tab-title-text\">\n\t\t\t\tArtwork\t\t\t<\/span>\n\t\t<\/button>\n\t\t\t\t<button id=\"e-n-tab-title-1324294404\" data-tab-title-id=\"e-n-tab-title-1324294404\" class=\"e-n-tab-title\" aria-selected=\"false\" data-tab-index=\"4\" role=\"tab\" tabindex=\"-1\" aria-controls=\"e-n-tab-content-1324294404\" style=\"--n-tabs-title-order: 4;\">\n\t\t\t\t\t\t<span class=\"e-n-tab-title-text\">\n\t\t\t\tArtists\t\t\t<\/span>\n\t\t<\/button>\n\t\t\t\t<button id=\"no-video-pochi\" data-tab-title-id=\"e-n-tab-title-1324294405\" class=\"e-n-tab-title\" aria-selected=\"false\" data-tab-index=\"5\" role=\"tab\" tabindex=\"-1\" aria-controls=\"e-n-tab-content-1324294405\" style=\"--n-tabs-title-order: 5;\">\n\t\t\t\t\t\t<span class=\"e-n-tab-title-text\">\n\t\t\t\tVideo\t\t\t<\/span>\n\t\t<\/button>\n\t\t\t\t<button id=\"e-n-tab-title-1324294406\" data-tab-title-id=\"e-n-tab-title-1324294406\" class=\"e-n-tab-title\" aria-selected=\"false\" data-tab-index=\"6\" role=\"tab\" tabindex=\"-1\" aria-controls=\"e-n-tab-content-1324294406\" style=\"--n-tabs-title-order: 6;\">\n\t\t\t\t\t\t<span class=\"e-n-tab-title-text\">\n\t\t\t\tPublications\t\t\t<\/span>\n\t\t<\/button>\n\t\t\t\t<button id=\"e-n-tab-title-1324294407\" data-tab-title-id=\"e-n-tab-title-1324294407\" class=\"e-n-tab-title\" aria-selected=\"false\" data-tab-index=\"7\" role=\"tab\" tabindex=\"-1\" aria-controls=\"e-n-tab-content-1324294407\" style=\"--n-tabs-title-order: 7;\">\n\t\t\t\t\t\t<span class=\"e-n-tab-title-text\">\n\t\t\t\tPress Releases\t\t\t<\/span>\n\t\t<\/button>\n\t\t\t\t\t<\/div>\n\t\t\t<div class=\"e-n-tabs-content\">\n\t\t\t\t<div id=\"e-n-tab-content-1324294401\" role=\"tabpanel\" aria-labelledby=\"e-n-tab-title-1324294401\" data-tab-index=\"1\" style=\"--n-tabs-title-order: 1;\" class=\"e-active elementor-element elementor-element-7432c27e e-flex e-con-boxed e-con e-child\" data-id=\"7432c27e\" data-element_type=\"container\" data-e-type=\"container\">\n\t\t\t\t\t<div class=\"e-con-inner\">\n\t\t\t\t<div class=\"elementor-element elementor-element-c3ddad4 elementor-widget__width-initial elementor-widget elementor-widget-text-editor\" data-id=\"c3ddad4\" data-element_type=\"widget\" data-e-type=\"widget\" data-widget_type=\"text-editor.default\">\n\t\t\t\t\t\t\t\t\tIn Torre Pallavicina, the fifteenth-century Palazzo Oldofredi, with its frescoed halls and barrel-vaulted brick cellars, along with the small church of San Rocco, provides the evocative setting for a diffused exhibition. The exhibition showcases thirteen artists whose autonomous stylistic lexicons are unified by a shared artistic ethos: a commitment to an intimate and profound exploration that eschews all forms of ostentation.<br>\r\nMost of these artists have been central to the curatorial vision of H\u00e9l\u00e8ne de Franchis at her gallery, Studio La Citt\u00e0, since the dawn of the new millennium. This exhibition is presented as a tribute to her. Titled Il Respiro Nascosto delle Cose (The Hidden Breath of Things), the show establishes an unpredictable dialectic where elective affinities facilitate a compelling interrogation of diverse artistic expressions. The dialogue unfolds through an interplay of forms, techniques, and languages, including several site-specific works created for the occasion.<br><br>\r\nAlberto Fiz, 2025\t\t\t\t\t\t\t\t<\/div>\n\t\t\t\t<div class=\"elementor-element elementor-element-1a5f1ac elementor-widget-divider--view-line elementor-widget elementor-widget-divider\" data-id=\"1a5f1ac\" data-element_type=\"widget\" data-e-type=\"widget\" data-widget_type=\"divider.default\">\n\t\t\t\t\t\t\t<div class=\"elementor-divider\">\n\t\t\t<span class=\"elementor-divider-separator\">\n\t\t\t\t\t\t<\/span>\n\t\t<\/div>\n\t\t\t\t\t\t<\/div>\n\t\t\t\t<div class=\"elementor-element elementor-element-790f3cc elementor-widget elementor-widget-text-editor\" data-id=\"790f3cc\" data-element_type=\"widget\" data-e-type=\"widget\" data-widget_type=\"text-editor.default\">\n\t\t\t\t\t\t\t\t\t<p><strong>Palazzo Oldofredi Tadini Botti<br \/><\/strong>Via San Rocco 1, 20050 Torre Pallavicina (BG) Italy<\/p><p>open for viewing until <strong>November 16, 2025<\/strong><\/p>\t\t\t\t\t\t\t\t<\/div>\n\t\t\t\t\t<\/div>\n\t\t\t\t<\/div>\n\t\t<div id=\"e-n-tab-content-1324294402\" role=\"tabpanel\" aria-labelledby=\"e-n-tab-title-1324294402\" data-tab-index=\"2\" style=\"--n-tabs-title-order: 2;\" class=\" elementor-element elementor-element-28d39af4 e-flex e-con-boxed e-con e-child\" data-id=\"28d39af4\" data-element_type=\"container\" data-e-type=\"container\">\n\t\t\t\t\t<div class=\"e-con-inner\">\n\t\t\t\t<div class=\"elementor-element elementor-element-2d64b0a9 e-n-tabs-mobile elementor-widget elementor-widget-n-tabs\" data-id=\"2d64b0a9\" data-element_type=\"widget\" data-e-type=\"widget\" data-settings=\"{&quot;horizontal_scroll&quot;:&quot;disable&quot;}\" data-widget_type=\"nested-tabs.default\">\n\t\t\t\t\t\t\t<div class=\"e-n-tabs\" data-widget-number=\"761573545\" aria-label=\"Tabs. Open items with Enter or Space, close with Escape and navigate using the Arrow keys.\">\n\t\t\t<div class=\"e-n-tabs-heading\" role=\"tablist\">\n\t\t\t\t\t<button id=\"e-n-tab-title-7615735451\" data-tab-title-id=\"e-n-tab-title-7615735451\" class=\"e-n-tab-title\" aria-selected=\"true\" data-tab-index=\"1\" role=\"tab\" tabindex=\"0\" aria-controls=\"e-n-tab-content-7615735451\" style=\"--n-tabs-title-order: 1;\">\n\t\t\t\t\t<span class=\"e-n-tab-icon\">\n\t\t\t<svg aria-hidden=\"true\" class=\"e-font-icon-svg e-fas-border-all\" viewBox=\"0 0 448 512\" xmlns=\"http:\/\/www.w3.org\/2000\/svg\"><path d=\"M416 32H32A32 32 0 0 0 0 64v384a32 32 0 0 0 32 32h384a32 32 0 0 0 32-32V64a32 32 0 0 0-32-32zm-32 64v128H256V96zm-192 0v128H64V96zM64 416V288h128v128zm192 0V288h128v128z\"><\/path><\/svg>\t\t\t<svg aria-hidden=\"true\" class=\"e-font-icon-svg e-fas-border-all\" viewBox=\"0 0 448 512\" xmlns=\"http:\/\/www.w3.org\/2000\/svg\"><path d=\"M416 32H32A32 32 0 0 0 0 64v384a32 32 0 0 0 32 32h384a32 32 0 0 0 32-32V64a32 32 0 0 0-32-32zm-32 64v128H256V96zm-192 0v128H64V96zM64 416V288h128v128zm192 0V288h128v128z\"><\/path><\/svg>\t\t<\/span>\n\t\t\t\t\t<span class=\"e-n-tab-title-text\">\n\t\t\t\t\t\t\t<\/span>\n\t\t<\/button>\n\t\t\t\t<button id=\"e-n-tab-title-7615735452\" data-tab-title-id=\"e-n-tab-title-7615735452\" class=\"e-n-tab-title\" aria-selected=\"false\" data-tab-index=\"2\" role=\"tab\" tabindex=\"-1\" aria-controls=\"e-n-tab-content-7615735452\" style=\"--n-tabs-title-order: 2;\">\n\t\t\t\t\t<span class=\"e-n-tab-icon\">\n\t\t\t<svg aria-hidden=\"true\" class=\"e-font-icon-svg e-far-clone\" viewBox=\"0 0 512 512\" xmlns=\"http:\/\/www.w3.org\/2000\/svg\"><path d=\"M464 0H144c-26.51 0-48 21.49-48 48v48H48c-26.51 0-48 21.49-48 48v320c0 26.51 21.49 48 48 48h320c26.51 0 48-21.49 48-48v-48h48c26.51 0 48-21.49 48-48V48c0-26.51-21.49-48-48-48zM362 464H54a6 6 0 0 1-6-6V150a6 6 0 0 1 6-6h42v224c0 26.51 21.49 48 48 48h224v42a6 6 0 0 1-6 6zm96-96H150a6 6 0 0 1-6-6V54a6 6 0 0 1 6-6h308a6 6 0 0 1 6 6v308a6 6 0 0 1-6 6z\"><\/path><\/svg>\t\t\t<svg aria-hidden=\"true\" class=\"e-font-icon-svg e-far-clone\" viewBox=\"0 0 512 512\" xmlns=\"http:\/\/www.w3.org\/2000\/svg\"><path d=\"M464 0H144c-26.51 0-48 21.49-48 48v48H48c-26.51 0-48 21.49-48 48v320c0 26.51 21.49 48 48 48h320c26.51 0 48-21.49 48-48v-48h48c26.51 0 48-21.49 48-48V48c0-26.51-21.49-48-48-48zM362 464H54a6 6 0 0 1-6-6V150a6 6 0 0 1 6-6h42v224c0 26.51 21.49 48 48 48h224v42a6 6 0 0 1-6 6zm96-96H150a6 6 0 0 1-6-6V54a6 6 0 0 1 6-6h308a6 6 0 0 1 6 6v308a6 6 0 0 1-6 6z\"><\/path><\/svg>\t\t<\/span>\n\t\t\t\t\t<span class=\"e-n-tab-title-text\">\n\t\t\t\t\t\t\t<\/span>\n\t\t<\/button>\n\t\t\t\t\t<\/div>\n\t\t\t<div class=\"e-n-tabs-content\">\n\t\t\t\t<div id=\"e-n-tab-content-7615735451\" role=\"tabpanel\" aria-labelledby=\"e-n-tab-title-7615735451\" data-tab-index=\"1\" style=\"--n-tabs-title-order: 1;\" class=\"e-active elementor-element elementor-element-5a057026 e-con-full e-flex e-con e-child\" data-id=\"5a057026\" data-element_type=\"container\" data-e-type=\"container\">\n\t\t\t\t<div class=\"elementor-element elementor-element-e11980d elementor-widget elementor-widget-gallery\" data-id=\"e11980d\" data-element_type=\"widget\" data-e-type=\"widget\" data-settings=\"{&quot;columns&quot;:6,&quot;gap&quot;:{&quot;unit&quot;:&quot;px&quot;,&quot;size&quot;:15,&quot;sizes&quot;:[]},&quot;aspect_ratio&quot;:&quot;1:1&quot;,&quot;columns_tablet&quot;:3,&quot;columns_mobile&quot;:2,&quot;lazyload&quot;:&quot;yes&quot;,&quot;gallery_layout&quot;:&quot;grid&quot;,&quot;gap_tablet&quot;:{&quot;unit&quot;:&quot;px&quot;,&quot;size&quot;:10,&quot;sizes&quot;:[]},&quot;gap_mobile&quot;:{&quot;unit&quot;:&quot;px&quot;,&quot;size&quot;:10,&quot;sizes&quot;:[]},&quot;link_to&quot;:&quot;file&quot;,&quot;overlay_background&quot;:&quot;yes&quot;,&quot;content_hover_animation&quot;:&quot;fade-in&quot;}\" data-widget_type=\"gallery.default\">\n\t\t\t\t\t\t\t\t<div class=\"elementor-gallery__titles-container e--pointer-none\" aria-label=\"Gallery filter\">\n\t\t\t\t\n\t\t\t\t\t\t\t\t\t<a class=\"elementor-item elementor-gallery-title\" role=\"button\" tabindex=\"0\" data-gallery-index=\"0\">\n\t\t\t\t\t\t\t\t\t\t\t<\/a>\n\t\t\t\t\t\t\t\t<\/div>\n\t\t\t\t\t<div class=\"elementor-gallery__container\">\n\t\t\t\t\t\t\t<a class=\"e-gallery-item elementor-gallery-item elementor-animated-content\" data-e-gallery-tags=\"0\" href=\"https:\/\/www.studiolacitta.it\/wp-content\/uploads\/2025\/10\/01_Carboni_Mangold_RNC_9_PEL_4471-scaled.jpg\" data-elementor-open-lightbox=\"yes\" data-elementor-lightbox-slideshow=\"e11980d\" data-elementor-lightbox-title=\"Il Respiro Nascosto delle Cose\" data-elementor-lightbox-description=\"2025 - Palazzo Oldofredi Tadini Botti, Torre Pallavicina\" data-e-action-hash=\"#elementor-action%3Aaction%3Dlightbox%26settings%3DeyJpZCI6MTM1MjIsInVybCI6Imh0dHBzOlwvXC93d3cuc3R1ZGlvbGFjaXR0YS5pdFwvd3AtY29udGVudFwvdXBsb2Fkc1wvMjAyNVwvMTBcLzAxX0NhcmJvbmlfTWFuZ29sZF9STkNfOV9QRUxfNDQ3MS1zY2FsZWQuanBnIiwic2xpZGVzaG93IjoiZTExOTgwZCJ9\">\n\t\t\t\t\t<div class=\"e-gallery-image elementor-gallery-item__image\" data-thumbnail=\"https:\/\/www.studiolacitta.it\/wp-content\/uploads\/2025\/10\/01_Carboni_Mangold_RNC_9_PEL_4471-768x512.jpg\" data-width=\"768\" data-height=\"512\" aria-label=\"Il Respiro Nascosto delle Cose - 2025 - Studio la Citt\u00e0 - Verona - Contemporary Art\" role=\"img\" ><\/div>\n\t\t\t\t\t\t\t\t\t\t\t<div class=\"elementor-gallery-item__overlay\"><\/div>\n\t\t\t\t\t\t\t\t\t\t\t\t\t\t<\/a>\n\t\t\t\t\t\t\t<a class=\"e-gallery-item elementor-gallery-item elementor-animated-content\" data-e-gallery-tags=\"0\" href=\"https:\/\/www.studiolacitta.it\/wp-content\/uploads\/2025\/10\/02_Hamak_RNC_2025_1_PEL_4848-scaled.jpg\" data-elementor-open-lightbox=\"yes\" data-elementor-lightbox-slideshow=\"e11980d\" data-elementor-lightbox-title=\"Il Respiro Nascosto delle Cose\" data-elementor-lightbox-description=\"2025 - Palazzo Oldofredi Tadini Botti, Torre Pallavicina\" data-e-action-hash=\"#elementor-action%3Aaction%3Dlightbox%26settings%3DeyJpZCI6MTM1MjMsInVybCI6Imh0dHBzOlwvXC93d3cuc3R1ZGlvbGFjaXR0YS5pdFwvd3AtY29udGVudFwvdXBsb2Fkc1wvMjAyNVwvMTBcLzAyX0hhbWFrX1JOQ18yMDI1XzFfUEVMXzQ4NDgtc2NhbGVkLmpwZyIsInNsaWRlc2hvdyI6ImUxMTk4MGQifQ%3D%3D\">\n\t\t\t\t\t<div class=\"e-gallery-image elementor-gallery-item__image\" data-thumbnail=\"https:\/\/www.studiolacitta.it\/wp-content\/uploads\/2025\/10\/02_Hamak_RNC_2025_1_PEL_4848-768x1152.jpg\" data-width=\"768\" data-height=\"1152\" aria-label=\"Il Respiro Nascosto delle Cose - 2025 - Studio la Citt\u00e0 - Verona - Contemporary Art\" role=\"img\" ><\/div>\n\t\t\t\t\t\t\t\t\t\t\t<div class=\"elementor-gallery-item__overlay\"><\/div>\n\t\t\t\t\t\t\t\t\t\t\t\t\t\t<\/a>\n\t\t\t\t\t\t\t<a class=\"e-gallery-item elementor-gallery-item elementor-animated-content\" data-e-gallery-tags=\"0\" href=\"https:\/\/www.studiolacitta.it\/wp-content\/uploads\/2025\/10\/03_Hamak_RNC_7_PEL_4635-scaled.jpg\" data-elementor-open-lightbox=\"yes\" data-elementor-lightbox-slideshow=\"e11980d\" data-elementor-lightbox-title=\"Il Respiro Nascosto delle Cose\" data-elementor-lightbox-description=\"2025 - Palazzo Oldofredi Tadini Botti, Torre Pallavicina\" data-e-action-hash=\"#elementor-action%3Aaction%3Dlightbox%26settings%3DeyJpZCI6MTM1MjQsInVybCI6Imh0dHBzOlwvXC93d3cuc3R1ZGlvbGFjaXR0YS5pdFwvd3AtY29udGVudFwvdXBsb2Fkc1wvMjAyNVwvMTBcLzAzX0hhbWFrX1JOQ183X1BFTF80NjM1LXNjYWxlZC5qcGciLCJzbGlkZXNob3ciOiJlMTE5ODBkIn0%3D\">\n\t\t\t\t\t<div class=\"e-gallery-image elementor-gallery-item__image\" data-thumbnail=\"https:\/\/www.studiolacitta.it\/wp-content\/uploads\/2025\/10\/03_Hamak_RNC_7_PEL_4635-768x1152.jpg\" data-width=\"768\" data-height=\"1152\" aria-label=\"Il Respiro Nascosto delle Cose - 2025 - Studio la Citt\u00e0 - Verona - Contemporary Art\" role=\"img\" ><\/div>\n\t\t\t\t\t\t\t\t\t\t\t<div class=\"elementor-gallery-item__overlay\"><\/div>\n\t\t\t\t\t\t\t\t\t\t\t\t\t\t<\/a>\n\t\t\t\t\t\t\t<a class=\"e-gallery-item elementor-gallery-item elementor-animated-content\" data-e-gallery-tags=\"0\" href=\"https:\/\/www.studiolacitta.it\/wp-content\/uploads\/2025\/10\/04_Passalacqua_RNC_8_PEL_4774-scaled.jpg\" data-elementor-open-lightbox=\"yes\" data-elementor-lightbox-slideshow=\"e11980d\" data-elementor-lightbox-title=\"Il Respiro Nascosto delle Cose\" data-elementor-lightbox-description=\"2025 - Palazzo Oldofredi Tadini Botti, Torre Pallavicina\" data-e-action-hash=\"#elementor-action%3Aaction%3Dlightbox%26settings%3DeyJpZCI6MTM1MjUsInVybCI6Imh0dHBzOlwvXC93d3cuc3R1ZGlvbGFjaXR0YS5pdFwvd3AtY29udGVudFwvdXBsb2Fkc1wvMjAyNVwvMTBcLzA0X1Bhc3NhbGFjcXVhX1JOQ184X1BFTF80Nzc0LXNjYWxlZC5qcGciLCJzbGlkZXNob3ciOiJlMTE5ODBkIn0%3D\">\n\t\t\t\t\t<div class=\"e-gallery-image elementor-gallery-item__image\" data-thumbnail=\"https:\/\/www.studiolacitta.it\/wp-content\/uploads\/2025\/10\/04_Passalacqua_RNC_8_PEL_4774-768x1152.jpg\" data-width=\"768\" data-height=\"1152\" aria-label=\"Il Respiro Nascosto delle Cose - 2025 - Studio la Citt\u00e0 - Verona - Contemporary Art\" role=\"img\" ><\/div>\n\t\t\t\t\t\t\t\t\t\t\t<div class=\"elementor-gallery-item__overlay\"><\/div>\n\t\t\t\t\t\t\t\t\t\t\t\t\t\t<\/a>\n\t\t\t\t\t\t\t<a class=\"e-gallery-item elementor-gallery-item elementor-animated-content\" data-e-gallery-tags=\"0\" href=\"https:\/\/www.studiolacitta.it\/wp-content\/uploads\/2025\/10\/05_Hamak_Hashimoto_RNC_4_PEL_4349-scaled.jpg\" data-elementor-open-lightbox=\"yes\" data-elementor-lightbox-slideshow=\"e11980d\" data-elementor-lightbox-title=\"Il Respiro Nascosto delle Cose\" data-elementor-lightbox-description=\"2025 - Palazzo Oldofredi Tadini Botti, Torre Pallavicina\" data-e-action-hash=\"#elementor-action%3Aaction%3Dlightbox%26settings%3DeyJpZCI6MTM1MjcsInVybCI6Imh0dHBzOlwvXC93d3cuc3R1ZGlvbGFjaXR0YS5pdFwvd3AtY29udGVudFwvdXBsb2Fkc1wvMjAyNVwvMTBcLzA1X0hhbWFrX0hhc2hpbW90b19STkNfNF9QRUxfNDM0OS1zY2FsZWQuanBnIiwic2xpZGVzaG93IjoiZTExOTgwZCJ9\">\n\t\t\t\t\t<div class=\"e-gallery-image elementor-gallery-item__image\" data-thumbnail=\"https:\/\/www.studiolacitta.it\/wp-content\/uploads\/2025\/10\/05_Hamak_Hashimoto_RNC_4_PEL_4349-768x512.jpg\" data-width=\"768\" data-height=\"512\" aria-label=\"Il Respiro Nascosto delle Cose - 2025 - Studio la Citt\u00e0 - Verona - Contemporary Art\" role=\"img\" ><\/div>\n\t\t\t\t\t\t\t\t\t\t\t<div class=\"elementor-gallery-item__overlay\"><\/div>\n\t\t\t\t\t\t\t\t\t\t\t\t\t\t<\/a>\n\t\t\t\t\t\t\t<a class=\"e-gallery-item elementor-gallery-item elementor-animated-content\" data-e-gallery-tags=\"0\" href=\"https:\/\/www.studiolacitta.it\/wp-content\/uploads\/2025\/10\/05_Hashimoto_Hamak_RNC_2_PEL_4672-scaled.jpg\" data-elementor-open-lightbox=\"yes\" data-elementor-lightbox-slideshow=\"e11980d\" data-elementor-lightbox-title=\"Il Respiro Nascosto delle Cose\" data-elementor-lightbox-description=\"2025 - Palazzo Oldofredi Tadini Botti, Torre Pallavicina\" data-e-action-hash=\"#elementor-action%3Aaction%3Dlightbox%26settings%3DeyJpZCI6MTM1MjgsInVybCI6Imh0dHBzOlwvXC93d3cuc3R1ZGlvbGFjaXR0YS5pdFwvd3AtY29udGVudFwvdXBsb2Fkc1wvMjAyNVwvMTBcLzA1X0hhc2hpbW90b19IYW1ha19STkNfMl9QRUxfNDY3Mi1zY2FsZWQuanBnIiwic2xpZGVzaG93IjoiZTExOTgwZCJ9\">\n\t\t\t\t\t<div class=\"e-gallery-image elementor-gallery-item__image\" data-thumbnail=\"https:\/\/www.studiolacitta.it\/wp-content\/uploads\/2025\/10\/05_Hashimoto_Hamak_RNC_2_PEL_4672-768x1152.jpg\" data-width=\"768\" data-height=\"1152\" aria-label=\"Il Respiro Nascosto delle Cose - 2025 - Studio la Citt\u00e0 - Verona - Contemporary Art\" role=\"img\" ><\/div>\n\t\t\t\t\t\t\t\t\t\t\t<div class=\"elementor-gallery-item__overlay\"><\/div>\n\t\t\t\t\t\t\t\t\t\t\t\t\t\t<\/a>\n\t\t\t\t\t\t\t<a class=\"e-gallery-item elementor-gallery-item elementor-animated-content\" data-e-gallery-tags=\"0\" href=\"https:\/\/www.studiolacitta.it\/wp-content\/uploads\/2025\/10\/5_Hamak_Hashimoto_RNC_3_PEL_4342-scaled.jpg\" data-elementor-open-lightbox=\"yes\" data-elementor-lightbox-slideshow=\"e11980d\" data-elementor-lightbox-title=\"Il Respiro Nascosto delle Cose\" data-elementor-lightbox-description=\"2025 - Palazzo Oldofredi Tadini Botti, Torre Pallavicina\" data-e-action-hash=\"#elementor-action%3Aaction%3Dlightbox%26settings%3DeyJpZCI6MTM1MjksInVybCI6Imh0dHBzOlwvXC93d3cuc3R1ZGlvbGFjaXR0YS5pdFwvd3AtY29udGVudFwvdXBsb2Fkc1wvMjAyNVwvMTBcLzVfSGFtYWtfSGFzaGltb3RvX1JOQ18zX1BFTF80MzQyLXNjYWxlZC5qcGciLCJzbGlkZXNob3ciOiJlMTE5ODBkIn0%3D\">\n\t\t\t\t\t<div class=\"e-gallery-image elementor-gallery-item__image\" data-thumbnail=\"https:\/\/www.studiolacitta.it\/wp-content\/uploads\/2025\/10\/5_Hamak_Hashimoto_RNC_3_PEL_4342-768x1152.jpg\" data-width=\"768\" data-height=\"1152\" aria-label=\"Il Respiro Nascosto delle Cose - 2025 - Studio la Citt\u00e0 - Verona - Contemporary Art\" role=\"img\" ><\/div>\n\t\t\t\t\t\t\t\t\t\t\t<div class=\"elementor-gallery-item__overlay\"><\/div>\n\t\t\t\t\t\t\t\t\t\t\t\t\t\t<\/a>\n\t\t\t\t\t\t\t<a class=\"e-gallery-item elementor-gallery-item elementor-animated-content\" data-e-gallery-tags=\"0\" href=\"https:\/\/www.studiolacitta.it\/wp-content\/uploads\/2025\/10\/6_Hamak_RNC_5_PEL_4377-scaled.jpg\" data-elementor-open-lightbox=\"yes\" data-elementor-lightbox-slideshow=\"e11980d\" data-elementor-lightbox-title=\"Il Respiro Nascosto delle Cose\" data-elementor-lightbox-description=\"2025 - Palazzo Oldofredi Tadini Botti, Torre Pallavicina\" data-e-action-hash=\"#elementor-action%3Aaction%3Dlightbox%26settings%3DeyJpZCI6MTM1MzAsInVybCI6Imh0dHBzOlwvXC93d3cuc3R1ZGlvbGFjaXR0YS5pdFwvd3AtY29udGVudFwvdXBsb2Fkc1wvMjAyNVwvMTBcLzZfSGFtYWtfUk5DXzVfUEVMXzQzNzctc2NhbGVkLmpwZyIsInNsaWRlc2hvdyI6ImUxMTk4MGQifQ%3D%3D\">\n\t\t\t\t\t<div class=\"e-gallery-image elementor-gallery-item__image\" data-thumbnail=\"https:\/\/www.studiolacitta.it\/wp-content\/uploads\/2025\/10\/6_Hamak_RNC_5_PEL_4377-768x512.jpg\" data-width=\"768\" data-height=\"512\" aria-label=\"Il Respiro Nascosto delle Cose - 2025 - Studio la Citt\u00e0 - Verona - Contemporary Art\" role=\"img\" ><\/div>\n\t\t\t\t\t\t\t\t\t\t\t<div class=\"elementor-gallery-item__overlay\"><\/div>\n\t\t\t\t\t\t\t\t\t\t\t\t\t\t<\/a>\n\t\t\t\t\t\t\t<a class=\"e-gallery-item elementor-gallery-item elementor-animated-content\" data-e-gallery-tags=\"0\" href=\"https:\/\/www.studiolacitta.it\/wp-content\/uploads\/2025\/10\/07_Hamak_Il-Respiro-Nascosto-delle-Cose_2025_1_PEL_4382-scaled.jpg\" data-elementor-open-lightbox=\"yes\" data-elementor-lightbox-slideshow=\"e11980d\" data-elementor-lightbox-title=\"Il Respiro Nascosto delle Cose\" data-elementor-lightbox-description=\"2025 - Palazzo Oldofredi Tadini Botti, Torre Pallavicina\" data-e-action-hash=\"#elementor-action%3Aaction%3Dlightbox%26settings%3DeyJpZCI6MTM1MzEsInVybCI6Imh0dHBzOlwvXC93d3cuc3R1ZGlvbGFjaXR0YS5pdFwvd3AtY29udGVudFwvdXBsb2Fkc1wvMjAyNVwvMTBcLzA3X0hhbWFrX0lsLVJlc3Bpcm8tTmFzY29zdG8tZGVsbGUtQ29zZV8yMDI1XzFfUEVMXzQzODItc2NhbGVkLmpwZyIsInNsaWRlc2hvdyI6ImUxMTk4MGQifQ%3D%3D\">\n\t\t\t\t\t<div class=\"e-gallery-image elementor-gallery-item__image\" data-thumbnail=\"https:\/\/www.studiolacitta.it\/wp-content\/uploads\/2025\/10\/07_Hamak_Il-Respiro-Nascosto-delle-Cose_2025_1_PEL_4382-768x1152.jpg\" data-width=\"768\" data-height=\"1152\" aria-label=\"Il Respiro Nascosto delle Cose - 2025 - Studio la Citt\u00e0 - Verona - Contemporary Art\" role=\"img\" ><\/div>\n\t\t\t\t\t\t\t\t\t\t\t<div class=\"elementor-gallery-item__overlay\"><\/div>\n\t\t\t\t\t\t\t\t\t\t\t\t\t\t<\/a>\n\t\t\t\t\t\t\t<a class=\"e-gallery-item elementor-gallery-item elementor-animated-content\" data-e-gallery-tags=\"0\" href=\"https:\/\/www.studiolacitta.it\/wp-content\/uploads\/2025\/10\/09_Arends_Respiro-Nascosto-delle-Cose_2025_1_PEL_4455-scaled.jpg\" data-elementor-open-lightbox=\"yes\" data-elementor-lightbox-slideshow=\"e11980d\" data-elementor-lightbox-title=\"Il Respiro Nascosto delle Cose\" data-elementor-lightbox-description=\"2025 - Palazzo Oldofredi Tadini Botti, Torre Pallavicina\" data-e-action-hash=\"#elementor-action%3Aaction%3Dlightbox%26settings%3DeyJpZCI6MTM1MzIsInVybCI6Imh0dHBzOlwvXC93d3cuc3R1ZGlvbGFjaXR0YS5pdFwvd3AtY29udGVudFwvdXBsb2Fkc1wvMjAyNVwvMTBcLzA5X0FyZW5kc19SZXNwaXJvLU5hc2Nvc3RvLWRlbGxlLUNvc2VfMjAyNV8xX1BFTF80NDU1LXNjYWxlZC5qcGciLCJzbGlkZXNob3ciOiJlMTE5ODBkIn0%3D\">\n\t\t\t\t\t<div class=\"e-gallery-image elementor-gallery-item__image\" data-thumbnail=\"https:\/\/www.studiolacitta.it\/wp-content\/uploads\/2025\/10\/09_Arends_Respiro-Nascosto-delle-Cose_2025_1_PEL_4455-768x1152.jpg\" data-width=\"768\" data-height=\"1152\" aria-label=\"Il Respiro Nascosto delle Cose - 2025 - Studio la Citt\u00e0 - Verona - Contemporary Art\" role=\"img\" ><\/div>\n\t\t\t\t\t\t\t\t\t\t\t<div class=\"elementor-gallery-item__overlay\"><\/div>\n\t\t\t\t\t\t\t\t\t\t\t\t\t\t<\/a>\n\t\t\t\t\t\t\t<a class=\"e-gallery-item elementor-gallery-item elementor-animated-content\" data-e-gallery-tags=\"0\" href=\"https:\/\/www.studiolacitta.it\/wp-content\/uploads\/2025\/10\/10_Carboni_Mangold_RNC_12_PEL_4480-scaled.jpg\" data-elementor-open-lightbox=\"yes\" data-elementor-lightbox-slideshow=\"e11980d\" data-elementor-lightbox-title=\"Il Respiro Nascosto delle Cose\" data-elementor-lightbox-description=\"2025 - Palazzo Oldofredi Tadini Botti, Torre Pallavicina\" data-e-action-hash=\"#elementor-action%3Aaction%3Dlightbox%26settings%3DeyJpZCI6MTM1MzMsInVybCI6Imh0dHBzOlwvXC93d3cuc3R1ZGlvbGFjaXR0YS5pdFwvd3AtY29udGVudFwvdXBsb2Fkc1wvMjAyNVwvMTBcLzEwX0NhcmJvbmlfTWFuZ29sZF9STkNfMTJfUEVMXzQ0ODAtc2NhbGVkLmpwZyIsInNsaWRlc2hvdyI6ImUxMTk4MGQifQ%3D%3D\">\n\t\t\t\t\t<div class=\"e-gallery-image elementor-gallery-item__image\" data-thumbnail=\"https:\/\/www.studiolacitta.it\/wp-content\/uploads\/2025\/10\/10_Carboni_Mangold_RNC_12_PEL_4480-768x512.jpg\" data-width=\"768\" data-height=\"512\" aria-label=\"Il Respiro Nascosto delle Cose - 2025 - Studio la Citt\u00e0 - Verona - Contemporary Art\" role=\"img\" ><\/div>\n\t\t\t\t\t\t\t\t\t\t\t<div class=\"elementor-gallery-item__overlay\"><\/div>\n\t\t\t\t\t\t\t\t\t\t\t\t\t\t<\/a>\n\t\t\t\t\t\t\t<a class=\"e-gallery-item elementor-gallery-item elementor-animated-content\" data-e-gallery-tags=\"0\" href=\"https:\/\/www.studiolacitta.it\/wp-content\/uploads\/2025\/10\/11_Mangold_Castella_Arends_RNC_11_PEL_4460-scaled.jpg\" data-elementor-open-lightbox=\"yes\" data-elementor-lightbox-slideshow=\"e11980d\" data-elementor-lightbox-title=\"Il Respiro Nascosto delle Cose\" data-elementor-lightbox-description=\"2025 - Palazzo Oldofredi Tadini Botti, Torre Pallavicina\" data-e-action-hash=\"#elementor-action%3Aaction%3Dlightbox%26settings%3DeyJpZCI6MTM1MzQsInVybCI6Imh0dHBzOlwvXC93d3cuc3R1ZGlvbGFjaXR0YS5pdFwvd3AtY29udGVudFwvdXBsb2Fkc1wvMjAyNVwvMTBcLzExX01hbmdvbGRfQ2FzdGVsbGFfQXJlbmRzX1JOQ18xMV9QRUxfNDQ2MC1zY2FsZWQuanBnIiwic2xpZGVzaG93IjoiZTExOTgwZCJ9\">\n\t\t\t\t\t<div class=\"e-gallery-image elementor-gallery-item__image\" data-thumbnail=\"https:\/\/www.studiolacitta.it\/wp-content\/uploads\/2025\/10\/11_Mangold_Castella_Arends_RNC_11_PEL_4460-768x512.jpg\" data-width=\"768\" data-height=\"512\" aria-label=\"Il Respiro Nascosto delle Cose - 2025 - Studio la Citt\u00e0 - Verona - Contemporary Art\" role=\"img\" ><\/div>\n\t\t\t\t\t\t\t\t\t\t\t<div class=\"elementor-gallery-item__overlay\"><\/div>\n\t\t\t\t\t\t\t\t\t\t\t\t\t\t<\/a>\n\t\t\t\t\t\t\t<a class=\"e-gallery-item elementor-gallery-item elementor-animated-content\" data-e-gallery-tags=\"0\" href=\"https:\/\/www.studiolacitta.it\/wp-content\/uploads\/2025\/10\/12_Mangold_Passalacqua_RNC_12_PEL_4419-scaled.jpg\" data-elementor-open-lightbox=\"yes\" data-elementor-lightbox-slideshow=\"e11980d\" data-elementor-lightbox-title=\"Il Respiro Nascosto delle Cose\" data-elementor-lightbox-description=\"2025 - Palazzo Oldofredi Tadini Botti, Torre Pallavicina\" data-e-action-hash=\"#elementor-action%3Aaction%3Dlightbox%26settings%3DeyJpZCI6MTM1MzUsInVybCI6Imh0dHBzOlwvXC93d3cuc3R1ZGlvbGFjaXR0YS5pdFwvd3AtY29udGVudFwvdXBsb2Fkc1wvMjAyNVwvMTBcLzEyX01hbmdvbGRfUGFzc2FsYWNxdWFfUk5DXzEyX1BFTF80NDE5LXNjYWxlZC5qcGciLCJzbGlkZXNob3ciOiJlMTE5ODBkIn0%3D\">\n\t\t\t\t\t<div class=\"e-gallery-image elementor-gallery-item__image\" data-thumbnail=\"https:\/\/www.studiolacitta.it\/wp-content\/uploads\/2025\/10\/12_Mangold_Passalacqua_RNC_12_PEL_4419-768x1152.jpg\" data-width=\"768\" data-height=\"1152\" aria-label=\"Il Respiro Nascosto delle Cose - 2025 - Studio la Citt\u00e0 - Verona - Contemporary Art\" role=\"img\" ><\/div>\n\t\t\t\t\t\t\t\t\t\t\t<div class=\"elementor-gallery-item__overlay\"><\/div>\n\t\t\t\t\t\t\t\t\t\t\t\t\t\t<\/a>\n\t\t\t\t\t\t\t<a class=\"e-gallery-item elementor-gallery-item elementor-animated-content\" data-e-gallery-tags=\"0\" href=\"https:\/\/www.studiolacitta.it\/wp-content\/uploads\/2025\/10\/13_Mangold_Castella_Arends_RNC_13_PEL_4469-scaled.jpg\" data-elementor-open-lightbox=\"yes\" data-elementor-lightbox-slideshow=\"e11980d\" data-elementor-lightbox-title=\"Il Respiro Nascosto delle Cose\" data-elementor-lightbox-description=\"2025 - Palazzo Oldofredi Tadini Botti, Torre Pallavicina\" data-e-action-hash=\"#elementor-action%3Aaction%3Dlightbox%26settings%3DeyJpZCI6MTM1MzYsInVybCI6Imh0dHBzOlwvXC93d3cuc3R1ZGlvbGFjaXR0YS5pdFwvd3AtY29udGVudFwvdXBsb2Fkc1wvMjAyNVwvMTBcLzEzX01hbmdvbGRfQ2FzdGVsbGFfQXJlbmRzX1JOQ18xM19QRUxfNDQ2OS1zY2FsZWQuanBnIiwic2xpZGVzaG93IjoiZTExOTgwZCJ9\">\n\t\t\t\t\t<div class=\"e-gallery-image elementor-gallery-item__image\" data-thumbnail=\"https:\/\/www.studiolacitta.it\/wp-content\/uploads\/2025\/10\/13_Mangold_Castella_Arends_RNC_13_PEL_4469-768x1152.jpg\" data-width=\"768\" data-height=\"1152\" aria-label=\"Il Respiro Nascosto delle Cose - 2025 - Studio la Citt\u00e0 - Verona - Contemporary Art\" role=\"img\" ><\/div>\n\t\t\t\t\t\t\t\t\t\t\t<div class=\"elementor-gallery-item__overlay\"><\/div>\n\t\t\t\t\t\t\t\t\t\t\t\t\t\t<\/a>\n\t\t\t\t\t\t\t<a class=\"e-gallery-item elementor-gallery-item elementor-animated-content\" data-e-gallery-tags=\"0\" href=\"https:\/\/www.studiolacitta.it\/wp-content\/uploads\/2025\/10\/15_Mangold_Carboni_Castella_RNC_15_PEL_4540-scaled.jpg\" data-elementor-open-lightbox=\"yes\" data-elementor-lightbox-slideshow=\"e11980d\" data-elementor-lightbox-title=\"Il Respiro Nascosto delle Cose\" data-elementor-lightbox-description=\"2025 - Palazzo Oldofredi Tadini Botti, Torre Pallavicina\" data-e-action-hash=\"#elementor-action%3Aaction%3Dlightbox%26settings%3DeyJpZCI6MTM1MzcsInVybCI6Imh0dHBzOlwvXC93d3cuc3R1ZGlvbGFjaXR0YS5pdFwvd3AtY29udGVudFwvdXBsb2Fkc1wvMjAyNVwvMTBcLzE1X01hbmdvbGRfQ2FyYm9uaV9DYXN0ZWxsYV9STkNfMTVfUEVMXzQ1NDAtc2NhbGVkLmpwZyIsInNsaWRlc2hvdyI6ImUxMTk4MGQifQ%3D%3D\">\n\t\t\t\t\t<div class=\"e-gallery-image elementor-gallery-item__image\" data-thumbnail=\"https:\/\/www.studiolacitta.it\/wp-content\/uploads\/2025\/10\/15_Mangold_Carboni_Castella_RNC_15_PEL_4540-768x512.jpg\" data-width=\"768\" data-height=\"512\" aria-label=\"Il Respiro Nascosto delle Cose - 2025 - Studio la Citt\u00e0 - Verona - Contemporary Art\" role=\"img\" ><\/div>\n\t\t\t\t\t\t\t\t\t\t\t<div class=\"elementor-gallery-item__overlay\"><\/div>\n\t\t\t\t\t\t\t\t\t\t\t\t\t\t<\/a>\n\t\t\t\t\t\t\t<a class=\"e-gallery-item elementor-gallery-item elementor-animated-content\" data-e-gallery-tags=\"0\" href=\"https:\/\/www.studiolacitta.it\/wp-content\/uploads\/2025\/10\/16_Lukas_Castella_RNC_16_PEL_4584-scaled.jpg\" data-elementor-open-lightbox=\"yes\" data-elementor-lightbox-slideshow=\"e11980d\" data-elementor-lightbox-title=\"Il Respiro Nascosto delle Cose\" data-elementor-lightbox-description=\"2025 - Palazzo Oldofredi Tadini Botti, Torre Pallavicina\" data-e-action-hash=\"#elementor-action%3Aaction%3Dlightbox%26settings%3DeyJpZCI6MTM1MzgsInVybCI6Imh0dHBzOlwvXC93d3cuc3R1ZGlvbGFjaXR0YS5pdFwvd3AtY29udGVudFwvdXBsb2Fkc1wvMjAyNVwvMTBcLzE2X0x1a2FzX0Nhc3RlbGxhX1JOQ18xNl9QRUxfNDU4NC1zY2FsZWQuanBnIiwic2xpZGVzaG93IjoiZTExOTgwZCJ9\">\n\t\t\t\t\t<div class=\"e-gallery-image elementor-gallery-item__image\" data-thumbnail=\"https:\/\/www.studiolacitta.it\/wp-content\/uploads\/2025\/10\/16_Lukas_Castella_RNC_16_PEL_4584-768x1152.jpg\" data-width=\"768\" data-height=\"1152\" aria-label=\"Il Respiro Nascosto delle Cose - 2025 - Studio la Citt\u00e0 - Verona - Contemporary Art\" role=\"img\" ><\/div>\n\t\t\t\t\t\t\t\t\t\t\t<div class=\"elementor-gallery-item__overlay\"><\/div>\n\t\t\t\t\t\t\t\t\t\t\t\t\t\t<\/a>\n\t\t\t\t\t\t\t<a class=\"e-gallery-item elementor-gallery-item elementor-animated-content\" data-e-gallery-tags=\"0\" href=\"https:\/\/www.studiolacitta.it\/wp-content\/uploads\/2025\/10\/17_Basilico_Lukas_RNC_17_PEL_4547-scaled.jpg\" data-elementor-open-lightbox=\"yes\" data-elementor-lightbox-slideshow=\"e11980d\" data-elementor-lightbox-title=\"Il Respiro Nascosto delle Cose\" data-elementor-lightbox-description=\"2025 - Palazzo Oldofredi Tadini Botti, Torre Pallavicina\" data-e-action-hash=\"#elementor-action%3Aaction%3Dlightbox%26settings%3DeyJpZCI6MTM1MzksInVybCI6Imh0dHBzOlwvXC93d3cuc3R1ZGlvbGFjaXR0YS5pdFwvd3AtY29udGVudFwvdXBsb2Fkc1wvMjAyNVwvMTBcLzE3X0Jhc2lsaWNvX0x1a2FzX1JOQ18xN19QRUxfNDU0Ny1zY2FsZWQuanBnIiwic2xpZGVzaG93IjoiZTExOTgwZCJ9\">\n\t\t\t\t\t<div class=\"e-gallery-image elementor-gallery-item__image\" data-thumbnail=\"https:\/\/www.studiolacitta.it\/wp-content\/uploads\/2025\/10\/17_Basilico_Lukas_RNC_17_PEL_4547-768x1152.jpg\" data-width=\"768\" data-height=\"1152\" aria-label=\"Il Respiro Nascosto delle Cose - 2025 - Studio la Citt\u00e0 - Verona - Contemporary Art\" role=\"img\" ><\/div>\n\t\t\t\t\t\t\t\t\t\t\t<div class=\"elementor-gallery-item__overlay\"><\/div>\n\t\t\t\t\t\t\t\t\t\t\t\t\t\t<\/a>\n\t\t\t\t\t\t\t<a class=\"e-gallery-item elementor-gallery-item elementor-animated-content\" data-e-gallery-tags=\"0\" href=\"https:\/\/www.studiolacitta.it\/wp-content\/uploads\/2025\/10\/18_Lukas_Basilico_RNC_18_PEL_4550-scaled.jpg\" data-elementor-open-lightbox=\"yes\" data-elementor-lightbox-slideshow=\"e11980d\" data-elementor-lightbox-title=\"Il Respiro Nascosto delle Cose\" data-elementor-lightbox-description=\"2025 - Palazzo Oldofredi Tadini Botti, Torre Pallavicina\" data-e-action-hash=\"#elementor-action%3Aaction%3Dlightbox%26settings%3DeyJpZCI6MTM1NDAsInVybCI6Imh0dHBzOlwvXC93d3cuc3R1ZGlvbGFjaXR0YS5pdFwvd3AtY29udGVudFwvdXBsb2Fkc1wvMjAyNVwvMTBcLzE4X0x1a2FzX0Jhc2lsaWNvX1JOQ18xOF9QRUxfNDU1MC1zY2FsZWQuanBnIiwic2xpZGVzaG93IjoiZTExOTgwZCJ9\">\n\t\t\t\t\t<div class=\"e-gallery-image elementor-gallery-item__image\" data-thumbnail=\"https:\/\/www.studiolacitta.it\/wp-content\/uploads\/2025\/10\/18_Lukas_Basilico_RNC_18_PEL_4550-768x1152.jpg\" data-width=\"768\" data-height=\"1152\" aria-label=\"Il Respiro Nascosto delle Cose - 2025 - Studio la Citt\u00e0 - Verona - Contemporary Art\" role=\"img\" ><\/div>\n\t\t\t\t\t\t\t\t\t\t\t<div class=\"elementor-gallery-item__overlay\"><\/div>\n\t\t\t\t\t\t\t\t\t\t\t\t\t\t<\/a>\n\t\t\t\t\t\t\t<a class=\"e-gallery-item elementor-gallery-item elementor-animated-content\" data-e-gallery-tags=\"0\" href=\"https:\/\/www.studiolacitta.it\/wp-content\/uploads\/2025\/10\/19_Galtarossa_RNC_19_PEL_4727-scaled.jpg\" data-elementor-open-lightbox=\"yes\" data-elementor-lightbox-slideshow=\"e11980d\" data-elementor-lightbox-title=\"Il Respiro Nascosto delle Cose\" data-elementor-lightbox-description=\"2025 - Palazzo Oldofredi Tadini Botti, Torre Pallavicina\" data-e-action-hash=\"#elementor-action%3Aaction%3Dlightbox%26settings%3DeyJpZCI6MTM1NDEsInVybCI6Imh0dHBzOlwvXC93d3cuc3R1ZGlvbGFjaXR0YS5pdFwvd3AtY29udGVudFwvdXBsb2Fkc1wvMjAyNVwvMTBcLzE5X0dhbHRhcm9zc2FfUk5DXzE5X1BFTF80NzI3LXNjYWxlZC5qcGciLCJzbGlkZXNob3ciOiJlMTE5ODBkIn0%3D\">\n\t\t\t\t\t<div class=\"e-gallery-image elementor-gallery-item__image\" data-thumbnail=\"https:\/\/www.studiolacitta.it\/wp-content\/uploads\/2025\/10\/19_Galtarossa_RNC_19_PEL_4727-768x1152.jpg\" data-width=\"768\" data-height=\"1152\" aria-label=\"Il Respiro Nascosto delle Cose - 2025 - Studio la Citt\u00e0 - Verona - Contemporary Art\" role=\"img\" ><\/div>\n\t\t\t\t\t\t\t\t\t\t\t<div class=\"elementor-gallery-item__overlay\"><\/div>\n\t\t\t\t\t\t\t\t\t\t\t\t\t\t<\/a>\n\t\t\t\t\t\t\t<a class=\"e-gallery-item elementor-gallery-item elementor-animated-content\" data-e-gallery-tags=\"0\" href=\"https:\/\/www.studiolacitta.it\/wp-content\/uploads\/2025\/10\/20_Masuyama_RNC_20_PEL_4744-scaled.jpg\" data-elementor-open-lightbox=\"yes\" data-elementor-lightbox-slideshow=\"e11980d\" data-elementor-lightbox-title=\"Il Respiro Nascosto delle Cose\" data-elementor-lightbox-description=\"2025 - Palazzo Oldofredi Tadini Botti, Torre Pallavicina\" data-e-action-hash=\"#elementor-action%3Aaction%3Dlightbox%26settings%3DeyJpZCI6MTM1NDIsInVybCI6Imh0dHBzOlwvXC93d3cuc3R1ZGlvbGFjaXR0YS5pdFwvd3AtY29udGVudFwvdXBsb2Fkc1wvMjAyNVwvMTBcLzIwX01hc3V5YW1hX1JOQ18yMF9QRUxfNDc0NC1zY2FsZWQuanBnIiwic2xpZGVzaG93IjoiZTExOTgwZCJ9\">\n\t\t\t\t\t<div class=\"e-gallery-image elementor-gallery-item__image\" data-thumbnail=\"https:\/\/www.studiolacitta.it\/wp-content\/uploads\/2025\/10\/20_Masuyama_RNC_20_PEL_4744-768x1152.jpg\" data-width=\"768\" data-height=\"1152\" aria-label=\"Il Respiro Nascosto delle Cose - 2025 - Studio la Citt\u00e0 - Verona - Contemporary Art\" role=\"img\" ><\/div>\n\t\t\t\t\t\t\t\t\t\t\t<div class=\"elementor-gallery-item__overlay\"><\/div>\n\t\t\t\t\t\t\t\t\t\t\t\t\t\t<\/a>\n\t\t\t\t\t\t\t<a class=\"e-gallery-item elementor-gallery-item elementor-animated-content\" data-e-gallery-tags=\"0\" href=\"https:\/\/www.studiolacitta.it\/wp-content\/uploads\/2025\/10\/21_Duff_RNC_22_PEL_4782-scaled.jpg\" data-elementor-open-lightbox=\"yes\" data-elementor-lightbox-slideshow=\"e11980d\" data-elementor-lightbox-title=\"Il Respiro Nascosto delle Cose\" data-elementor-lightbox-description=\"2025 - Palazzo Oldofredi Tadini Botti, Torre Pallavicina\" data-e-action-hash=\"#elementor-action%3Aaction%3Dlightbox%26settings%3DeyJpZCI6MTM1NDMsInVybCI6Imh0dHBzOlwvXC93d3cuc3R1ZGlvbGFjaXR0YS5pdFwvd3AtY29udGVudFwvdXBsb2Fkc1wvMjAyNVwvMTBcLzIxX0R1ZmZfUk5DXzIyX1BFTF80NzgyLXNjYWxlZC5qcGciLCJzbGlkZXNob3ciOiJlMTE5ODBkIn0%3D\">\n\t\t\t\t\t<div class=\"e-gallery-image elementor-gallery-item__image\" data-thumbnail=\"https:\/\/www.studiolacitta.it\/wp-content\/uploads\/2025\/10\/21_Duff_RNC_22_PEL_4782-768x512.jpg\" data-width=\"768\" data-height=\"512\" aria-label=\"Il Respiro Nascosto delle Cose - 2025 - Studio la Citt\u00e0 - Verona - Contemporary Art\" role=\"img\" ><\/div>\n\t\t\t\t\t\t\t\t\t\t\t<div class=\"elementor-gallery-item__overlay\"><\/div>\n\t\t\t\t\t\t\t\t\t\t\t\t\t\t<\/a>\n\t\t\t\t\t\t\t<a class=\"e-gallery-item elementor-gallery-item elementor-animated-content\" data-e-gallery-tags=\"0\" href=\"https:\/\/www.studiolacitta.it\/wp-content\/uploads\/2025\/10\/Arends_Respiro-Nascosto-delle-Cose_2025_1_PEL_4443-scaled.jpg\" data-elementor-open-lightbox=\"yes\" data-elementor-lightbox-slideshow=\"e11980d\" data-elementor-lightbox-title=\"Il Respiro Nascosto delle Cose\" data-elementor-lightbox-description=\"2025 - Palazzo Oldofredi Tadini Botti, Torre Pallavicina\" data-e-action-hash=\"#elementor-action%3Aaction%3Dlightbox%26settings%3DeyJpZCI6MTM1NDQsInVybCI6Imh0dHBzOlwvXC93d3cuc3R1ZGlvbGFjaXR0YS5pdFwvd3AtY29udGVudFwvdXBsb2Fkc1wvMjAyNVwvMTBcL0FyZW5kc19SZXNwaXJvLU5hc2Nvc3RvLWRlbGxlLUNvc2VfMjAyNV8xX1BFTF80NDQzLXNjYWxlZC5qcGciLCJzbGlkZXNob3ciOiJlMTE5ODBkIn0%3D\">\n\t\t\t\t\t<div class=\"e-gallery-image elementor-gallery-item__image\" data-thumbnail=\"https:\/\/www.studiolacitta.it\/wp-content\/uploads\/2025\/10\/Arends_Respiro-Nascosto-delle-Cose_2025_1_PEL_4443-768x1152.jpg\" data-width=\"768\" data-height=\"1152\" aria-label=\"Il Respiro Nascosto delle Cose - 2025 - Studio la Citt\u00e0 - Verona - Contemporary Art\" role=\"img\" ><\/div>\n\t\t\t\t\t\t\t\t\t\t\t<div class=\"elementor-gallery-item__overlay\"><\/div>\n\t\t\t\t\t\t\t\t\t\t\t\t\t\t<\/a>\n\t\t\t\t\t\t\t<a class=\"e-gallery-item elementor-gallery-item elementor-animated-content\" data-e-gallery-tags=\"0\" href=\"https:\/\/www.studiolacitta.it\/wp-content\/uploads\/2025\/10\/Arends_Respiro-Nascosto-delle-Cose_2025_2_PEL_4446-scaled.jpg\" data-elementor-open-lightbox=\"yes\" data-elementor-lightbox-slideshow=\"e11980d\" data-elementor-lightbox-title=\"Il Respiro Nascosto delle Cose\" data-elementor-lightbox-description=\"2025 - Palazzo Oldofredi Tadini Botti, Torre Pallavicina\" data-e-action-hash=\"#elementor-action%3Aaction%3Dlightbox%26settings%3DeyJpZCI6MTM1NDUsInVybCI6Imh0dHBzOlwvXC93d3cuc3R1ZGlvbGFjaXR0YS5pdFwvd3AtY29udGVudFwvdXBsb2Fkc1wvMjAyNVwvMTBcL0FyZW5kc19SZXNwaXJvLU5hc2Nvc3RvLWRlbGxlLUNvc2VfMjAyNV8yX1BFTF80NDQ2LXNjYWxlZC5qcGciLCJzbGlkZXNob3ciOiJlMTE5ODBkIn0%3D\">\n\t\t\t\t\t<div class=\"e-gallery-image elementor-gallery-item__image\" data-thumbnail=\"https:\/\/www.studiolacitta.it\/wp-content\/uploads\/2025\/10\/Arends_Respiro-Nascosto-delle-Cose_2025_2_PEL_4446-768x1152.jpg\" data-width=\"768\" data-height=\"1152\" aria-label=\"Il Respiro Nascosto delle Cose - 2025 - Studio la Citt\u00e0 - Verona - Contemporary Art\" role=\"img\" ><\/div>\n\t\t\t\t\t\t\t\t\t\t\t<div class=\"elementor-gallery-item__overlay\"><\/div>\n\t\t\t\t\t\t\t\t\t\t\t\t\t\t<\/a>\n\t\t\t\t\t\t\t<a class=\"e-gallery-item elementor-gallery-item elementor-animated-content\" data-e-gallery-tags=\"0\" href=\"https:\/\/www.studiolacitta.it\/wp-content\/uploads\/2025\/10\/Brand_Il-respiro-Nascosto-delle-Cose_2025_1_PEL_4612-scaled.jpg\" data-elementor-open-lightbox=\"yes\" data-elementor-lightbox-slideshow=\"e11980d\" data-elementor-lightbox-title=\"Il Respiro Nascosto delle Cose\" data-elementor-lightbox-description=\"2025 - Palazzo Oldofredi Tadini Botti, Torre Pallavicina\" data-e-action-hash=\"#elementor-action%3Aaction%3Dlightbox%26settings%3DeyJpZCI6MTM1NDYsInVybCI6Imh0dHBzOlwvXC93d3cuc3R1ZGlvbGFjaXR0YS5pdFwvd3AtY29udGVudFwvdXBsb2Fkc1wvMjAyNVwvMTBcL0JyYW5kX0lsLXJlc3Bpcm8tTmFzY29zdG8tZGVsbGUtQ29zZV8yMDI1XzFfUEVMXzQ2MTItc2NhbGVkLmpwZyIsInNsaWRlc2hvdyI6ImUxMTk4MGQifQ%3D%3D\">\n\t\t\t\t\t<div class=\"e-gallery-image elementor-gallery-item__image\" data-thumbnail=\"https:\/\/www.studiolacitta.it\/wp-content\/uploads\/2025\/10\/Brand_Il-respiro-Nascosto-delle-Cose_2025_1_PEL_4612-768x1152.jpg\" data-width=\"768\" data-height=\"1152\" aria-label=\"Il Respiro Nascosto delle Cose - 2025 - Studio la Citt\u00e0 - Verona - Contemporary Art\" role=\"img\" ><\/div>\n\t\t\t\t\t\t\t\t\t\t\t<div class=\"elementor-gallery-item__overlay\"><\/div>\n\t\t\t\t\t\t\t\t\t\t\t\t\t\t<\/a>\n\t\t\t\t\t\t\t<a class=\"e-gallery-item elementor-gallery-item elementor-animated-content\" data-e-gallery-tags=\"0\" href=\"https:\/\/www.studiolacitta.it\/wp-content\/uploads\/2025\/10\/Carboni_Il-Respiro-Nascosto-delle-Cose_2025_1_PEL_4492-scaled.jpg\" data-elementor-open-lightbox=\"yes\" data-elementor-lightbox-slideshow=\"e11980d\" data-elementor-lightbox-title=\"Il Respiro Nascosto delle Cose\" data-elementor-lightbox-description=\"2025 - Palazzo Oldofredi Tadini Botti, Torre Pallavicina\" data-e-action-hash=\"#elementor-action%3Aaction%3Dlightbox%26settings%3DeyJpZCI6MTM1NDcsInVybCI6Imh0dHBzOlwvXC93d3cuc3R1ZGlvbGFjaXR0YS5pdFwvd3AtY29udGVudFwvdXBsb2Fkc1wvMjAyNVwvMTBcL0NhcmJvbmlfSWwtUmVzcGlyby1OYXNjb3N0by1kZWxsZS1Db3NlXzIwMjVfMV9QRUxfNDQ5Mi1zY2FsZWQuanBnIiwic2xpZGVzaG93IjoiZTExOTgwZCJ9\">\n\t\t\t\t\t<div class=\"e-gallery-image elementor-gallery-item__image\" data-thumbnail=\"https:\/\/www.studiolacitta.it\/wp-content\/uploads\/2025\/10\/Carboni_Il-Respiro-Nascosto-delle-Cose_2025_1_PEL_4492-768x1152.jpg\" data-width=\"768\" data-height=\"1152\" aria-label=\"Il Respiro Nascosto delle Cose - 2025 - Studio la Citt\u00e0 - Verona - Contemporary Art\" role=\"img\" ><\/div>\n\t\t\t\t\t\t\t\t\t\t\t<div class=\"elementor-gallery-item__overlay\"><\/div>\n\t\t\t\t\t\t\t\t\t\t\t\t\t\t<\/a>\n\t\t\t\t\t\t\t<a class=\"e-gallery-item elementor-gallery-item elementor-animated-content\" data-e-gallery-tags=\"0\" href=\"https:\/\/www.studiolacitta.it\/wp-content\/uploads\/2025\/10\/Castella_Il-Respiro-Nascosto-delle-Cose_2025_1_PEL_4522-scaled.jpg\" data-elementor-open-lightbox=\"yes\" data-elementor-lightbox-slideshow=\"e11980d\" data-elementor-lightbox-title=\"Il Respiro Nascosto delle Cose\" data-elementor-lightbox-description=\"2025 - Palazzo Oldofredi Tadini Botti, Torre Pallavicina\" data-e-action-hash=\"#elementor-action%3Aaction%3Dlightbox%26settings%3DeyJpZCI6MTM1NDgsInVybCI6Imh0dHBzOlwvXC93d3cuc3R1ZGlvbGFjaXR0YS5pdFwvd3AtY29udGVudFwvdXBsb2Fkc1wvMjAyNVwvMTBcL0Nhc3RlbGxhX0lsLVJlc3Bpcm8tTmFzY29zdG8tZGVsbGUtQ29zZV8yMDI1XzFfUEVMXzQ1MjItc2NhbGVkLmpwZyIsInNsaWRlc2hvdyI6ImUxMTk4MGQifQ%3D%3D\">\n\t\t\t\t\t<div class=\"e-gallery-image elementor-gallery-item__image\" data-thumbnail=\"https:\/\/www.studiolacitta.it\/wp-content\/uploads\/2025\/10\/Castella_Il-Respiro-Nascosto-delle-Cose_2025_1_PEL_4522-768x1152.jpg\" data-width=\"768\" data-height=\"1152\" aria-label=\"Il Respiro Nascosto delle Cose - 2025 - Studio la Citt\u00e0 - Verona - Contemporary Art\" role=\"img\" ><\/div>\n\t\t\t\t\t\t\t\t\t\t\t<div class=\"elementor-gallery-item__overlay\"><\/div>\n\t\t\t\t\t\t\t\t\t\t\t\t\t\t<\/a>\n\t\t\t\t\t\t\t<a class=\"e-gallery-item elementor-gallery-item elementor-animated-content\" data-e-gallery-tags=\"0\" href=\"https:\/\/www.studiolacitta.it\/wp-content\/uploads\/2025\/10\/Hamak_InstallazioneFacciata-Chiesetta_2025.jpg\" data-elementor-open-lightbox=\"yes\" data-elementor-lightbox-slideshow=\"e11980d\" data-elementor-lightbox-title=\"Il Respiro Nascosto delle Cose\" data-elementor-lightbox-description=\"2025 - Palazzo Oldofredi Tadini Botti, Torre Pallavicina\" data-e-action-hash=\"#elementor-action%3Aaction%3Dlightbox%26settings%3DeyJpZCI6MTM1NDksInVybCI6Imh0dHBzOlwvXC93d3cuc3R1ZGlvbGFjaXR0YS5pdFwvd3AtY29udGVudFwvdXBsb2Fkc1wvMjAyNVwvMTBcL0hhbWFrX0luc3RhbGxhemlvbmVGYWNjaWF0YS1DaGllc2V0dGFfMjAyNS5qcGciLCJzbGlkZXNob3ciOiJlMTE5ODBkIn0%3D\">\n\t\t\t\t\t<div class=\"e-gallery-image elementor-gallery-item__image\" data-thumbnail=\"https:\/\/www.studiolacitta.it\/wp-content\/uploads\/2025\/10\/Hamak_InstallazioneFacciata-Chiesetta_2025-768x512.jpg\" data-width=\"768\" data-height=\"512\" aria-label=\"Il Respiro Nascosto delle Cose - 2025 - Studio la Citt\u00e0 - Verona - Contemporary Art\" role=\"img\" ><\/div>\n\t\t\t\t\t\t\t\t\t\t\t<div class=\"elementor-gallery-item__overlay\"><\/div>\n\t\t\t\t\t\t\t\t\t\t\t\t\t\t<\/a>\n\t\t\t\t\t\t\t<a class=\"e-gallery-item elementor-gallery-item elementor-animated-content\" data-e-gallery-tags=\"0\" href=\"https:\/\/www.studiolacitta.it\/wp-content\/uploads\/2025\/10\/Mangold_Respiro-Nascosto-delle-Cose_2025_1_PEL_4394-scaled.jpg\" data-elementor-open-lightbox=\"yes\" data-elementor-lightbox-slideshow=\"e11980d\" data-elementor-lightbox-title=\"Il Respiro Nascosto delle Cose\" data-elementor-lightbox-description=\"2025 - Palazzo Oldofredi Tadini Botti, Torre Pallavicina\" data-e-action-hash=\"#elementor-action%3Aaction%3Dlightbox%26settings%3DeyJpZCI6MTM1NTAsInVybCI6Imh0dHBzOlwvXC93d3cuc3R1ZGlvbGFjaXR0YS5pdFwvd3AtY29udGVudFwvdXBsb2Fkc1wvMjAyNVwvMTBcL01hbmdvbGRfUmVzcGlyby1OYXNjb3N0by1kZWxsZS1Db3NlXzIwMjVfMV9QRUxfNDM5NC1zY2FsZWQuanBnIiwic2xpZGVzaG93IjoiZTExOTgwZCJ9\">\n\t\t\t\t\t<div class=\"e-gallery-image elementor-gallery-item__image\" data-thumbnail=\"https:\/\/www.studiolacitta.it\/wp-content\/uploads\/2025\/10\/Mangold_Respiro-Nascosto-delle-Cose_2025_1_PEL_4394-768x1152.jpg\" data-width=\"768\" data-height=\"1152\" aria-label=\"Il Respiro Nascosto delle Cose - 2025 - Studio la Citt\u00e0 - Verona - Contemporary Art\" role=\"img\" ><\/div>\n\t\t\t\t\t\t\t\t\t\t\t<div class=\"elementor-gallery-item__overlay\"><\/div>\n\t\t\t\t\t\t\t\t\t\t\t\t\t\t<\/a>\n\t\t\t\t\t\t\t<a class=\"e-gallery-item elementor-gallery-item elementor-animated-content\" data-e-gallery-tags=\"0\" href=\"https:\/\/www.studiolacitta.it\/wp-content\/uploads\/2025\/10\/Mangold_Respiro-Nascosto-delle-Cose_2025_2_PEL_4439-scaled.jpg\" data-elementor-open-lightbox=\"yes\" data-elementor-lightbox-slideshow=\"e11980d\" data-elementor-lightbox-title=\"Il Respiro Nascosto delle Cose\" data-elementor-lightbox-description=\"2025 - Palazzo Oldofredi Tadini Botti, Torre Pallavicina\" data-e-action-hash=\"#elementor-action%3Aaction%3Dlightbox%26settings%3DeyJpZCI6MTM1NTEsInVybCI6Imh0dHBzOlwvXC93d3cuc3R1ZGlvbGFjaXR0YS5pdFwvd3AtY29udGVudFwvdXBsb2Fkc1wvMjAyNVwvMTBcL01hbmdvbGRfUmVzcGlyby1OYXNjb3N0by1kZWxsZS1Db3NlXzIwMjVfMl9QRUxfNDQzOS1zY2FsZWQuanBnIiwic2xpZGVzaG93IjoiZTExOTgwZCJ9\">\n\t\t\t\t\t<div class=\"e-gallery-image elementor-gallery-item__image\" data-thumbnail=\"https:\/\/www.studiolacitta.it\/wp-content\/uploads\/2025\/10\/Mangold_Respiro-Nascosto-delle-Cose_2025_2_PEL_4439-768x1152.jpg\" data-width=\"768\" data-height=\"1152\" aria-label=\"Il Respiro Nascosto delle Cose - 2025 - Studio la Citt\u00e0 - Verona - Contemporary Art\" role=\"img\" ><\/div>\n\t\t\t\t\t\t\t\t\t\t\t<div class=\"elementor-gallery-item__overlay\"><\/div>\n\t\t\t\t\t\t\t\t\t\t\t\t\t\t<\/a>\n\t\t\t\t\t<\/div>\n\t\t\t\t\t<\/div>\n\t\t\t\t<\/div>\n\t\t<div id=\"e-n-tab-content-7615735452\" role=\"tabpanel\" aria-labelledby=\"e-n-tab-title-7615735452\" data-tab-index=\"2\" style=\"--n-tabs-title-order: 2;\" class=\" elementor-element elementor-element-2728177b e-flex e-con-boxed e-con e-child\" data-id=\"2728177b\" data-element_type=\"container\" data-e-type=\"container\">\n\t\t\t\t\t<div class=\"e-con-inner\">\n\t\t\t\t<div class=\"elementor-element elementor-element-b047404 elementor-arrows-position-outside elementor-widget elementor-widget-image-carousel\" data-id=\"b047404\" data-element_type=\"widget\" data-e-type=\"widget\" data-settings=\"{&quot;slides_to_show&quot;:&quot;1&quot;,&quot;speed&quot;:1000,&quot;lazyload&quot;:&quot;yes&quot;,&quot;navigation&quot;:&quot;arrows&quot;,&quot;infinite&quot;:&quot;yes&quot;,&quot;effect&quot;:&quot;slide&quot;}\" data-widget_type=\"image-carousel.default\">\n\t\t\t\t\t\t\t<div class=\"elementor-image-carousel-wrapper swiper\" role=\"region\" aria-roledescription=\"carousel\" aria-label=\"Carosello d&#039;immagini\" dir=\"rtl\">\n\t\t\t<div class=\"elementor-image-carousel swiper-wrapper swiper-image-stretch\" aria-live=\"polite\">\n\t\t\t\t\t\t\t\t<div class=\"swiper-slide\" role=\"group\" aria-roledescription=\"slide\" aria-label=\"1 of 29\"><a data-elementor-open-lightbox=\"yes\" data-elementor-lightbox-slideshow=\"b047404\" data-elementor-lightbox-title=\"Il Respiro Nascosto delle Cose\" data-elementor-lightbox-description=\"2025 - Palazzo Oldofredi Tadini Botti, Torre Pallavicina\" data-e-action-hash=\"#elementor-action%3Aaction%3Dlightbox%26settings%3DeyJpZCI6MTM1MjIsInVybCI6Imh0dHBzOlwvXC93d3cuc3R1ZGlvbGFjaXR0YS5pdFwvd3AtY29udGVudFwvdXBsb2Fkc1wvMjAyNVwvMTBcLzAxX0NhcmJvbmlfTWFuZ29sZF9STkNfOV9QRUxfNDQ3MS1zY2FsZWQuanBnIiwic2xpZGVzaG93IjoiYjA0NzQwNCJ9\" href=\"https:\/\/www.studiolacitta.it\/wp-content\/uploads\/2025\/10\/01_Carboni_Mangold_RNC_9_PEL_4471-scaled.jpg\"><figure class=\"swiper-slide-inner\"><img class=\"swiper-slide-image swiper-lazy\" data-src=\"https:\/\/www.studiolacitta.it\/wp-content\/uploads\/2025\/10\/01_Carboni_Mangold_RNC_9_PEL_4471-scaled.jpg\" alt=\"Il Respiro Nascosto delle Cose - 2025 - Studio la Citt\u00e0 - Verona - Contemporary Art\" \/><div class=\"swiper-lazy-preloader\"><\/div><\/figure><\/a><\/div><div class=\"swiper-slide\" role=\"group\" aria-roledescription=\"slide\" aria-label=\"2 of 29\"><a data-elementor-open-lightbox=\"yes\" data-elementor-lightbox-slideshow=\"b047404\" data-elementor-lightbox-title=\"Il Respiro Nascosto delle Cose\" data-elementor-lightbox-description=\"2025 - Palazzo Oldofredi Tadini Botti, Torre Pallavicina\" data-e-action-hash=\"#elementor-action%3Aaction%3Dlightbox%26settings%3DeyJpZCI6MTM1MjMsInVybCI6Imh0dHBzOlwvXC93d3cuc3R1ZGlvbGFjaXR0YS5pdFwvd3AtY29udGVudFwvdXBsb2Fkc1wvMjAyNVwvMTBcLzAyX0hhbWFrX1JOQ18yMDI1XzFfUEVMXzQ4NDgtc2NhbGVkLmpwZyIsInNsaWRlc2hvdyI6ImIwNDc0MDQifQ%3D%3D\" href=\"https:\/\/www.studiolacitta.it\/wp-content\/uploads\/2025\/10\/02_Hamak_RNC_2025_1_PEL_4848-scaled.jpg\"><figure class=\"swiper-slide-inner\"><img class=\"swiper-slide-image swiper-lazy\" data-src=\"https:\/\/www.studiolacitta.it\/wp-content\/uploads\/2025\/10\/02_Hamak_RNC_2025_1_PEL_4848-scaled.jpg\" alt=\"Il Respiro Nascosto delle Cose - 2025 - Studio la Citt\u00e0 - Verona - Contemporary Art\" \/><div class=\"swiper-lazy-preloader\"><\/div><\/figure><\/a><\/div><div class=\"swiper-slide\" role=\"group\" aria-roledescription=\"slide\" aria-label=\"3 of 29\"><a data-elementor-open-lightbox=\"yes\" data-elementor-lightbox-slideshow=\"b047404\" data-elementor-lightbox-title=\"Il Respiro Nascosto delle Cose\" data-elementor-lightbox-description=\"2025 - Palazzo Oldofredi Tadini Botti, Torre Pallavicina\" data-e-action-hash=\"#elementor-action%3Aaction%3Dlightbox%26settings%3DeyJpZCI6MTM1MjQsInVybCI6Imh0dHBzOlwvXC93d3cuc3R1ZGlvbGFjaXR0YS5pdFwvd3AtY29udGVudFwvdXBsb2Fkc1wvMjAyNVwvMTBcLzAzX0hhbWFrX1JOQ183X1BFTF80NjM1LXNjYWxlZC5qcGciLCJzbGlkZXNob3ciOiJiMDQ3NDA0In0%3D\" href=\"https:\/\/www.studiolacitta.it\/wp-content\/uploads\/2025\/10\/03_Hamak_RNC_7_PEL_4635-scaled.jpg\"><figure class=\"swiper-slide-inner\"><img class=\"swiper-slide-image swiper-lazy\" data-src=\"https:\/\/www.studiolacitta.it\/wp-content\/uploads\/2025\/10\/03_Hamak_RNC_7_PEL_4635-scaled.jpg\" alt=\"Il Respiro Nascosto delle Cose - 2025 - Studio la Citt\u00e0 - Verona - Contemporary Art\" \/><div class=\"swiper-lazy-preloader\"><\/div><\/figure><\/a><\/div><div class=\"swiper-slide\" role=\"group\" aria-roledescription=\"slide\" aria-label=\"4 of 29\"><a data-elementor-open-lightbox=\"yes\" data-elementor-lightbox-slideshow=\"b047404\" data-elementor-lightbox-title=\"Il Respiro Nascosto delle Cose\" data-elementor-lightbox-description=\"2025 - Palazzo Oldofredi Tadini Botti, Torre Pallavicina\" data-e-action-hash=\"#elementor-action%3Aaction%3Dlightbox%26settings%3DeyJpZCI6MTM1MjUsInVybCI6Imh0dHBzOlwvXC93d3cuc3R1ZGlvbGFjaXR0YS5pdFwvd3AtY29udGVudFwvdXBsb2Fkc1wvMjAyNVwvMTBcLzA0X1Bhc3NhbGFjcXVhX1JOQ184X1BFTF80Nzc0LXNjYWxlZC5qcGciLCJzbGlkZXNob3ciOiJiMDQ3NDA0In0%3D\" href=\"https:\/\/www.studiolacitta.it\/wp-content\/uploads\/2025\/10\/04_Passalacqua_RNC_8_PEL_4774-scaled.jpg\"><figure class=\"swiper-slide-inner\"><img class=\"swiper-slide-image swiper-lazy\" data-src=\"https:\/\/www.studiolacitta.it\/wp-content\/uploads\/2025\/10\/04_Passalacqua_RNC_8_PEL_4774-scaled.jpg\" alt=\"Il Respiro Nascosto delle Cose - 2025 - Studio la Citt\u00e0 - Verona - Contemporary Art\" \/><div class=\"swiper-lazy-preloader\"><\/div><\/figure><\/a><\/div><div class=\"swiper-slide\" role=\"group\" aria-roledescription=\"slide\" aria-label=\"5 of 29\"><a data-elementor-open-lightbox=\"yes\" data-elementor-lightbox-slideshow=\"b047404\" data-elementor-lightbox-title=\"Il Respiro Nascosto delle Cose\" data-elementor-lightbox-description=\"2025 - Palazzo Oldofredi Tadini Botti, Torre Pallavicina\" data-e-action-hash=\"#elementor-action%3Aaction%3Dlightbox%26settings%3DeyJpZCI6MTM1MjcsInVybCI6Imh0dHBzOlwvXC93d3cuc3R1ZGlvbGFjaXR0YS5pdFwvd3AtY29udGVudFwvdXBsb2Fkc1wvMjAyNVwvMTBcLzA1X0hhbWFrX0hhc2hpbW90b19STkNfNF9QRUxfNDM0OS1zY2FsZWQuanBnIiwic2xpZGVzaG93IjoiYjA0NzQwNCJ9\" href=\"https:\/\/www.studiolacitta.it\/wp-content\/uploads\/2025\/10\/05_Hamak_Hashimoto_RNC_4_PEL_4349-scaled.jpg\"><figure class=\"swiper-slide-inner\"><img class=\"swiper-slide-image swiper-lazy\" data-src=\"https:\/\/www.studiolacitta.it\/wp-content\/uploads\/2025\/10\/05_Hamak_Hashimoto_RNC_4_PEL_4349-scaled.jpg\" alt=\"Il Respiro Nascosto delle Cose - 2025 - Studio la Citt\u00e0 - Verona - Contemporary Art\" \/><div class=\"swiper-lazy-preloader\"><\/div><\/figure><\/a><\/div><div class=\"swiper-slide\" role=\"group\" aria-roledescription=\"slide\" aria-label=\"6 of 29\"><a data-elementor-open-lightbox=\"yes\" data-elementor-lightbox-slideshow=\"b047404\" data-elementor-lightbox-title=\"Il Respiro Nascosto delle Cose\" data-elementor-lightbox-description=\"2025 - Palazzo Oldofredi Tadini Botti, Torre Pallavicina\" data-e-action-hash=\"#elementor-action%3Aaction%3Dlightbox%26settings%3DeyJpZCI6MTM1MjgsInVybCI6Imh0dHBzOlwvXC93d3cuc3R1ZGlvbGFjaXR0YS5pdFwvd3AtY29udGVudFwvdXBsb2Fkc1wvMjAyNVwvMTBcLzA1X0hhc2hpbW90b19IYW1ha19STkNfMl9QRUxfNDY3Mi1zY2FsZWQuanBnIiwic2xpZGVzaG93IjoiYjA0NzQwNCJ9\" href=\"https:\/\/www.studiolacitta.it\/wp-content\/uploads\/2025\/10\/05_Hashimoto_Hamak_RNC_2_PEL_4672-scaled.jpg\"><figure class=\"swiper-slide-inner\"><img class=\"swiper-slide-image swiper-lazy\" data-src=\"https:\/\/www.studiolacitta.it\/wp-content\/uploads\/2025\/10\/05_Hashimoto_Hamak_RNC_2_PEL_4672-scaled.jpg\" alt=\"Il Respiro Nascosto delle Cose - 2025 - Studio la Citt\u00e0 - Verona - Contemporary Art\" \/><div class=\"swiper-lazy-preloader\"><\/div><\/figure><\/a><\/div><div class=\"swiper-slide\" role=\"group\" aria-roledescription=\"slide\" aria-label=\"7 of 29\"><a data-elementor-open-lightbox=\"yes\" data-elementor-lightbox-slideshow=\"b047404\" data-elementor-lightbox-title=\"Il Respiro Nascosto delle Cose\" data-elementor-lightbox-description=\"2025 - Palazzo Oldofredi Tadini Botti, Torre Pallavicina\" data-e-action-hash=\"#elementor-action%3Aaction%3Dlightbox%26settings%3DeyJpZCI6MTM1MjksInVybCI6Imh0dHBzOlwvXC93d3cuc3R1ZGlvbGFjaXR0YS5pdFwvd3AtY29udGVudFwvdXBsb2Fkc1wvMjAyNVwvMTBcLzVfSGFtYWtfSGFzaGltb3RvX1JOQ18zX1BFTF80MzQyLXNjYWxlZC5qcGciLCJzbGlkZXNob3ciOiJiMDQ3NDA0In0%3D\" href=\"https:\/\/www.studiolacitta.it\/wp-content\/uploads\/2025\/10\/5_Hamak_Hashimoto_RNC_3_PEL_4342-scaled.jpg\"><figure class=\"swiper-slide-inner\"><img class=\"swiper-slide-image swiper-lazy\" data-src=\"https:\/\/www.studiolacitta.it\/wp-content\/uploads\/2025\/10\/5_Hamak_Hashimoto_RNC_3_PEL_4342-scaled.jpg\" alt=\"Il Respiro Nascosto delle Cose - 2025 - Studio la Citt\u00e0 - Verona - Contemporary Art\" \/><div class=\"swiper-lazy-preloader\"><\/div><\/figure><\/a><\/div><div class=\"swiper-slide\" role=\"group\" aria-roledescription=\"slide\" aria-label=\"8 of 29\"><a data-elementor-open-lightbox=\"yes\" data-elementor-lightbox-slideshow=\"b047404\" data-elementor-lightbox-title=\"Il Respiro Nascosto delle Cose\" data-elementor-lightbox-description=\"2025 - Palazzo Oldofredi Tadini Botti, Torre Pallavicina\" data-e-action-hash=\"#elementor-action%3Aaction%3Dlightbox%26settings%3DeyJpZCI6MTM1MzAsInVybCI6Imh0dHBzOlwvXC93d3cuc3R1ZGlvbGFjaXR0YS5pdFwvd3AtY29udGVudFwvdXBsb2Fkc1wvMjAyNVwvMTBcLzZfSGFtYWtfUk5DXzVfUEVMXzQzNzctc2NhbGVkLmpwZyIsInNsaWRlc2hvdyI6ImIwNDc0MDQifQ%3D%3D\" href=\"https:\/\/www.studiolacitta.it\/wp-content\/uploads\/2025\/10\/6_Hamak_RNC_5_PEL_4377-scaled.jpg\"><figure class=\"swiper-slide-inner\"><img class=\"swiper-slide-image swiper-lazy\" data-src=\"https:\/\/www.studiolacitta.it\/wp-content\/uploads\/2025\/10\/6_Hamak_RNC_5_PEL_4377-scaled.jpg\" alt=\"Il Respiro Nascosto delle Cose - 2025 - Studio la Citt\u00e0 - Verona - Contemporary Art\" \/><div class=\"swiper-lazy-preloader\"><\/div><\/figure><\/a><\/div><div class=\"swiper-slide\" role=\"group\" aria-roledescription=\"slide\" aria-label=\"9 of 29\"><a data-elementor-open-lightbox=\"yes\" data-elementor-lightbox-slideshow=\"b047404\" data-elementor-lightbox-title=\"Il Respiro Nascosto delle Cose\" data-elementor-lightbox-description=\"2025 - Palazzo Oldofredi Tadini Botti, Torre Pallavicina\" data-e-action-hash=\"#elementor-action%3Aaction%3Dlightbox%26settings%3DeyJpZCI6MTM1MzEsInVybCI6Imh0dHBzOlwvXC93d3cuc3R1ZGlvbGFjaXR0YS5pdFwvd3AtY29udGVudFwvdXBsb2Fkc1wvMjAyNVwvMTBcLzA3X0hhbWFrX0lsLVJlc3Bpcm8tTmFzY29zdG8tZGVsbGUtQ29zZV8yMDI1XzFfUEVMXzQzODItc2NhbGVkLmpwZyIsInNsaWRlc2hvdyI6ImIwNDc0MDQifQ%3D%3D\" href=\"https:\/\/www.studiolacitta.it\/wp-content\/uploads\/2025\/10\/07_Hamak_Il-Respiro-Nascosto-delle-Cose_2025_1_PEL_4382-scaled.jpg\"><figure class=\"swiper-slide-inner\"><img class=\"swiper-slide-image swiper-lazy\" data-src=\"https:\/\/www.studiolacitta.it\/wp-content\/uploads\/2025\/10\/07_Hamak_Il-Respiro-Nascosto-delle-Cose_2025_1_PEL_4382-scaled.jpg\" alt=\"Il Respiro Nascosto delle Cose - 2025 - Studio la Citt\u00e0 - Verona - Contemporary Art\" \/><div class=\"swiper-lazy-preloader\"><\/div><\/figure><\/a><\/div><div class=\"swiper-slide\" role=\"group\" aria-roledescription=\"slide\" aria-label=\"10 of 29\"><a data-elementor-open-lightbox=\"yes\" data-elementor-lightbox-slideshow=\"b047404\" data-elementor-lightbox-title=\"Il Respiro Nascosto delle Cose\" data-elementor-lightbox-description=\"2025 - Palazzo Oldofredi Tadini Botti, Torre Pallavicina\" data-e-action-hash=\"#elementor-action%3Aaction%3Dlightbox%26settings%3DeyJpZCI6MTM1MzIsInVybCI6Imh0dHBzOlwvXC93d3cuc3R1ZGlvbGFjaXR0YS5pdFwvd3AtY29udGVudFwvdXBsb2Fkc1wvMjAyNVwvMTBcLzA5X0FyZW5kc19SZXNwaXJvLU5hc2Nvc3RvLWRlbGxlLUNvc2VfMjAyNV8xX1BFTF80NDU1LXNjYWxlZC5qcGciLCJzbGlkZXNob3ciOiJiMDQ3NDA0In0%3D\" href=\"https:\/\/www.studiolacitta.it\/wp-content\/uploads\/2025\/10\/09_Arends_Respiro-Nascosto-delle-Cose_2025_1_PEL_4455-scaled.jpg\"><figure class=\"swiper-slide-inner\"><img class=\"swiper-slide-image swiper-lazy\" data-src=\"https:\/\/www.studiolacitta.it\/wp-content\/uploads\/2025\/10\/09_Arends_Respiro-Nascosto-delle-Cose_2025_1_PEL_4455-scaled.jpg\" alt=\"Il Respiro Nascosto delle Cose - 2025 - Studio la Citt\u00e0 - Verona - Contemporary Art\" \/><div class=\"swiper-lazy-preloader\"><\/div><\/figure><\/a><\/div><div class=\"swiper-slide\" role=\"group\" aria-roledescription=\"slide\" aria-label=\"11 of 29\"><a data-elementor-open-lightbox=\"yes\" data-elementor-lightbox-slideshow=\"b047404\" data-elementor-lightbox-title=\"Il Respiro Nascosto delle Cose\" data-elementor-lightbox-description=\"2025 - Palazzo Oldofredi Tadini Botti, Torre Pallavicina\" data-e-action-hash=\"#elementor-action%3Aaction%3Dlightbox%26settings%3DeyJpZCI6MTM1MzMsInVybCI6Imh0dHBzOlwvXC93d3cuc3R1ZGlvbGFjaXR0YS5pdFwvd3AtY29udGVudFwvdXBsb2Fkc1wvMjAyNVwvMTBcLzEwX0NhcmJvbmlfTWFuZ29sZF9STkNfMTJfUEVMXzQ0ODAtc2NhbGVkLmpwZyIsInNsaWRlc2hvdyI6ImIwNDc0MDQifQ%3D%3D\" href=\"https:\/\/www.studiolacitta.it\/wp-content\/uploads\/2025\/10\/10_Carboni_Mangold_RNC_12_PEL_4480-scaled.jpg\"><figure class=\"swiper-slide-inner\"><img class=\"swiper-slide-image swiper-lazy\" data-src=\"https:\/\/www.studiolacitta.it\/wp-content\/uploads\/2025\/10\/10_Carboni_Mangold_RNC_12_PEL_4480-scaled.jpg\" alt=\"Il Respiro Nascosto delle Cose - 2025 - Studio la Citt\u00e0 - Verona - Contemporary Art\" \/><div class=\"swiper-lazy-preloader\"><\/div><\/figure><\/a><\/div><div class=\"swiper-slide\" role=\"group\" aria-roledescription=\"slide\" aria-label=\"12 of 29\"><a data-elementor-open-lightbox=\"yes\" data-elementor-lightbox-slideshow=\"b047404\" data-elementor-lightbox-title=\"Il Respiro Nascosto delle Cose\" data-elementor-lightbox-description=\"2025 - Palazzo Oldofredi Tadini Botti, Torre Pallavicina\" data-e-action-hash=\"#elementor-action%3Aaction%3Dlightbox%26settings%3DeyJpZCI6MTM1MzQsInVybCI6Imh0dHBzOlwvXC93d3cuc3R1ZGlvbGFjaXR0YS5pdFwvd3AtY29udGVudFwvdXBsb2Fkc1wvMjAyNVwvMTBcLzExX01hbmdvbGRfQ2FzdGVsbGFfQXJlbmRzX1JOQ18xMV9QRUxfNDQ2MC1zY2FsZWQuanBnIiwic2xpZGVzaG93IjoiYjA0NzQwNCJ9\" href=\"https:\/\/www.studiolacitta.it\/wp-content\/uploads\/2025\/10\/11_Mangold_Castella_Arends_RNC_11_PEL_4460-scaled.jpg\"><figure class=\"swiper-slide-inner\"><img class=\"swiper-slide-image swiper-lazy\" data-src=\"https:\/\/www.studiolacitta.it\/wp-content\/uploads\/2025\/10\/11_Mangold_Castella_Arends_RNC_11_PEL_4460-scaled.jpg\" alt=\"Il Respiro Nascosto delle Cose - 2025 - Studio la Citt\u00e0 - Verona - Contemporary Art\" \/><div class=\"swiper-lazy-preloader\"><\/div><\/figure><\/a><\/div><div class=\"swiper-slide\" role=\"group\" aria-roledescription=\"slide\" aria-label=\"13 of 29\"><a data-elementor-open-lightbox=\"yes\" data-elementor-lightbox-slideshow=\"b047404\" data-elementor-lightbox-title=\"Il Respiro Nascosto delle Cose\" data-elementor-lightbox-description=\"2025 - Palazzo Oldofredi Tadini Botti, Torre Pallavicina\" data-e-action-hash=\"#elementor-action%3Aaction%3Dlightbox%26settings%3DeyJpZCI6MTM1MzUsInVybCI6Imh0dHBzOlwvXC93d3cuc3R1ZGlvbGFjaXR0YS5pdFwvd3AtY29udGVudFwvdXBsb2Fkc1wvMjAyNVwvMTBcLzEyX01hbmdvbGRfUGFzc2FsYWNxdWFfUk5DXzEyX1BFTF80NDE5LXNjYWxlZC5qcGciLCJzbGlkZXNob3ciOiJiMDQ3NDA0In0%3D\" href=\"https:\/\/www.studiolacitta.it\/wp-content\/uploads\/2025\/10\/12_Mangold_Passalacqua_RNC_12_PEL_4419-scaled.jpg\"><figure class=\"swiper-slide-inner\"><img class=\"swiper-slide-image swiper-lazy\" data-src=\"https:\/\/www.studiolacitta.it\/wp-content\/uploads\/2025\/10\/12_Mangold_Passalacqua_RNC_12_PEL_4419-scaled.jpg\" alt=\"Il Respiro Nascosto delle Cose - 2025 - Studio la Citt\u00e0 - Verona - Contemporary Art\" \/><div class=\"swiper-lazy-preloader\"><\/div><\/figure><\/a><\/div><div class=\"swiper-slide\" role=\"group\" aria-roledescription=\"slide\" aria-label=\"14 of 29\"><a data-elementor-open-lightbox=\"yes\" data-elementor-lightbox-slideshow=\"b047404\" data-elementor-lightbox-title=\"Il Respiro Nascosto delle Cose\" data-elementor-lightbox-description=\"2025 - Palazzo Oldofredi Tadini Botti, Torre Pallavicina\" data-e-action-hash=\"#elementor-action%3Aaction%3Dlightbox%26settings%3DeyJpZCI6MTM1MzYsInVybCI6Imh0dHBzOlwvXC93d3cuc3R1ZGlvbGFjaXR0YS5pdFwvd3AtY29udGVudFwvdXBsb2Fkc1wvMjAyNVwvMTBcLzEzX01hbmdvbGRfQ2FzdGVsbGFfQXJlbmRzX1JOQ18xM19QRUxfNDQ2OS1zY2FsZWQuanBnIiwic2xpZGVzaG93IjoiYjA0NzQwNCJ9\" href=\"https:\/\/www.studiolacitta.it\/wp-content\/uploads\/2025\/10\/13_Mangold_Castella_Arends_RNC_13_PEL_4469-scaled.jpg\"><figure class=\"swiper-slide-inner\"><img class=\"swiper-slide-image swiper-lazy\" data-src=\"https:\/\/www.studiolacitta.it\/wp-content\/uploads\/2025\/10\/13_Mangold_Castella_Arends_RNC_13_PEL_4469-scaled.jpg\" alt=\"Il Respiro Nascosto delle Cose - 2025 - Studio la Citt\u00e0 - Verona - Contemporary Art\" \/><div class=\"swiper-lazy-preloader\"><\/div><\/figure><\/a><\/div><div class=\"swiper-slide\" role=\"group\" aria-roledescription=\"slide\" aria-label=\"15 of 29\"><a data-elementor-open-lightbox=\"yes\" data-elementor-lightbox-slideshow=\"b047404\" data-elementor-lightbox-title=\"Il Respiro Nascosto delle Cose\" data-elementor-lightbox-description=\"2025 - Palazzo Oldofredi Tadini Botti, Torre Pallavicina\" data-e-action-hash=\"#elementor-action%3Aaction%3Dlightbox%26settings%3DeyJpZCI6MTM1MzcsInVybCI6Imh0dHBzOlwvXC93d3cuc3R1ZGlvbGFjaXR0YS5pdFwvd3AtY29udGVudFwvdXBsb2Fkc1wvMjAyNVwvMTBcLzE1X01hbmdvbGRfQ2FyYm9uaV9DYXN0ZWxsYV9STkNfMTVfUEVMXzQ1NDAtc2NhbGVkLmpwZyIsInNsaWRlc2hvdyI6ImIwNDc0MDQifQ%3D%3D\" href=\"https:\/\/www.studiolacitta.it\/wp-content\/uploads\/2025\/10\/15_Mangold_Carboni_Castella_RNC_15_PEL_4540-scaled.jpg\"><figure class=\"swiper-slide-inner\"><img class=\"swiper-slide-image swiper-lazy\" data-src=\"https:\/\/www.studiolacitta.it\/wp-content\/uploads\/2025\/10\/15_Mangold_Carboni_Castella_RNC_15_PEL_4540-scaled.jpg\" alt=\"Il Respiro Nascosto delle Cose - 2025 - Studio la Citt\u00e0 - Verona - Contemporary Art\" \/><div class=\"swiper-lazy-preloader\"><\/div><\/figure><\/a><\/div><div class=\"swiper-slide\" role=\"group\" aria-roledescription=\"slide\" aria-label=\"16 of 29\"><a data-elementor-open-lightbox=\"yes\" data-elementor-lightbox-slideshow=\"b047404\" data-elementor-lightbox-title=\"Il Respiro Nascosto delle Cose\" data-elementor-lightbox-description=\"2025 - Palazzo Oldofredi Tadini Botti, Torre Pallavicina\" data-e-action-hash=\"#elementor-action%3Aaction%3Dlightbox%26settings%3DeyJpZCI6MTM1MzgsInVybCI6Imh0dHBzOlwvXC93d3cuc3R1ZGlvbGFjaXR0YS5pdFwvd3AtY29udGVudFwvdXBsb2Fkc1wvMjAyNVwvMTBcLzE2X0x1a2FzX0Nhc3RlbGxhX1JOQ18xNl9QRUxfNDU4NC1zY2FsZWQuanBnIiwic2xpZGVzaG93IjoiYjA0NzQwNCJ9\" href=\"https:\/\/www.studiolacitta.it\/wp-content\/uploads\/2025\/10\/16_Lukas_Castella_RNC_16_PEL_4584-scaled.jpg\"><figure class=\"swiper-slide-inner\"><img class=\"swiper-slide-image swiper-lazy\" data-src=\"https:\/\/www.studiolacitta.it\/wp-content\/uploads\/2025\/10\/16_Lukas_Castella_RNC_16_PEL_4584-scaled.jpg\" alt=\"Il Respiro Nascosto delle Cose - 2025 - Studio la Citt\u00e0 - Verona - Contemporary Art\" \/><div class=\"swiper-lazy-preloader\"><\/div><\/figure><\/a><\/div><div class=\"swiper-slide\" role=\"group\" aria-roledescription=\"slide\" aria-label=\"17 of 29\"><a data-elementor-open-lightbox=\"yes\" data-elementor-lightbox-slideshow=\"b047404\" data-elementor-lightbox-title=\"Il Respiro Nascosto delle Cose\" data-elementor-lightbox-description=\"2025 - Palazzo Oldofredi Tadini Botti, Torre Pallavicina\" data-e-action-hash=\"#elementor-action%3Aaction%3Dlightbox%26settings%3DeyJpZCI6MTM1MzksInVybCI6Imh0dHBzOlwvXC93d3cuc3R1ZGlvbGFjaXR0YS5pdFwvd3AtY29udGVudFwvdXBsb2Fkc1wvMjAyNVwvMTBcLzE3X0Jhc2lsaWNvX0x1a2FzX1JOQ18xN19QRUxfNDU0Ny1zY2FsZWQuanBnIiwic2xpZGVzaG93IjoiYjA0NzQwNCJ9\" href=\"https:\/\/www.studiolacitta.it\/wp-content\/uploads\/2025\/10\/17_Basilico_Lukas_RNC_17_PEL_4547-scaled.jpg\"><figure class=\"swiper-slide-inner\"><img class=\"swiper-slide-image swiper-lazy\" data-src=\"https:\/\/www.studiolacitta.it\/wp-content\/uploads\/2025\/10\/17_Basilico_Lukas_RNC_17_PEL_4547-scaled.jpg\" alt=\"Il Respiro Nascosto delle Cose - 2025 - Studio la Citt\u00e0 - Verona - Contemporary Art\" \/><div class=\"swiper-lazy-preloader\"><\/div><\/figure><\/a><\/div><div class=\"swiper-slide\" role=\"group\" aria-roledescription=\"slide\" aria-label=\"18 of 29\"><a data-elementor-open-lightbox=\"yes\" data-elementor-lightbox-slideshow=\"b047404\" data-elementor-lightbox-title=\"Il Respiro Nascosto delle Cose\" data-elementor-lightbox-description=\"2025 - Palazzo Oldofredi Tadini Botti, Torre Pallavicina\" data-e-action-hash=\"#elementor-action%3Aaction%3Dlightbox%26settings%3DeyJpZCI6MTM1NDAsInVybCI6Imh0dHBzOlwvXC93d3cuc3R1ZGlvbGFjaXR0YS5pdFwvd3AtY29udGVudFwvdXBsb2Fkc1wvMjAyNVwvMTBcLzE4X0x1a2FzX0Jhc2lsaWNvX1JOQ18xOF9QRUxfNDU1MC1zY2FsZWQuanBnIiwic2xpZGVzaG93IjoiYjA0NzQwNCJ9\" href=\"https:\/\/www.studiolacitta.it\/wp-content\/uploads\/2025\/10\/18_Lukas_Basilico_RNC_18_PEL_4550-scaled.jpg\"><figure class=\"swiper-slide-inner\"><img class=\"swiper-slide-image swiper-lazy\" data-src=\"https:\/\/www.studiolacitta.it\/wp-content\/uploads\/2025\/10\/18_Lukas_Basilico_RNC_18_PEL_4550-scaled.jpg\" alt=\"Il Respiro Nascosto delle Cose - 2025 - Studio la Citt\u00e0 - Verona - Contemporary Art\" \/><div class=\"swiper-lazy-preloader\"><\/div><\/figure><\/a><\/div><div class=\"swiper-slide\" role=\"group\" aria-roledescription=\"slide\" aria-label=\"19 of 29\"><a data-elementor-open-lightbox=\"yes\" data-elementor-lightbox-slideshow=\"b047404\" data-elementor-lightbox-title=\"Il Respiro Nascosto delle Cose\" data-elementor-lightbox-description=\"2025 - Palazzo Oldofredi Tadini Botti, Torre Pallavicina\" data-e-action-hash=\"#elementor-action%3Aaction%3Dlightbox%26settings%3DeyJpZCI6MTM1NDEsInVybCI6Imh0dHBzOlwvXC93d3cuc3R1ZGlvbGFjaXR0YS5pdFwvd3AtY29udGVudFwvdXBsb2Fkc1wvMjAyNVwvMTBcLzE5X0dhbHRhcm9zc2FfUk5DXzE5X1BFTF80NzI3LXNjYWxlZC5qcGciLCJzbGlkZXNob3ciOiJiMDQ3NDA0In0%3D\" href=\"https:\/\/www.studiolacitta.it\/wp-content\/uploads\/2025\/10\/19_Galtarossa_RNC_19_PEL_4727-scaled.jpg\"><figure class=\"swiper-slide-inner\"><img class=\"swiper-slide-image swiper-lazy\" data-src=\"https:\/\/www.studiolacitta.it\/wp-content\/uploads\/2025\/10\/19_Galtarossa_RNC_19_PEL_4727-scaled.jpg\" alt=\"Il Respiro Nascosto delle Cose - 2025 - Studio la Citt\u00e0 - Verona - Contemporary Art\" \/><div class=\"swiper-lazy-preloader\"><\/div><\/figure><\/a><\/div><div class=\"swiper-slide\" role=\"group\" aria-roledescription=\"slide\" aria-label=\"20 of 29\"><a data-elementor-open-lightbox=\"yes\" data-elementor-lightbox-slideshow=\"b047404\" data-elementor-lightbox-title=\"Il Respiro Nascosto delle Cose\" data-elementor-lightbox-description=\"2025 - Palazzo Oldofredi Tadini Botti, Torre Pallavicina\" data-e-action-hash=\"#elementor-action%3Aaction%3Dlightbox%26settings%3DeyJpZCI6MTM1NDIsInVybCI6Imh0dHBzOlwvXC93d3cuc3R1ZGlvbGFjaXR0YS5pdFwvd3AtY29udGVudFwvdXBsb2Fkc1wvMjAyNVwvMTBcLzIwX01hc3V5YW1hX1JOQ18yMF9QRUxfNDc0NC1zY2FsZWQuanBnIiwic2xpZGVzaG93IjoiYjA0NzQwNCJ9\" href=\"https:\/\/www.studiolacitta.it\/wp-content\/uploads\/2025\/10\/20_Masuyama_RNC_20_PEL_4744-scaled.jpg\"><figure class=\"swiper-slide-inner\"><img class=\"swiper-slide-image swiper-lazy\" data-src=\"https:\/\/www.studiolacitta.it\/wp-content\/uploads\/2025\/10\/20_Masuyama_RNC_20_PEL_4744-scaled.jpg\" alt=\"Il Respiro Nascosto delle Cose - 2025 - Studio la Citt\u00e0 - Verona - Contemporary Art\" \/><div class=\"swiper-lazy-preloader\"><\/div><\/figure><\/a><\/div><div class=\"swiper-slide\" role=\"group\" aria-roledescription=\"slide\" aria-label=\"21 of 29\"><a data-elementor-open-lightbox=\"yes\" data-elementor-lightbox-slideshow=\"b047404\" data-elementor-lightbox-title=\"Il Respiro Nascosto delle Cose\" data-elementor-lightbox-description=\"2025 - Palazzo Oldofredi Tadini Botti, Torre Pallavicina\" data-e-action-hash=\"#elementor-action%3Aaction%3Dlightbox%26settings%3DeyJpZCI6MTM1NDMsInVybCI6Imh0dHBzOlwvXC93d3cuc3R1ZGlvbGFjaXR0YS5pdFwvd3AtY29udGVudFwvdXBsb2Fkc1wvMjAyNVwvMTBcLzIxX0R1ZmZfUk5DXzIyX1BFTF80NzgyLXNjYWxlZC5qcGciLCJzbGlkZXNob3ciOiJiMDQ3NDA0In0%3D\" href=\"https:\/\/www.studiolacitta.it\/wp-content\/uploads\/2025\/10\/21_Duff_RNC_22_PEL_4782-scaled.jpg\"><figure class=\"swiper-slide-inner\"><img class=\"swiper-slide-image swiper-lazy\" data-src=\"https:\/\/www.studiolacitta.it\/wp-content\/uploads\/2025\/10\/21_Duff_RNC_22_PEL_4782-scaled.jpg\" alt=\"Il Respiro Nascosto delle Cose - 2025 - Studio la Citt\u00e0 - Verona - Contemporary Art\" \/><div class=\"swiper-lazy-preloader\"><\/div><\/figure><\/a><\/div><div class=\"swiper-slide\" role=\"group\" aria-roledescription=\"slide\" aria-label=\"22 of 29\"><a data-elementor-open-lightbox=\"yes\" data-elementor-lightbox-slideshow=\"b047404\" data-elementor-lightbox-title=\"Il Respiro Nascosto delle Cose\" data-elementor-lightbox-description=\"2025 - Palazzo Oldofredi Tadini Botti, Torre Pallavicina\" data-e-action-hash=\"#elementor-action%3Aaction%3Dlightbox%26settings%3DeyJpZCI6MTM1NDQsInVybCI6Imh0dHBzOlwvXC93d3cuc3R1ZGlvbGFjaXR0YS5pdFwvd3AtY29udGVudFwvdXBsb2Fkc1wvMjAyNVwvMTBcL0FyZW5kc19SZXNwaXJvLU5hc2Nvc3RvLWRlbGxlLUNvc2VfMjAyNV8xX1BFTF80NDQzLXNjYWxlZC5qcGciLCJzbGlkZXNob3ciOiJiMDQ3NDA0In0%3D\" href=\"https:\/\/www.studiolacitta.it\/wp-content\/uploads\/2025\/10\/Arends_Respiro-Nascosto-delle-Cose_2025_1_PEL_4443-scaled.jpg\"><figure class=\"swiper-slide-inner\"><img class=\"swiper-slide-image swiper-lazy\" data-src=\"https:\/\/www.studiolacitta.it\/wp-content\/uploads\/2025\/10\/Arends_Respiro-Nascosto-delle-Cose_2025_1_PEL_4443-scaled.jpg\" alt=\"Il Respiro Nascosto delle Cose - 2025 - Studio la Citt\u00e0 - Verona - Contemporary Art\" \/><div class=\"swiper-lazy-preloader\"><\/div><\/figure><\/a><\/div><div class=\"swiper-slide\" role=\"group\" aria-roledescription=\"slide\" aria-label=\"23 of 29\"><a data-elementor-open-lightbox=\"yes\" data-elementor-lightbox-slideshow=\"b047404\" data-elementor-lightbox-title=\"Il Respiro Nascosto delle Cose\" data-elementor-lightbox-description=\"2025 - Palazzo Oldofredi Tadini Botti, Torre Pallavicina\" data-e-action-hash=\"#elementor-action%3Aaction%3Dlightbox%26settings%3DeyJpZCI6MTM1NDUsInVybCI6Imh0dHBzOlwvXC93d3cuc3R1ZGlvbGFjaXR0YS5pdFwvd3AtY29udGVudFwvdXBsb2Fkc1wvMjAyNVwvMTBcL0FyZW5kc19SZXNwaXJvLU5hc2Nvc3RvLWRlbGxlLUNvc2VfMjAyNV8yX1BFTF80NDQ2LXNjYWxlZC5qcGciLCJzbGlkZXNob3ciOiJiMDQ3NDA0In0%3D\" href=\"https:\/\/www.studiolacitta.it\/wp-content\/uploads\/2025\/10\/Arends_Respiro-Nascosto-delle-Cose_2025_2_PEL_4446-scaled.jpg\"><figure class=\"swiper-slide-inner\"><img class=\"swiper-slide-image swiper-lazy\" data-src=\"https:\/\/www.studiolacitta.it\/wp-content\/uploads\/2025\/10\/Arends_Respiro-Nascosto-delle-Cose_2025_2_PEL_4446-scaled.jpg\" alt=\"Il Respiro Nascosto delle Cose - 2025 - Studio la Citt\u00e0 - Verona - Contemporary Art\" \/><div class=\"swiper-lazy-preloader\"><\/div><\/figure><\/a><\/div><div class=\"swiper-slide\" role=\"group\" aria-roledescription=\"slide\" aria-label=\"24 of 29\"><a data-elementor-open-lightbox=\"yes\" data-elementor-lightbox-slideshow=\"b047404\" data-elementor-lightbox-title=\"Il Respiro Nascosto delle Cose\" data-elementor-lightbox-description=\"2025 - Palazzo Oldofredi Tadini Botti, Torre Pallavicina\" data-e-action-hash=\"#elementor-action%3Aaction%3Dlightbox%26settings%3DeyJpZCI6MTM1NDYsInVybCI6Imh0dHBzOlwvXC93d3cuc3R1ZGlvbGFjaXR0YS5pdFwvd3AtY29udGVudFwvdXBsb2Fkc1wvMjAyNVwvMTBcL0JyYW5kX0lsLXJlc3Bpcm8tTmFzY29zdG8tZGVsbGUtQ29zZV8yMDI1XzFfUEVMXzQ2MTItc2NhbGVkLmpwZyIsInNsaWRlc2hvdyI6ImIwNDc0MDQifQ%3D%3D\" href=\"https:\/\/www.studiolacitta.it\/wp-content\/uploads\/2025\/10\/Brand_Il-respiro-Nascosto-delle-Cose_2025_1_PEL_4612-scaled.jpg\"><figure class=\"swiper-slide-inner\"><img class=\"swiper-slide-image swiper-lazy\" data-src=\"https:\/\/www.studiolacitta.it\/wp-content\/uploads\/2025\/10\/Brand_Il-respiro-Nascosto-delle-Cose_2025_1_PEL_4612-scaled.jpg\" alt=\"Il Respiro Nascosto delle Cose - 2025 - Studio la Citt\u00e0 - Verona - Contemporary Art\" \/><div class=\"swiper-lazy-preloader\"><\/div><\/figure><\/a><\/div><div class=\"swiper-slide\" role=\"group\" aria-roledescription=\"slide\" aria-label=\"25 of 29\"><a data-elementor-open-lightbox=\"yes\" data-elementor-lightbox-slideshow=\"b047404\" data-elementor-lightbox-title=\"Il Respiro Nascosto delle Cose\" data-elementor-lightbox-description=\"2025 - Palazzo Oldofredi Tadini Botti, Torre Pallavicina\" data-e-action-hash=\"#elementor-action%3Aaction%3Dlightbox%26settings%3DeyJpZCI6MTM1NDcsInVybCI6Imh0dHBzOlwvXC93d3cuc3R1ZGlvbGFjaXR0YS5pdFwvd3AtY29udGVudFwvdXBsb2Fkc1wvMjAyNVwvMTBcL0NhcmJvbmlfSWwtUmVzcGlyby1OYXNjb3N0by1kZWxsZS1Db3NlXzIwMjVfMV9QRUxfNDQ5Mi1zY2FsZWQuanBnIiwic2xpZGVzaG93IjoiYjA0NzQwNCJ9\" href=\"https:\/\/www.studiolacitta.it\/wp-content\/uploads\/2025\/10\/Carboni_Il-Respiro-Nascosto-delle-Cose_2025_1_PEL_4492-scaled.jpg\"><figure class=\"swiper-slide-inner\"><img class=\"swiper-slide-image swiper-lazy\" data-src=\"https:\/\/www.studiolacitta.it\/wp-content\/uploads\/2025\/10\/Carboni_Il-Respiro-Nascosto-delle-Cose_2025_1_PEL_4492-scaled.jpg\" alt=\"Il Respiro Nascosto delle Cose - 2025 - Studio la Citt\u00e0 - Verona - Contemporary Art\" \/><div class=\"swiper-lazy-preloader\"><\/div><\/figure><\/a><\/div><div class=\"swiper-slide\" role=\"group\" aria-roledescription=\"slide\" aria-label=\"26 of 29\"><a data-elementor-open-lightbox=\"yes\" data-elementor-lightbox-slideshow=\"b047404\" data-elementor-lightbox-title=\"Il Respiro Nascosto delle Cose\" data-elementor-lightbox-description=\"2025 - Palazzo Oldofredi Tadini Botti, Torre Pallavicina\" data-e-action-hash=\"#elementor-action%3Aaction%3Dlightbox%26settings%3DeyJpZCI6MTM1NDgsInVybCI6Imh0dHBzOlwvXC93d3cuc3R1ZGlvbGFjaXR0YS5pdFwvd3AtY29udGVudFwvdXBsb2Fkc1wvMjAyNVwvMTBcL0Nhc3RlbGxhX0lsLVJlc3Bpcm8tTmFzY29zdG8tZGVsbGUtQ29zZV8yMDI1XzFfUEVMXzQ1MjItc2NhbGVkLmpwZyIsInNsaWRlc2hvdyI6ImIwNDc0MDQifQ%3D%3D\" href=\"https:\/\/www.studiolacitta.it\/wp-content\/uploads\/2025\/10\/Castella_Il-Respiro-Nascosto-delle-Cose_2025_1_PEL_4522-scaled.jpg\"><figure class=\"swiper-slide-inner\"><img class=\"swiper-slide-image swiper-lazy\" data-src=\"https:\/\/www.studiolacitta.it\/wp-content\/uploads\/2025\/10\/Castella_Il-Respiro-Nascosto-delle-Cose_2025_1_PEL_4522-scaled.jpg\" alt=\"Il Respiro Nascosto delle Cose - 2025 - Studio la Citt\u00e0 - Verona - Contemporary Art\" \/><div class=\"swiper-lazy-preloader\"><\/div><\/figure><\/a><\/div><div class=\"swiper-slide\" role=\"group\" aria-roledescription=\"slide\" aria-label=\"27 of 29\"><a data-elementor-open-lightbox=\"yes\" data-elementor-lightbox-slideshow=\"b047404\" data-elementor-lightbox-title=\"Il Respiro Nascosto delle Cose\" data-elementor-lightbox-description=\"2025 - Palazzo Oldofredi Tadini Botti, Torre Pallavicina\" data-e-action-hash=\"#elementor-action%3Aaction%3Dlightbox%26settings%3DeyJpZCI6MTM1NDksInVybCI6Imh0dHBzOlwvXC93d3cuc3R1ZGlvbGFjaXR0YS5pdFwvd3AtY29udGVudFwvdXBsb2Fkc1wvMjAyNVwvMTBcL0hhbWFrX0luc3RhbGxhemlvbmVGYWNjaWF0YS1DaGllc2V0dGFfMjAyNS5qcGciLCJzbGlkZXNob3ciOiJiMDQ3NDA0In0%3D\" href=\"https:\/\/www.studiolacitta.it\/wp-content\/uploads\/2025\/10\/Hamak_InstallazioneFacciata-Chiesetta_2025.jpg\"><figure class=\"swiper-slide-inner\"><img class=\"swiper-slide-image swiper-lazy\" data-src=\"https:\/\/www.studiolacitta.it\/wp-content\/uploads\/2025\/10\/Hamak_InstallazioneFacciata-Chiesetta_2025.jpg\" alt=\"Il Respiro Nascosto delle Cose - 2025 - Studio la Citt\u00e0 - Verona - Contemporary Art\" \/><div class=\"swiper-lazy-preloader\"><\/div><\/figure><\/a><\/div><div class=\"swiper-slide\" role=\"group\" aria-roledescription=\"slide\" aria-label=\"28 of 29\"><a data-elementor-open-lightbox=\"yes\" data-elementor-lightbox-slideshow=\"b047404\" data-elementor-lightbox-title=\"Il Respiro Nascosto delle Cose\" data-elementor-lightbox-description=\"2025 - Palazzo Oldofredi Tadini Botti, Torre Pallavicina\" data-e-action-hash=\"#elementor-action%3Aaction%3Dlightbox%26settings%3DeyJpZCI6MTM1NTAsInVybCI6Imh0dHBzOlwvXC93d3cuc3R1ZGlvbGFjaXR0YS5pdFwvd3AtY29udGVudFwvdXBsb2Fkc1wvMjAyNVwvMTBcL01hbmdvbGRfUmVzcGlyby1OYXNjb3N0by1kZWxsZS1Db3NlXzIwMjVfMV9QRUxfNDM5NC1zY2FsZWQuanBnIiwic2xpZGVzaG93IjoiYjA0NzQwNCJ9\" href=\"https:\/\/www.studiolacitta.it\/wp-content\/uploads\/2025\/10\/Mangold_Respiro-Nascosto-delle-Cose_2025_1_PEL_4394-scaled.jpg\"><figure class=\"swiper-slide-inner\"><img class=\"swiper-slide-image swiper-lazy\" data-src=\"https:\/\/www.studiolacitta.it\/wp-content\/uploads\/2025\/10\/Mangold_Respiro-Nascosto-delle-Cose_2025_1_PEL_4394-scaled.jpg\" alt=\"Il Respiro Nascosto delle Cose - 2025 - Studio la Citt\u00e0 - Verona - Contemporary Art\" \/><div class=\"swiper-lazy-preloader\"><\/div><\/figure><\/a><\/div><div class=\"swiper-slide\" role=\"group\" aria-roledescription=\"slide\" aria-label=\"29 of 29\"><a data-elementor-open-lightbox=\"yes\" data-elementor-lightbox-slideshow=\"b047404\" data-elementor-lightbox-title=\"Il Respiro Nascosto delle Cose\" data-elementor-lightbox-description=\"2025 - Palazzo Oldofredi Tadini Botti, Torre Pallavicina\" data-e-action-hash=\"#elementor-action%3Aaction%3Dlightbox%26settings%3DeyJpZCI6MTM1NTEsInVybCI6Imh0dHBzOlwvXC93d3cuc3R1ZGlvbGFjaXR0YS5pdFwvd3AtY29udGVudFwvdXBsb2Fkc1wvMjAyNVwvMTBcL01hbmdvbGRfUmVzcGlyby1OYXNjb3N0by1kZWxsZS1Db3NlXzIwMjVfMl9QRUxfNDQzOS1zY2FsZWQuanBnIiwic2xpZGVzaG93IjoiYjA0NzQwNCJ9\" href=\"https:\/\/www.studiolacitta.it\/wp-content\/uploads\/2025\/10\/Mangold_Respiro-Nascosto-delle-Cose_2025_2_PEL_4439-scaled.jpg\"><figure class=\"swiper-slide-inner\"><img class=\"swiper-slide-image swiper-lazy\" data-src=\"https:\/\/www.studiolacitta.it\/wp-content\/uploads\/2025\/10\/Mangold_Respiro-Nascosto-delle-Cose_2025_2_PEL_4439-scaled.jpg\" alt=\"Il Respiro Nascosto delle Cose - 2025 - Studio la Citt\u00e0 - Verona - Contemporary Art\" \/><div class=\"swiper-lazy-preloader\"><\/div><\/figure><\/a><\/div>\t\t\t<\/div>\n\t\t\t\t\t\t\t\t\t\t\t\t<div class=\"elementor-swiper-button elementor-swiper-button-prev\" role=\"button\" tabindex=\"0\">\n\t\t\t\t\t\t<svg aria-hidden=\"true\" class=\"e-font-icon-svg e-eicon-chevron-left\" viewBox=\"0 0 1000 1000\" xmlns=\"http:\/\/www.w3.org\/2000\/svg\"><path d=\"M646 125C629 125 613 133 604 142L308 442C296 454 292 471 292 487 292 504 296 521 308 533L604 854C617 867 629 875 646 875 663 875 679 871 692 858 704 846 713 829 713 812 713 796 708 779 692 767L438 487 692 225C700 217 708 204 708 187 708 171 704 154 692 142 675 129 663 125 646 125Z\"><\/path><\/svg>\t\t\t\t\t<\/div>\n\t\t\t\t\t<div class=\"elementor-swiper-button elementor-swiper-button-next\" role=\"button\" tabindex=\"0\">\n\t\t\t\t\t\t<svg aria-hidden=\"true\" class=\"e-font-icon-svg e-eicon-chevron-right\" viewBox=\"0 0 1000 1000\" xmlns=\"http:\/\/www.w3.org\/2000\/svg\"><path d=\"M696 533C708 521 713 504 713 487 713 471 708 454 696 446L400 146C388 133 375 125 354 125 338 125 325 129 313 142 300 154 292 171 292 187 292 204 296 221 308 233L563 492 304 771C292 783 288 800 288 817 288 833 296 850 308 863 321 871 338 875 354 875 371 875 388 867 400 854L696 533Z\"><\/path><\/svg>\t\t\t\t\t<\/div>\n\t\t\t\t\n\t\t\t\t\t\t\t\t\t<\/div>\n\t\t\t\t\t\t<\/div>\n\t\t\t\t\t<\/div>\n\t\t\t\t<\/div>\n\t\t\t\t\t<\/div>\n\t\t<\/div>\n\t\t\t\t\t\t<\/div>\n\t\t\t\t\t<\/div>\n\t\t\t\t<\/div>\n\t\t<div id=\"e-n-tab-content-1324294403\" role=\"tabpanel\" aria-labelledby=\"e-n-tab-title-1324294403\" data-tab-index=\"3\" style=\"--n-tabs-title-order: 3;\" class=\" elementor-element elementor-element-496b63d6 e-flex e-con-boxed e-con e-child\" data-id=\"496b63d6\" data-element_type=\"container\" data-e-type=\"container\">\n\t\t\t\t\t<div class=\"e-con-inner\">\n\t\t\t\t<div class=\"elementor-element elementor-element-6e6d9da4 e-n-tabs-mobile elementor-widget elementor-widget-n-tabs\" data-id=\"6e6d9da4\" data-element_type=\"widget\" data-e-type=\"widget\" data-settings=\"{&quot;horizontal_scroll&quot;:&quot;disable&quot;}\" data-widget_type=\"nested-tabs.default\">\n\t\t\t\t\t\t\t<div class=\"e-n-tabs\" data-widget-number=\"1852677540\" aria-label=\"Tabs. Open items with Enter or Space, close with Escape and navigate using the Arrow keys.\">\n\t\t\t<div class=\"e-n-tabs-heading\" role=\"tablist\">\n\t\t\t\t\t<button id=\"e-n-tab-title-18526775401\" data-tab-title-id=\"e-n-tab-title-18526775401\" class=\"e-n-tab-title\" aria-selected=\"true\" data-tab-index=\"1\" role=\"tab\" tabindex=\"0\" aria-controls=\"e-n-tab-content-18526775401\" style=\"--n-tabs-title-order: 1;\">\n\t\t\t\t\t<span class=\"e-n-tab-icon\">\n\t\t\t<svg aria-hidden=\"true\" class=\"e-font-icon-svg e-fas-border-all\" viewBox=\"0 0 448 512\" xmlns=\"http:\/\/www.w3.org\/2000\/svg\"><path d=\"M416 32H32A32 32 0 0 0 0 64v384a32 32 0 0 0 32 32h384a32 32 0 0 0 32-32V64a32 32 0 0 0-32-32zm-32 64v128H256V96zm-192 0v128H64V96zM64 416V288h128v128zm192 0V288h128v128z\"><\/path><\/svg>\t\t\t<svg aria-hidden=\"true\" class=\"e-font-icon-svg e-fas-border-all\" viewBox=\"0 0 448 512\" xmlns=\"http:\/\/www.w3.org\/2000\/svg\"><path d=\"M416 32H32A32 32 0 0 0 0 64v384a32 32 0 0 0 32 32h384a32 32 0 0 0 32-32V64a32 32 0 0 0-32-32zm-32 64v128H256V96zm-192 0v128H64V96zM64 416V288h128v128zm192 0V288h128v128z\"><\/path><\/svg>\t\t<\/span>\n\t\t\t\t\t<span class=\"e-n-tab-title-text\">\n\t\t\t\t\t\t\t<\/span>\n\t\t<\/button>\n\t\t\t\t<button id=\"e-n-tab-title-18526775402\" data-tab-title-id=\"e-n-tab-title-18526775402\" class=\"e-n-tab-title\" aria-selected=\"false\" data-tab-index=\"2\" role=\"tab\" tabindex=\"-1\" aria-controls=\"e-n-tab-content-18526775402\" style=\"--n-tabs-title-order: 2;\">\n\t\t\t\t\t<span class=\"e-n-tab-icon\">\n\t\t\t<svg aria-hidden=\"true\" class=\"e-font-icon-svg e-far-clone\" viewBox=\"0 0 512 512\" xmlns=\"http:\/\/www.w3.org\/2000\/svg\"><path d=\"M464 0H144c-26.51 0-48 21.49-48 48v48H48c-26.51 0-48 21.49-48 48v320c0 26.51 21.49 48 48 48h320c26.51 0 48-21.49 48-48v-48h48c26.51 0 48-21.49 48-48V48c0-26.51-21.49-48-48-48zM362 464H54a6 6 0 0 1-6-6V150a6 6 0 0 1 6-6h42v224c0 26.51 21.49 48 48 48h224v42a6 6 0 0 1-6 6zm96-96H150a6 6 0 0 1-6-6V54a6 6 0 0 1 6-6h308a6 6 0 0 1 6 6v308a6 6 0 0 1-6 6z\"><\/path><\/svg>\t\t\t<svg aria-hidden=\"true\" class=\"e-font-icon-svg e-far-clone\" viewBox=\"0 0 512 512\" xmlns=\"http:\/\/www.w3.org\/2000\/svg\"><path d=\"M464 0H144c-26.51 0-48 21.49-48 48v48H48c-26.51 0-48 21.49-48 48v320c0 26.51 21.49 48 48 48h320c26.51 0 48-21.49 48-48v-48h48c26.51 0 48-21.49 48-48V48c0-26.51-21.49-48-48-48zM362 464H54a6 6 0 0 1-6-6V150a6 6 0 0 1 6-6h42v224c0 26.51 21.49 48 48 48h224v42a6 6 0 0 1-6 6zm96-96H150a6 6 0 0 1-6-6V54a6 6 0 0 1 6-6h308a6 6 0 0 1 6 6v308a6 6 0 0 1-6 6z\"><\/path><\/svg>\t\t<\/span>\n\t\t\t\t\t<span class=\"e-n-tab-title-text\">\n\t\t\t\t\t\t\t<\/span>\n\t\t<\/button>\n\t\t\t\t\t<\/div>\n\t\t\t<div class=\"e-n-tabs-content\">\n\t\t\t\t<div id=\"e-n-tab-content-18526775401\" role=\"tabpanel\" aria-labelledby=\"e-n-tab-title-18526775401\" data-tab-index=\"1\" style=\"--n-tabs-title-order: 1;\" class=\"e-active elementor-element elementor-element-5866b66 e-con-full e-flex e-con e-child\" data-id=\"5866b66\" data-element_type=\"container\" data-e-type=\"container\">\n\t\t\t\t<div class=\"elementor-element elementor-element-097ffed elementor-widget elementor-widget-gallery\" data-id=\"097ffed\" data-element_type=\"widget\" data-e-type=\"widget\" data-settings=\"{&quot;columns&quot;:6,&quot;gap&quot;:{&quot;unit&quot;:&quot;px&quot;,&quot;size&quot;:15,&quot;sizes&quot;:[]},&quot;aspect_ratio&quot;:&quot;1:1&quot;,&quot;columns_tablet&quot;:3,&quot;columns_mobile&quot;:2,&quot;lazyload&quot;:&quot;yes&quot;,&quot;gallery_layout&quot;:&quot;grid&quot;,&quot;gap_tablet&quot;:{&quot;unit&quot;:&quot;px&quot;,&quot;size&quot;:10,&quot;sizes&quot;:[]},&quot;gap_mobile&quot;:{&quot;unit&quot;:&quot;px&quot;,&quot;size&quot;:10,&quot;sizes&quot;:[]},&quot;link_to&quot;:&quot;file&quot;,&quot;overlay_background&quot;:&quot;yes&quot;,&quot;content_hover_animation&quot;:&quot;fade-in&quot;}\" data-widget_type=\"gallery.default\">\n\t\t\t\t\t\t\t\t<div class=\"elementor-gallery__titles-container e--pointer-none\" aria-label=\"Gallery filter\">\n\t\t\t\t\n\t\t\t\t\t\t\t\t\t<a class=\"elementor-item elementor-gallery-title\" role=\"button\" tabindex=\"0\" data-gallery-index=\"0\">\n\t\t\t\t\t\t\t\t\t\t\t<\/a>\n\t\t\t\t\t\t\t\t<\/div>\n\t\t\t\t\t<div class=\"elementor-gallery__container\">\n\t\t\t\t\t\t\t<a class=\"e-gallery-item elementor-gallery-item elementor-animated-content\" data-e-gallery-tags=\"0\" href=\"https:\/\/www.studiolacitta.it\/wp-content\/uploads\/2025\/10\/10_CD-390_Masuyama_J.M.W.Turner-The-Upper-End-of-the-Grand-canal-with-San-Simeone-Piccolo-Dusk-1840_2010-1-scaled.jpg\" data-elementor-open-lightbox=\"yes\" data-elementor-lightbox-slideshow=\"097ffed\" data-elementor-lightbox-title=\"Hiroyuki Masuyama, J.M.W.Turner, The Upper End of the Grand canal with San Simeone Piccolo Dusk, 1840, 21,9x32x4cm, 2010\" data-elementor-lightbox-description=\"Lightbox a LED | LED Lightbox - CD 390\" data-e-action-hash=\"#elementor-action%3Aaction%3Dlightbox%26settings%3DeyJpZCI6MTM1NTIsInVybCI6Imh0dHBzOlwvXC93d3cuc3R1ZGlvbGFjaXR0YS5pdFwvd3AtY29udGVudFwvdXBsb2Fkc1wvMjAyNVwvMTBcLzEwX0NELTM5MF9NYXN1eWFtYV9KLk0uVy5UdXJuZXItVGhlLVVwcGVyLUVuZC1vZi10aGUtR3JhbmQtY2FuYWwtd2l0aC1TYW4tU2ltZW9uZS1QaWNjb2xvLUR1c2stMTg0MF8yMDEwLTEtc2NhbGVkLmpwZyIsInNsaWRlc2hvdyI6IjA5N2ZmZWQifQ%3D%3D\">\n\t\t\t\t\t<div class=\"e-gallery-image elementor-gallery-item__image\" data-thumbnail=\"https:\/\/www.studiolacitta.it\/wp-content\/uploads\/2025\/10\/10_CD-390_Masuyama_J.M.W.Turner-The-Upper-End-of-the-Grand-canal-with-San-Simeone-Piccolo-Dusk-1840_2010-1-768x531.jpg\" data-width=\"768\" data-height=\"531\" aria-label=\"Hiroyuki Masuyama - J.M.W.Turner, The Upper End of the Grand canal with San Simeone Piccolo Dusk, 1840 - 2010 - Studio la Citt\u00e0 - Verona - Contemporary Art\" role=\"img\" ><\/div>\n\t\t\t\t\t\t\t\t\t\t\t<div class=\"elementor-gallery-item__overlay\"><\/div>\n\t\t\t\t\t\t\t\t\t\t\t\t\t\t<\/a>\n\t\t\t\t\t\t\t<a class=\"e-gallery-item elementor-gallery-item elementor-animated-content\" data-e-gallery-tags=\"0\" href=\"https:\/\/www.studiolacitta.it\/wp-content\/uploads\/2025\/10\/10_CD-395_Masuyama_J.M.W.Turner-Fisherman-on-the-Lagoon-Moonlight-1840_2010-1-scaled.jpg\" data-elementor-open-lightbox=\"yes\" data-elementor-lightbox-slideshow=\"097ffed\" data-elementor-lightbox-title=\"Hiroyuki Masuyama, J.M.W.Turner, Fisherman on the Lagoon Moonlight, 1840, 21,8x31x9x4cm, 2010\" data-elementor-lightbox-description=\"Lightbox a LED | LED Lightbox - CD 395\" data-e-action-hash=\"#elementor-action%3Aaction%3Dlightbox%26settings%3DeyJpZCI6MTM1NTMsInVybCI6Imh0dHBzOlwvXC93d3cuc3R1ZGlvbGFjaXR0YS5pdFwvd3AtY29udGVudFwvdXBsb2Fkc1wvMjAyNVwvMTBcLzEwX0NELTM5NV9NYXN1eWFtYV9KLk0uVy5UdXJuZXItRmlzaGVybWFuLW9uLXRoZS1MYWdvb24tTW9vbmxpZ2h0LTE4NDBfMjAxMC0xLXNjYWxlZC5qcGciLCJzbGlkZXNob3ciOiIwOTdmZmVkIn0%3D\">\n\t\t\t\t\t<div class=\"e-gallery-image elementor-gallery-item__image\" data-thumbnail=\"https:\/\/www.studiolacitta.it\/wp-content\/uploads\/2025\/10\/10_CD-395_Masuyama_J.M.W.Turner-Fisherman-on-the-Lagoon-Moonlight-1840_2010-1-768x535.jpg\" data-width=\"768\" data-height=\"535\" aria-label=\"Hiroyuki Masuyama - J.M.W.Turner, Fisherman on the Lagoon Moonlight, 1840 - 2010 - Studio la Citt\u00e0 - Verona - Contemporary Art\" role=\"img\" ><\/div>\n\t\t\t\t\t\t\t\t\t\t\t<div class=\"elementor-gallery-item__overlay\"><\/div>\n\t\t\t\t\t\t\t\t\t\t\t\t\t\t<\/a>\n\t\t\t\t\t\t\t<a class=\"e-gallery-item elementor-gallery-item elementor-animated-content\" data-e-gallery-tags=\"0\" href=\"https:\/\/www.studiolacitta.it\/wp-content\/uploads\/2025\/10\/11_CD-397_Masuyama_J.M.W.Turner-Looking-across-the-Bacino-di-San-Marco-at-Sunset-from-near-San-Biagio-1840_2010-1-scaled.jpg\" data-elementor-open-lightbox=\"yes\" data-elementor-lightbox-slideshow=\"097ffed\" data-elementor-lightbox-title=\"Hiroyuki Masuyama, J.M.W.Turner, Looking across the Bacino di San Marco at Sunset, from near San Biagio, 1840, 24,4x30,4x4cm,2010\" data-elementor-lightbox-description=\"Lightbox a LED | LED Lightbox - CD 397\" data-e-action-hash=\"#elementor-action%3Aaction%3Dlightbox%26settings%3DeyJpZCI6MTM1NTQsInVybCI6Imh0dHBzOlwvXC93d3cuc3R1ZGlvbGFjaXR0YS5pdFwvd3AtY29udGVudFwvdXBsb2Fkc1wvMjAyNVwvMTBcLzExX0NELTM5N19NYXN1eWFtYV9KLk0uVy5UdXJuZXItTG9va2luZy1hY3Jvc3MtdGhlLUJhY2luby1kaS1TYW4tTWFyY28tYXQtU3Vuc2V0LWZyb20tbmVhci1TYW4tQmlhZ2lvLTE4NDBfMjAxMC0xLXNjYWxlZC5qcGciLCJzbGlkZXNob3ciOiIwOTdmZmVkIn0%3D\">\n\t\t\t\t\t<div class=\"e-gallery-image elementor-gallery-item__image\" data-thumbnail=\"https:\/\/www.studiolacitta.it\/wp-content\/uploads\/2025\/10\/11_CD-397_Masuyama_J.M.W.Turner-Looking-across-the-Bacino-di-San-Marco-at-Sunset-from-near-San-Biagio-1840_2010-1-768x621.jpg\" data-width=\"768\" data-height=\"621\" aria-label=\"Hiroyuki Masuyama - J.M.W.Turner, Looking across the Bacino di San Marco at Sunset, from near San Biagio, 1840 - 2010 - Studio la Citt\u00e0 - Verona - Contemporary Art\" role=\"img\" ><\/div>\n\t\t\t\t\t\t\t\t\t\t\t<div class=\"elementor-gallery-item__overlay\"><\/div>\n\t\t\t\t\t\t\t\t\t\t\t\t\t\t<\/a>\n\t\t\t\t\t\t\t<a class=\"e-gallery-item elementor-gallery-item elementor-animated-content\" data-e-gallery-tags=\"0\" href=\"https:\/\/www.studiolacitta.it\/wp-content\/uploads\/2025\/10\/12_CD-446_Masuyama_Looking-down-the-Grand-Canal-to-Palazzo-Corner_2010-1-scaled.jpg\" data-elementor-open-lightbox=\"yes\" data-elementor-lightbox-slideshow=\"097ffed\" data-elementor-lightbox-title=\"Hiroyuki Masuyama, Looking down the Grand Canal to Palazzo Corner della Ca&#039; Grande and Santa Maria della Salute, 1840, 22,1x32,5x4cm, 2010\" data-elementor-lightbox-description=\"Lightbox a LED | LED Lightbox - CD 446\" data-e-action-hash=\"#elementor-action%3Aaction%3Dlightbox%26settings%3DeyJpZCI6MTM1NTUsInVybCI6Imh0dHBzOlwvXC93d3cuc3R1ZGlvbGFjaXR0YS5pdFwvd3AtY29udGVudFwvdXBsb2Fkc1wvMjAyNVwvMTBcLzEyX0NELTQ0Nl9NYXN1eWFtYV9Mb29raW5nLWRvd24tdGhlLUdyYW5kLUNhbmFsLXRvLVBhbGF6em8tQ29ybmVyXzIwMTAtMS1zY2FsZWQuanBnIiwic2xpZGVzaG93IjoiMDk3ZmZlZCJ9\">\n\t\t\t\t\t<div class=\"e-gallery-image elementor-gallery-item__image\" data-thumbnail=\"https:\/\/www.studiolacitta.it\/wp-content\/uploads\/2025\/10\/12_CD-446_Masuyama_Looking-down-the-Grand-Canal-to-Palazzo-Corner_2010-1-768x529.jpg\" data-width=\"768\" data-height=\"529\" aria-label=\"Hiroyuki Masuyama - Looking down the Grand Canal to Palazzo Corner della Ca&#039; Grande and Santa Maria della Salute, 1840 - 2010 - Studio la Citt\u00e0 - Verona - Contemporary Art\" role=\"img\" ><\/div>\n\t\t\t\t\t\t\t\t\t\t\t<div class=\"elementor-gallery-item__overlay\"><\/div>\n\t\t\t\t\t\t\t\t\t\t\t\t\t\t<\/a>\n\t\t\t\t\t\t\t<a class=\"e-gallery-item elementor-gallery-item elementor-animated-content\" data-e-gallery-tags=\"0\" href=\"https:\/\/www.studiolacitta.it\/wp-content\/uploads\/2025\/10\/Arends_Respiro-Nascosto-delle-Cose_2025_1_PEL_4443-1-scaled.jpg\" data-elementor-open-lightbox=\"yes\" data-elementor-lightbox-slideshow=\"097ffed\" data-elementor-lightbox-title=\"Stuart Arends, Kid Blocks #75 (Croce X), 4,5x4,5x4,5cm, 2014\" data-elementor-lightbox-description=\"Olio e cera su legno di recupero | Oil and wax on salvaged wood - CD 237\" data-e-action-hash=\"#elementor-action%3Aaction%3Dlightbox%26settings%3DeyJpZCI6MTM1NTYsInVybCI6Imh0dHBzOlwvXC93d3cuc3R1ZGlvbGFjaXR0YS5pdFwvd3AtY29udGVudFwvdXBsb2Fkc1wvMjAyNVwvMTBcL0FyZW5kc19SZXNwaXJvLU5hc2Nvc3RvLWRlbGxlLUNvc2VfMjAyNV8xX1BFTF80NDQzLTEtc2NhbGVkLmpwZyIsInNsaWRlc2hvdyI6IjA5N2ZmZWQifQ%3D%3D\">\n\t\t\t\t\t<div class=\"e-gallery-image elementor-gallery-item__image\" data-thumbnail=\"https:\/\/www.studiolacitta.it\/wp-content\/uploads\/2025\/10\/Arends_Respiro-Nascosto-delle-Cose_2025_1_PEL_4443-1-768x1152.jpg\" data-width=\"768\" data-height=\"1152\" aria-label=\"Stuart Arends - Kid Blocks #75 (Croce X) - 2014 - Studiamo la Citt\u00e0 - Verona - Contemporary Art\" role=\"img\" ><\/div>\n\t\t\t\t\t\t\t\t\t\t\t<div class=\"elementor-gallery-item__overlay\"><\/div>\n\t\t\t\t\t\t\t\t\t\t\t\t\t\t<\/a>\n\t\t\t\t\t\t\t<a class=\"e-gallery-item elementor-gallery-item elementor-animated-content\" data-e-gallery-tags=\"0\" href=\"https:\/\/www.studiolacitta.it\/wp-content\/uploads\/2025\/10\/Carboni_Il-Respiro-Nascosto-delle-Cose_2025_1_PEL_4492-1-scaled.jpg\" data-elementor-open-lightbox=\"yes\" data-elementor-lightbox-slideshow=\"097ffed\" data-elementor-lightbox-title=\"Luigi Carboni, Lezione Bianca, 190x42cm, 2002\" data-elementor-lightbox-description=\"Acrilico su tela | Acrylic on canvas - CD 172\" data-e-action-hash=\"#elementor-action%3Aaction%3Dlightbox%26settings%3DeyJpZCI6MTM1NTcsInVybCI6Imh0dHBzOlwvXC93d3cuc3R1ZGlvbGFjaXR0YS5pdFwvd3AtY29udGVudFwvdXBsb2Fkc1wvMjAyNVwvMTBcL0NhcmJvbmlfSWwtUmVzcGlyby1OYXNjb3N0by1kZWxsZS1Db3NlXzIwMjVfMV9QRUxfNDQ5Mi0xLXNjYWxlZC5qcGciLCJzbGlkZXNob3ciOiIwOTdmZmVkIn0%3D\">\n\t\t\t\t\t<div class=\"e-gallery-image elementor-gallery-item__image\" data-thumbnail=\"https:\/\/www.studiolacitta.it\/wp-content\/uploads\/2025\/10\/Carboni_Il-Respiro-Nascosto-delle-Cose_2025_1_PEL_4492-1-768x1152.jpg\" data-width=\"768\" data-height=\"1152\" aria-label=\"Luigi Carboni - Lezione Bianca - 2002 - Studio la Citt\u00e0 - Verona - Contemporary Art\" role=\"img\" ><\/div>\n\t\t\t\t\t\t\t\t\t\t\t<div class=\"elementor-gallery-item__overlay\"><\/div>\n\t\t\t\t\t\t\t\t\t\t\t\t\t\t<\/a>\n\t\t\t\t\t\t\t<a class=\"e-gallery-item elementor-gallery-item elementor-animated-content\" data-e-gallery-tags=\"0\" href=\"https:\/\/www.studiolacitta.it\/wp-content\/uploads\/2025\/10\/Castella_Il-Respiro-Nascosto-delle-Cose_2025_1_PEL_4522-1-scaled.jpg\" data-elementor-open-lightbox=\"yes\" data-elementor-lightbox-slideshow=\"097ffed\" data-elementor-lightbox-title=\"Vincenzo Castella, Trittico - Andrea Mantegna, Martirio e Trasporto di S. Cristoforo, 1448\/1457, Cappella Ovetari, Chiesa degli Eremitani, 2020\/2021\" data-elementor-lightbox-description=\"Stampa a colori su carta kozo 70g | Color print on 70g kozo paper - CD 233\/234\/235\" data-e-action-hash=\"#elementor-action%3Aaction%3Dlightbox%26settings%3DeyJpZCI6MTM1NTgsInVybCI6Imh0dHBzOlwvXC93d3cuc3R1ZGlvbGFjaXR0YS5pdFwvd3AtY29udGVudFwvdXBsb2Fkc1wvMjAyNVwvMTBcL0Nhc3RlbGxhX0lsLVJlc3Bpcm8tTmFzY29zdG8tZGVsbGUtQ29zZV8yMDI1XzFfUEVMXzQ1MjItMS1zY2FsZWQuanBnIiwic2xpZGVzaG93IjoiMDk3ZmZlZCJ9\">\n\t\t\t\t\t<div class=\"e-gallery-image elementor-gallery-item__image\" data-thumbnail=\"https:\/\/www.studiolacitta.it\/wp-content\/uploads\/2025\/10\/Castella_Il-Respiro-Nascosto-delle-Cose_2025_1_PEL_4522-1-768x1152.jpg\" data-width=\"768\" data-height=\"1152\" aria-label=\"Vincenzo Castella - Trittico - Andrea Mantegna, Martirio e Trasporto di S. Cristoforo, 1448\/1457, Cappella Ovetari, Chiesa degli Eremitani - 2020\/2021 - Studio la Citt\u00e0 - Verona - Contemporary Art\" role=\"img\" ><\/div>\n\t\t\t\t\t\t\t\t\t\t\t<div class=\"elementor-gallery-item__overlay\"><\/div>\n\t\t\t\t\t\t\t\t\t\t\t\t\t\t<\/a>\n\t\t\t\t\t\t\t<a class=\"e-gallery-item elementor-gallery-item elementor-animated-content\" data-e-gallery-tags=\"0\" href=\"https:\/\/www.studiolacitta.it\/wp-content\/uploads\/2025\/10\/Hamak_Il-Respiro-Nascosto-delle-Cose_2025_1_PEL_4382-scaled.jpg\" data-elementor-open-lightbox=\"yes\" data-elementor-lightbox-slideshow=\"097ffed\" data-elementor-lightbox-title=\"Herbert Hamak, O.T., 40x40x8cm, 2021\" data-elementor-lightbox-description=\"Resina e pigmenti su tela | Resin and pigments on canvas - CD 886\" data-e-action-hash=\"#elementor-action%3Aaction%3Dlightbox%26settings%3DeyJpZCI6MTM1NTksInVybCI6Imh0dHBzOlwvXC93d3cuc3R1ZGlvbGFjaXR0YS5pdFwvd3AtY29udGVudFwvdXBsb2Fkc1wvMjAyNVwvMTBcL0hhbWFrX0lsLVJlc3Bpcm8tTmFzY29zdG8tZGVsbGUtQ29zZV8yMDI1XzFfUEVMXzQzODItc2NhbGVkLmpwZyIsInNsaWRlc2hvdyI6IjA5N2ZmZWQifQ%3D%3D\">\n\t\t\t\t\t<div class=\"e-gallery-image elementor-gallery-item__image\" data-thumbnail=\"https:\/\/www.studiolacitta.it\/wp-content\/uploads\/2025\/10\/Hamak_Il-Respiro-Nascosto-delle-Cose_2025_1_PEL_4382-768x1152.jpg\" data-width=\"768\" data-height=\"1152\" aria-label=\"Herbert Hamak - O.T. - 2021 - Studio la Citt\u00e0 - Verona - Contemporary Art\" role=\"img\" ><\/div>\n\t\t\t\t\t\t\t\t\t\t\t<div class=\"elementor-gallery-item__overlay\"><\/div>\n\t\t\t\t\t\t\t\t\t\t\t\t\t\t<\/a>\n\t\t\t\t\t\t\t<a class=\"e-gallery-item elementor-gallery-item elementor-animated-content\" data-e-gallery-tags=\"0\" href=\"https:\/\/www.studiolacitta.it\/wp-content\/uploads\/2025\/10\/Hamak_Il-Respiro-Nascosto-delle-Cose_2025_2_PEL_4526-scaled.jpg\" data-elementor-open-lightbox=\"yes\" data-elementor-lightbox-slideshow=\"097ffed\" data-elementor-lightbox-title=\"Il Respiro Nascosto delle Cose\" data-elementor-lightbox-description=\"2025 - Palazzo Oldofredi Tadini Botti, Torre Pallavicina\" data-e-action-hash=\"#elementor-action%3Aaction%3Dlightbox%26settings%3DeyJpZCI6MTM1NjAsInVybCI6Imh0dHBzOlwvXC93d3cuc3R1ZGlvbGFjaXR0YS5pdFwvd3AtY29udGVudFwvdXBsb2Fkc1wvMjAyNVwvMTBcL0hhbWFrX0lsLVJlc3Bpcm8tTmFzY29zdG8tZGVsbGUtQ29zZV8yMDI1XzJfUEVMXzQ1MjYtc2NhbGVkLmpwZyIsInNsaWRlc2hvdyI6IjA5N2ZmZWQifQ%3D%3D\">\n\t\t\t\t\t<div class=\"e-gallery-image elementor-gallery-item__image\" data-thumbnail=\"https:\/\/www.studiolacitta.it\/wp-content\/uploads\/2025\/10\/Hamak_Il-Respiro-Nascosto-delle-Cose_2025_2_PEL_4526-768x1152.jpg\" data-width=\"768\" data-height=\"1152\" aria-label=\"Il Respiro Nascosto delle Cose - 2025 - Studio la Citt\u00e0 - Verona - Contemporary Art\" role=\"img\" ><\/div>\n\t\t\t\t\t\t\t\t\t\t\t<div class=\"elementor-gallery-item__overlay\"><\/div>\n\t\t\t\t\t\t\t\t\t\t\t\t\t\t<\/a>\n\t\t\t\t\t\t\t<a class=\"e-gallery-item elementor-gallery-item elementor-animated-content\" data-e-gallery-tags=\"0\" href=\"https:\/\/www.studiolacitta.it\/wp-content\/uploads\/2025\/10\/Hamak_InstallazioneFacciata-Chiesetta_2025-1.jpg\" data-elementor-open-lightbox=\"yes\" data-elementor-lightbox-slideshow=\"097ffed\" data-elementor-lightbox-title=\"Herbert Hamak, Installazione, 2025\" data-elementor-lightbox-description=\"Resina e pigmenti | Resin and pigments\" data-e-action-hash=\"#elementor-action%3Aaction%3Dlightbox%26settings%3DeyJpZCI6MTM1NjEsInVybCI6Imh0dHBzOlwvXC93d3cuc3R1ZGlvbGFjaXR0YS5pdFwvd3AtY29udGVudFwvdXBsb2Fkc1wvMjAyNVwvMTBcL0hhbWFrX0luc3RhbGxhemlvbmVGYWNjaWF0YS1DaGllc2V0dGFfMjAyNS0xLmpwZyIsInNsaWRlc2hvdyI6IjA5N2ZmZWQifQ%3D%3D\">\n\t\t\t\t\t<div class=\"e-gallery-image elementor-gallery-item__image\" data-thumbnail=\"https:\/\/www.studiolacitta.it\/wp-content\/uploads\/2025\/10\/Hamak_InstallazioneFacciata-Chiesetta_2025-1-768x512.jpg\" data-width=\"768\" data-height=\"512\" aria-label=\"Herbert Hamak - 2025 - Studio la Citt\u00e0 - Verona - Contemporary Art\" role=\"img\" ><\/div>\n\t\t\t\t\t\t\t\t\t\t\t<div class=\"elementor-gallery-item__overlay\"><\/div>\n\t\t\t\t\t\t\t\t\t\t\t\t\t\t<\/a>\n\t\t\t\t\t\t\t<a class=\"e-gallery-item elementor-gallery-item elementor-animated-content\" data-e-gallery-tags=\"0\" href=\"https:\/\/www.studiolacitta.it\/wp-content\/uploads\/2025\/10\/Mangold_Respiro-Nascosto-delle-Cose_2025_1_PEL_4394-1-scaled.jpg\" data-elementor-open-lightbox=\"yes\" data-elementor-lightbox-slideshow=\"097ffed\" data-elementor-lightbox-title=\"Julia Mangold, O.T. 28.10,00, 47x140x13cm, 2006\" data-elementor-lightbox-description=\"Acciaio cerato, 6 pezzi | Waxed steel, 6 pieces - CD 189\" data-e-action-hash=\"#elementor-action%3Aaction%3Dlightbox%26settings%3DeyJpZCI6MTM1NjIsInVybCI6Imh0dHBzOlwvXC93d3cuc3R1ZGlvbGFjaXR0YS5pdFwvd3AtY29udGVudFwvdXBsb2Fkc1wvMjAyNVwvMTBcL01hbmdvbGRfUmVzcGlyby1OYXNjb3N0by1kZWxsZS1Db3NlXzIwMjVfMV9QRUxfNDM5NC0xLXNjYWxlZC5qcGciLCJzbGlkZXNob3ciOiIwOTdmZmVkIn0%3D\">\n\t\t\t\t\t<div class=\"e-gallery-image elementor-gallery-item__image\" data-thumbnail=\"https:\/\/www.studiolacitta.it\/wp-content\/uploads\/2025\/10\/Mangold_Respiro-Nascosto-delle-Cose_2025_1_PEL_4394-1-768x1152.jpg\" data-width=\"768\" data-height=\"1152\" aria-label=\"Julia Mangold - O.T. 28.10,00 - 2006 - Studio la Citt\u00e0 - Verona - Contemporary Art\" role=\"img\" ><\/div>\n\t\t\t\t\t\t\t\t\t\t\t<div class=\"elementor-gallery-item__overlay\"><\/div>\n\t\t\t\t\t\t\t\t\t\t\t\t\t\t<\/a>\n\t\t\t\t\t\t\t<a class=\"e-gallery-item elementor-gallery-item elementor-animated-content\" data-e-gallery-tags=\"0\" href=\"https:\/\/www.studiolacitta.it\/wp-content\/uploads\/2025\/10\/Mangold_Respiro-Nascosto-delle-Cose_2025_2_PEL_4439-1-scaled.jpg\" data-elementor-open-lightbox=\"yes\" data-elementor-lightbox-slideshow=\"097ffed\" data-elementor-lightbox-title=\"Julia Mangold, O.T. 25.3.02, 44x32,5x10,5cm, 2002\" data-elementor-lightbox-description=\"Acciaio cerato, 2 pezzi | Waxed steel, 2 pieces - CD 155\" data-e-action-hash=\"#elementor-action%3Aaction%3Dlightbox%26settings%3DeyJpZCI6MTM1NjMsInVybCI6Imh0dHBzOlwvXC93d3cuc3R1ZGlvbGFjaXR0YS5pdFwvd3AtY29udGVudFwvdXBsb2Fkc1wvMjAyNVwvMTBcL01hbmdvbGRfUmVzcGlyby1OYXNjb3N0by1kZWxsZS1Db3NlXzIwMjVfMl9QRUxfNDQzOS0xLXNjYWxlZC5qcGciLCJzbGlkZXNob3ciOiIwOTdmZmVkIn0%3D\">\n\t\t\t\t\t<div class=\"e-gallery-image elementor-gallery-item__image\" data-thumbnail=\"https:\/\/www.studiolacitta.it\/wp-content\/uploads\/2025\/10\/Mangold_Respiro-Nascosto-delle-Cose_2025_2_PEL_4439-1-768x1152.jpg\" data-width=\"768\" data-height=\"1152\" aria-label=\"Julia Mangold - O.T. 25.3.02 - 2002 - Studio la Citt\u00e0 - Verona - Contemporary Art\" role=\"img\" ><\/div>\n\t\t\t\t\t\t\t\t\t\t\t<div class=\"elementor-gallery-item__overlay\"><\/div>\n\t\t\t\t\t\t\t\t\t\t\t\t\t\t<\/a>\n\t\t\t\t\t\t\t<a class=\"e-gallery-item elementor-gallery-item elementor-animated-content\" data-e-gallery-tags=\"0\" href=\"https:\/\/www.studiolacitta.it\/wp-content\/uploads\/2025\/10\/PEL_4361-scaled.jpg\" data-elementor-open-lightbox=\"yes\" data-elementor-lightbox-slideshow=\"097ffed\" data-elementor-lightbox-title=\"Jacob Hashimoto, Ivy, 2020\/2021\" data-elementor-lightbox-description=\"Acrilico e pigmenti | Acrylic and pigments - CD 216\" data-e-action-hash=\"#elementor-action%3Aaction%3Dlightbox%26settings%3DeyJpZCI6MTM1NjQsInVybCI6Imh0dHBzOlwvXC93d3cuc3R1ZGlvbGFjaXR0YS5pdFwvd3AtY29udGVudFwvdXBsb2Fkc1wvMjAyNVwvMTBcL1BFTF80MzYxLXNjYWxlZC5qcGciLCJzbGlkZXNob3ciOiIwOTdmZmVkIn0%3D\">\n\t\t\t\t\t<div class=\"e-gallery-image elementor-gallery-item__image\" data-thumbnail=\"https:\/\/www.studiolacitta.it\/wp-content\/uploads\/2025\/10\/PEL_4361-768x512.jpg\" data-width=\"768\" data-height=\"512\" aria-label=\"Jacob Hashimoto - Ivy - 2020\/2021 - Studio la Citt\u00e0 - Verona - Contemporary Art\" role=\"img\" ><\/div>\n\t\t\t\t\t\t\t\t\t\t\t<div class=\"elementor-gallery-item__overlay\"><\/div>\n\t\t\t\t\t\t\t\t\t\t\t\t\t\t<\/a>\n\t\t\t\t\t\t\t<a class=\"e-gallery-item elementor-gallery-item elementor-animated-content\" data-e-gallery-tags=\"0\" href=\"https:\/\/www.studiolacitta.it\/wp-content\/uploads\/2025\/10\/PEL_4371-scaled.jpg\" data-elementor-open-lightbox=\"yes\" data-elementor-lightbox-slideshow=\"097ffed\" data-elementor-lightbox-title=\"Herbert Hamak, O.T H1388N, 156x23,8x7,8cm, 2015\" data-elementor-lightbox-description=\"Resina e pigmenti su tela | Resin and pigments on canvas - CD 769 \" data-e-action-hash=\"#elementor-action%3Aaction%3Dlightbox%26settings%3DeyJpZCI6MTM1NjUsInVybCI6Imh0dHBzOlwvXC93d3cuc3R1ZGlvbGFjaXR0YS5pdFwvd3AtY29udGVudFwvdXBsb2Fkc1wvMjAyNVwvMTBcL1BFTF80MzcxLXNjYWxlZC5qcGciLCJzbGlkZXNob3ciOiIwOTdmZmVkIn0%3D\">\n\t\t\t\t\t<div class=\"e-gallery-image elementor-gallery-item__image\" data-thumbnail=\"https:\/\/www.studiolacitta.it\/wp-content\/uploads\/2025\/10\/PEL_4371-768x1152.jpg\" data-width=\"768\" data-height=\"1152\" aria-label=\"Herbert Hamak - O.T H1388N - 2015 - Studio la Citt\u00e0 - Verona - Contemporary Art\" role=\"img\" ><\/div>\n\t\t\t\t\t\t\t\t\t\t\t<div class=\"elementor-gallery-item__overlay\"><\/div>\n\t\t\t\t\t\t\t\t\t\t\t\t\t\t<\/a>\n\t\t\t\t\t\t\t<a class=\"e-gallery-item elementor-gallery-item elementor-animated-content\" data-e-gallery-tags=\"0\" href=\"https:\/\/www.studiolacitta.it\/wp-content\/uploads\/2025\/10\/PEL_4388-scaled.jpg\" data-elementor-open-lightbox=\"yes\" data-elementor-lightbox-slideshow=\"097ffed\" data-elementor-lightbox-title=\"Il Respiro Nascosto delle Cose\" data-elementor-lightbox-description=\"2025 - Palazzo Oldofredi Tadini Botti, Torre Pallavicina\" data-e-action-hash=\"#elementor-action%3Aaction%3Dlightbox%26settings%3DeyJpZCI6MTM1NjYsInVybCI6Imh0dHBzOlwvXC93d3cuc3R1ZGlvbGFjaXR0YS5pdFwvd3AtY29udGVudFwvdXBsb2Fkc1wvMjAyNVwvMTBcL1BFTF80Mzg4LXNjYWxlZC5qcGciLCJzbGlkZXNob3ciOiIwOTdmZmVkIn0%3D\">\n\t\t\t\t\t<div class=\"e-gallery-image elementor-gallery-item__image\" data-thumbnail=\"https:\/\/www.studiolacitta.it\/wp-content\/uploads\/2025\/10\/PEL_4388-768x1152.jpg\" data-width=\"768\" data-height=\"1152\" aria-label=\"Il Respiro Nascosto delle Cose - 2025 - Studio la Citt\u00e0 - Verona - Contemporary Art\" role=\"img\" ><\/div>\n\t\t\t\t\t\t\t\t\t\t\t<div class=\"elementor-gallery-item__overlay\"><\/div>\n\t\t\t\t\t\t\t\t\t\t\t\t\t\t<\/a>\n\t\t\t\t\t\t\t<a class=\"e-gallery-item elementor-gallery-item elementor-animated-content\" data-e-gallery-tags=\"0\" href=\"https:\/\/www.studiolacitta.it\/wp-content\/uploads\/2025\/10\/PEL_4415-scaled.jpg\" data-elementor-open-lightbox=\"yes\" data-elementor-lightbox-slideshow=\"097ffed\" data-elementor-lightbox-title=\"Julia Mangold, O.T. 4,8,02, 200x60x26cm, 2002\" data-elementor-lightbox-description=\"Acciaio cerato, 2 pezzi | Waxed steel, 2 pieces - CD 160\" data-e-action-hash=\"#elementor-action%3Aaction%3Dlightbox%26settings%3DeyJpZCI6MTM1NjcsInVybCI6Imh0dHBzOlwvXC93d3cuc3R1ZGlvbGFjaXR0YS5pdFwvd3AtY29udGVudFwvdXBsb2Fkc1wvMjAyNVwvMTBcL1BFTF80NDE1LXNjYWxlZC5qcGciLCJzbGlkZXNob3ciOiIwOTdmZmVkIn0%3D\">\n\t\t\t\t\t<div class=\"e-gallery-image elementor-gallery-item__image\" data-thumbnail=\"https:\/\/www.studiolacitta.it\/wp-content\/uploads\/2025\/10\/PEL_4415-768x1152.jpg\" data-width=\"768\" data-height=\"1152\" aria-label=\"Julia Mangold - O.T. 4,8,02 - 2002 - Studio la Citt\u00e0 - Verona - Contemporary Art\" role=\"img\" ><\/div>\n\t\t\t\t\t\t\t\t\t\t\t<div class=\"elementor-gallery-item__overlay\"><\/div>\n\t\t\t\t\t\t\t\t\t\t\t\t\t\t<\/a>\n\t\t\t\t\t\t\t<a class=\"e-gallery-item elementor-gallery-item elementor-animated-content\" data-e-gallery-tags=\"0\" href=\"https:\/\/www.studiolacitta.it\/wp-content\/uploads\/2025\/10\/PEL_4426-scaled.jpg\" data-elementor-open-lightbox=\"yes\" data-elementor-lightbox-slideshow=\"097ffed\" data-elementor-lightbox-title=\"Stuart Arends, Wedge 48, 13x30x4cm, 2006\" data-elementor-lightbox-description=\"Acciaio e colore a olio | Steel and oil paint - CD 146\" data-e-action-hash=\"#elementor-action%3Aaction%3Dlightbox%26settings%3DeyJpZCI6MTM1NjgsInVybCI6Imh0dHBzOlwvXC93d3cuc3R1ZGlvbGFjaXR0YS5pdFwvd3AtY29udGVudFwvdXBsb2Fkc1wvMjAyNVwvMTBcL1BFTF80NDI2LXNjYWxlZC5qcGciLCJzbGlkZXNob3ciOiIwOTdmZmVkIn0%3D\">\n\t\t\t\t\t<div class=\"e-gallery-image elementor-gallery-item__image\" data-thumbnail=\"https:\/\/www.studiolacitta.it\/wp-content\/uploads\/2025\/10\/PEL_4426-768x1152.jpg\" data-width=\"768\" data-height=\"1152\" aria-label=\"Stuart Arends - Wedge 38 - 2006 - Studio la Citt\u00e0 - Verona - Contemporary Art\" role=\"img\" ><\/div>\n\t\t\t\t\t\t\t\t\t\t\t<div class=\"elementor-gallery-item__overlay\"><\/div>\n\t\t\t\t\t\t\t\t\t\t\t\t\t\t<\/a>\n\t\t\t\t\t\t\t<a class=\"e-gallery-item elementor-gallery-item elementor-animated-content\" data-e-gallery-tags=\"0\" href=\"https:\/\/www.studiolacitta.it\/wp-content\/uploads\/2025\/10\/PEL_4431-scaled.jpg\" data-elementor-open-lightbox=\"yes\" data-elementor-lightbox-slideshow=\"097ffed\" data-elementor-lightbox-title=\"Stuart Arends, Wedge 14, 10,5x30,5x4,5cm, 2006\" data-elementor-lightbox-description=\"Acciaio e colore a olio | Steel and oil paint - CD 142\" data-e-action-hash=\"#elementor-action%3Aaction%3Dlightbox%26settings%3DeyJpZCI6MTM1NjksInVybCI6Imh0dHBzOlwvXC93d3cuc3R1ZGlvbGFjaXR0YS5pdFwvd3AtY29udGVudFwvdXBsb2Fkc1wvMjAyNVwvMTBcL1BFTF80NDMxLXNjYWxlZC5qcGciLCJzbGlkZXNob3ciOiIwOTdmZmVkIn0%3D\">\n\t\t\t\t\t<div class=\"e-gallery-image elementor-gallery-item__image\" data-thumbnail=\"https:\/\/www.studiolacitta.it\/wp-content\/uploads\/2025\/10\/PEL_4431-768x1152.jpg\" data-width=\"768\" data-height=\"1152\" aria-label=\"Stuart Arends - Wedge 14 - 2006 - Studio la Citt\u00e0 - Verona - Contemporary Art\" role=\"img\" ><\/div>\n\t\t\t\t\t\t\t\t\t\t\t<div class=\"elementor-gallery-item__overlay\"><\/div>\n\t\t\t\t\t\t\t\t\t\t\t\t\t\t<\/a>\n\t\t\t\t\t\t\t<a class=\"e-gallery-item elementor-gallery-item elementor-animated-content\" data-e-gallery-tags=\"0\" href=\"https:\/\/www.studiolacitta.it\/wp-content\/uploads\/2025\/10\/PEL_4446-scaled.jpg\" data-elementor-open-lightbox=\"yes\" data-elementor-lightbox-slideshow=\"097ffed\" data-elementor-lightbox-title=\"Stuart Arends, H\u00e9l\u00e8ne, 15,5x30,5x4,5cm, 2022\" data-elementor-lightbox-description=\"Olio, matita e inchiostro su legno | Oil, pencil and ink on wood - CD 244\" data-e-action-hash=\"#elementor-action%3Aaction%3Dlightbox%26settings%3DeyJpZCI6MTM1NzAsInVybCI6Imh0dHBzOlwvXC93d3cuc3R1ZGlvbGFjaXR0YS5pdFwvd3AtY29udGVudFwvdXBsb2Fkc1wvMjAyNVwvMTBcL1BFTF80NDQ2LXNjYWxlZC5qcGciLCJzbGlkZXNob3ciOiIwOTdmZmVkIn0%3D\">\n\t\t\t\t\t<div class=\"e-gallery-image elementor-gallery-item__image\" data-thumbnail=\"https:\/\/www.studiolacitta.it\/wp-content\/uploads\/2025\/10\/PEL_4446-768x1152.jpg\" data-width=\"768\" data-height=\"1152\" aria-label=\"Stuart Arends - H\u00e9l\u00e8ne - 2022 - Studio la Citt\u00e0 - Verona - Contemporary Art\" role=\"img\" ><\/div>\n\t\t\t\t\t\t\t\t\t\t\t<div class=\"elementor-gallery-item__overlay\"><\/div>\n\t\t\t\t\t\t\t\t\t\t\t\t\t\t<\/a>\n\t\t\t\t\t\t\t<a class=\"e-gallery-item elementor-gallery-item elementor-animated-content\" data-e-gallery-tags=\"0\" href=\"https:\/\/www.studiolacitta.it\/wp-content\/uploads\/2025\/10\/PEL_4494-scaled.jpg\" data-elementor-open-lightbox=\"yes\" data-elementor-lightbox-slideshow=\"097ffed\" data-elementor-lightbox-title=\"Luigi Carboni, Lezione Bianca, 190x42cm, 2002\" data-elementor-lightbox-description=\"Acrilico su tela | Acrylic on canvas - CD 172\" data-e-action-hash=\"#elementor-action%3Aaction%3Dlightbox%26settings%3DeyJpZCI6MTM1NzEsInVybCI6Imh0dHBzOlwvXC93d3cuc3R1ZGlvbGFjaXR0YS5pdFwvd3AtY29udGVudFwvdXBsb2Fkc1wvMjAyNVwvMTBcL1BFTF80NDk0LXNjYWxlZC5qcGciLCJzbGlkZXNob3ciOiIwOTdmZmVkIn0%3D\">\n\t\t\t\t\t<div class=\"e-gallery-image elementor-gallery-item__image\" data-thumbnail=\"https:\/\/www.studiolacitta.it\/wp-content\/uploads\/2025\/10\/PEL_4494-768x1152.jpg\" data-width=\"768\" data-height=\"1152\" aria-label=\"Luigi Carboni - Lezione Bianca - 2002 - Studio la Citt\u00e0 - Verona - Contemporary Art\" role=\"img\" ><\/div>\n\t\t\t\t\t\t\t\t\t\t\t<div class=\"elementor-gallery-item__overlay\"><\/div>\n\t\t\t\t\t\t\t\t\t\t\t\t\t\t<\/a>\n\t\t\t\t\t\t\t<a class=\"e-gallery-item elementor-gallery-item elementor-animated-content\" data-e-gallery-tags=\"0\" href=\"https:\/\/www.studiolacitta.it\/wp-content\/uploads\/2025\/10\/PEL_4504-scaled.jpg\" data-elementor-open-lightbox=\"yes\" data-elementor-lightbox-slideshow=\"097ffed\" data-elementor-lightbox-title=\"Il Respiro Nascosto delle Cose\" data-elementor-lightbox-description=\"2025 - Palazzo Oldofredi Tadini Botti, Torre Pallavicina\" data-e-action-hash=\"#elementor-action%3Aaction%3Dlightbox%26settings%3DeyJpZCI6MTM1NzIsInVybCI6Imh0dHBzOlwvXC93d3cuc3R1ZGlvbGFjaXR0YS5pdFwvd3AtY29udGVudFwvdXBsb2Fkc1wvMjAyNVwvMTBcL1BFTF80NTA0LXNjYWxlZC5qcGciLCJzbGlkZXNob3ciOiIwOTdmZmVkIn0%3D\">\n\t\t\t\t\t<div class=\"e-gallery-image elementor-gallery-item__image\" data-thumbnail=\"https:\/\/www.studiolacitta.it\/wp-content\/uploads\/2025\/10\/PEL_4504-768x1152.jpg\" data-width=\"768\" data-height=\"1152\" aria-label=\"Il Respiro Nascosto delle Cose - 2025 - Studio la Citt\u00e0 - Verona - Contemporary Art\" role=\"img\" ><\/div>\n\t\t\t\t\t\t\t\t\t\t\t<div class=\"elementor-gallery-item__overlay\"><\/div>\n\t\t\t\t\t\t\t\t\t\t\t\t\t\t<\/a>\n\t\t\t\t\t\t\t<a class=\"e-gallery-item elementor-gallery-item elementor-animated-content\" data-e-gallery-tags=\"0\" href=\"https:\/\/www.studiolacitta.it\/wp-content\/uploads\/2025\/10\/PEL_4506-scaled.jpg\" data-elementor-open-lightbox=\"yes\" data-elementor-lightbox-slideshow=\"097ffed\" data-elementor-lightbox-title=\"Il Respiro Nascosto delle Cose\" data-elementor-lightbox-description=\"2025 - Palazzo Oldofredi Tadini Botti, Torre Pallavicina\" data-e-action-hash=\"#elementor-action%3Aaction%3Dlightbox%26settings%3DeyJpZCI6MTM1NzMsInVybCI6Imh0dHBzOlwvXC93d3cuc3R1ZGlvbGFjaXR0YS5pdFwvd3AtY29udGVudFwvdXBsb2Fkc1wvMjAyNVwvMTBcL1BFTF80NTA2LXNjYWxlZC5qcGciLCJzbGlkZXNob3ciOiIwOTdmZmVkIn0%3D\">\n\t\t\t\t\t<div class=\"e-gallery-image elementor-gallery-item__image\" data-thumbnail=\"https:\/\/www.studiolacitta.it\/wp-content\/uploads\/2025\/10\/PEL_4506-768x1152.jpg\" data-width=\"768\" data-height=\"1152\" aria-label=\"Il Respiro Nascosto delle Cose - 2025 - Studio la Citt\u00e0 - Verona - Contemporary Art\" role=\"img\" ><\/div>\n\t\t\t\t\t\t\t\t\t\t\t<div class=\"elementor-gallery-item__overlay\"><\/div>\n\t\t\t\t\t\t\t\t\t\t\t\t\t\t<\/a>\n\t\t\t\t\t\t\t<a class=\"e-gallery-item elementor-gallery-item elementor-animated-content\" data-e-gallery-tags=\"0\" href=\"https:\/\/www.studiolacitta.it\/wp-content\/uploads\/2025\/10\/PEL_4510-scaled.jpg\" data-elementor-open-lightbox=\"yes\" data-elementor-lightbox-slideshow=\"097ffed\" data-elementor-lightbox-title=\"Vincenzo Castella, Orto botanico, Palma di Goethe Coltivata nell&#039;Orto Antico, 50x150cm, 2020\/2021\" data-elementor-lightbox-description=\"Stampa a colori su carta kozo 42g | Color printing on 42g Kozo paper - CD 218\" data-e-action-hash=\"#elementor-action%3Aaction%3Dlightbox%26settings%3DeyJpZCI6MTM1NzQsInVybCI6Imh0dHBzOlwvXC93d3cuc3R1ZGlvbGFjaXR0YS5pdFwvd3AtY29udGVudFwvdXBsb2Fkc1wvMjAyNVwvMTBcL1BFTF80NTEwLXNjYWxlZC5qcGciLCJzbGlkZXNob3ciOiIwOTdmZmVkIn0%3D\">\n\t\t\t\t\t<div class=\"e-gallery-image elementor-gallery-item__image\" data-thumbnail=\"https:\/\/www.studiolacitta.it\/wp-content\/uploads\/2025\/10\/PEL_4510-768x1152.jpg\" data-width=\"768\" data-height=\"1152\" aria-label=\"Vincenzo Castella - Orto botanico, Palma di Goethe Coltivata nell&#039;Orto Antico - 2020\/2021 - Studiamo la Citt\u00e0 - Verona - Contemporary Art\" role=\"img\" ><\/div>\n\t\t\t\t\t\t\t\t\t\t\t<div class=\"elementor-gallery-item__overlay\"><\/div>\n\t\t\t\t\t\t\t\t\t\t\t\t\t\t<\/a>\n\t\t\t\t\t\t\t<a class=\"e-gallery-item elementor-gallery-item elementor-animated-content\" data-e-gallery-tags=\"0\" href=\"https:\/\/www.studiolacitta.it\/wp-content\/uploads\/2025\/10\/PEL_4548-scaled.jpg\" data-elementor-open-lightbox=\"yes\" data-elementor-lightbox-slideshow=\"097ffed\" data-elementor-lightbox-title=\"Gabriele Basilico, Napoli 2004 \/ 04A10-2, 99x126cm, 2007 + Emil Lukas, #2280 From Lower Right, 76,2x121,92x5,08cm, 2024\" data-elementor-lightbox-description=\"Stampa a pigmenti puri | Pure pigmented print - CD 014 + Acrilico su tela su legno | Acrylic on canvas on wood - CD 273\" data-e-action-hash=\"#elementor-action%3Aaction%3Dlightbox%26settings%3DeyJpZCI6MTM1NzUsInVybCI6Imh0dHBzOlwvXC93d3cuc3R1ZGlvbGFjaXR0YS5pdFwvd3AtY29udGVudFwvdXBsb2Fkc1wvMjAyNVwvMTBcL1BFTF80NTQ4LXNjYWxlZC5qcGciLCJzbGlkZXNob3ciOiIwOTdmZmVkIn0%3D\">\n\t\t\t\t\t<div class=\"e-gallery-image elementor-gallery-item__image\" data-thumbnail=\"https:\/\/www.studiolacitta.it\/wp-content\/uploads\/2025\/10\/PEL_4548-768x512.jpg\" data-width=\"768\" data-height=\"512\" aria-label=\"Gabriele Basilico - Napoli 2004 \/ 04A10-2 - 2007 - Studiamo la Citt\u00e0 - Verona - Contemporary Art + Emil Lukas - #2280 From Lower Right - 2024 - Studio la Citt\u00e0 - Verona - Contemporary Art\" role=\"img\" ><\/div>\n\t\t\t\t\t\t\t\t\t\t\t<div class=\"elementor-gallery-item__overlay\"><\/div>\n\t\t\t\t\t\t\t\t\t\t\t\t\t\t<\/a>\n\t\t\t\t\t\t\t<a class=\"e-gallery-item elementor-gallery-item elementor-animated-content\" data-e-gallery-tags=\"0\" href=\"https:\/\/www.studiolacitta.it\/wp-content\/uploads\/2025\/10\/PEL_4575-scaled.jpg\" data-elementor-open-lightbox=\"yes\" data-elementor-lightbox-slideshow=\"097ffed\" data-elementor-lightbox-title=\"Emil Lukas, #2216 Tendency, 83,82x63,5x5,98cm, 2024 + #2231, 38,1x30,4x5,08cm, 2024\" data-elementor-lightbox-description=\"Inchiostro su vetro e carta con grafite e carboncino in cornice di legno dipinto | Ink on glass and paper with graphite and charcoal in a painted wooden frame - CD 284\/CD 280\" data-e-action-hash=\"#elementor-action%3Aaction%3Dlightbox%26settings%3DeyJpZCI6MTM1NzYsInVybCI6Imh0dHBzOlwvXC93d3cuc3R1ZGlvbGFjaXR0YS5pdFwvd3AtY29udGVudFwvdXBsb2Fkc1wvMjAyNVwvMTBcL1BFTF80NTc1LXNjYWxlZC5qcGciLCJzbGlkZXNob3ciOiIwOTdmZmVkIn0%3D\">\n\t\t\t\t\t<div class=\"e-gallery-image elementor-gallery-item__image\" data-thumbnail=\"https:\/\/www.studiolacitta.it\/wp-content\/uploads\/2025\/10\/PEL_4575-768x1152.jpg\" data-width=\"768\" data-height=\"1152\" aria-label=\"Emil Lukas - #2216 Tendency - 2024 - Studio la Citt\u00e0 - Verona - Contemporary Art + Emil Lukas - #2231 - 2024 - Studio la Citt\u00e0 - Verona - Contemporary Art\" role=\"img\" ><\/div>\n\t\t\t\t\t\t\t\t\t\t\t<div class=\"elementor-gallery-item__overlay\"><\/div>\n\t\t\t\t\t\t\t\t\t\t\t\t\t\t<\/a>\n\t\t\t\t\t\t\t<a class=\"e-gallery-item elementor-gallery-item elementor-animated-content\" data-e-gallery-tags=\"0\" href=\"https:\/\/www.studiolacitta.it\/wp-content\/uploads\/2025\/10\/PEL_4603-scaled.jpg\" data-elementor-open-lightbox=\"yes\" data-elementor-lightbox-slideshow=\"097ffed\" data-elementor-lightbox-title=\"Gabriele Basilico, Napoli 2004 \/ 04A10-11, 99x126cm, 2007\" data-elementor-lightbox-description=\"Stampa a pigmenti puri | Pure pigmented print - CD 015\" data-e-action-hash=\"#elementor-action%3Aaction%3Dlightbox%26settings%3DeyJpZCI6MTM1NzcsInVybCI6Imh0dHBzOlwvXC93d3cuc3R1ZGlvbGFjaXR0YS5pdFwvd3AtY29udGVudFwvdXBsb2Fkc1wvMjAyNVwvMTBcL1BFTF80NjAzLXNjYWxlZC5qcGciLCJzbGlkZXNob3ciOiIwOTdmZmVkIn0%3D\">\n\t\t\t\t\t<div class=\"e-gallery-image elementor-gallery-item__image\" data-thumbnail=\"https:\/\/www.studiolacitta.it\/wp-content\/uploads\/2025\/10\/PEL_4603-768x1152.jpg\" data-width=\"768\" data-height=\"1152\" aria-label=\"Gabriele Basilico - Napoli 2004 \/ 04A10-11 - 2007 - Studiamo la Citt\u00e0 - Verona - Contemporary Art\" role=\"img\" ><\/div>\n\t\t\t\t\t\t\t\t\t\t\t<div class=\"elementor-gallery-item__overlay\"><\/div>\n\t\t\t\t\t\t\t\t\t\t\t\t\t\t<\/a>\n\t\t\t\t\t\t\t<a class=\"e-gallery-item elementor-gallery-item elementor-animated-content\" data-e-gallery-tags=\"0\" href=\"https:\/\/www.studiolacitta.it\/wp-content\/uploads\/2025\/10\/PEL_4607-scaled.jpg\" data-elementor-open-lightbox=\"yes\" data-elementor-lightbox-slideshow=\"097ffed\" data-elementor-lightbox-title=\"Eelco Brand, Heuvels, 90x140cm, 2006\" data-elementor-lightbox-description=\"Stampa C-print e dibond | C-print and dibond - CD 013\" data-e-action-hash=\"#elementor-action%3Aaction%3Dlightbox%26settings%3DeyJpZCI6MTM1NzgsInVybCI6Imh0dHBzOlwvXC93d3cuc3R1ZGlvbGFjaXR0YS5pdFwvd3AtY29udGVudFwvdXBsb2Fkc1wvMjAyNVwvMTBcL1BFTF80NjA3LXNjYWxlZC5qcGciLCJzbGlkZXNob3ciOiIwOTdmZmVkIn0%3D\">\n\t\t\t\t\t<div class=\"e-gallery-image elementor-gallery-item__image\" data-thumbnail=\"https:\/\/www.studiolacitta.it\/wp-content\/uploads\/2025\/10\/PEL_4607-768x512.jpg\" data-width=\"768\" data-height=\"512\" aria-label=\"Eelco Brand - Heuvels - 2006 - Studio la Citt\u00e0 - Verona - Contemporary Art\" role=\"img\" ><\/div>\n\t\t\t\t\t\t\t\t\t\t\t<div class=\"elementor-gallery-item__overlay\"><\/div>\n\t\t\t\t\t\t\t\t\t\t\t\t\t\t<\/a>\n\t\t\t\t\t\t\t<a class=\"e-gallery-item elementor-gallery-item elementor-animated-content\" data-e-gallery-tags=\"0\" href=\"https:\/\/www.studiolacitta.it\/wp-content\/uploads\/2025\/10\/PEL_4618-scaled.jpg\" data-elementor-open-lightbox=\"yes\" data-elementor-lightbox-slideshow=\"097ffed\" data-elementor-lightbox-title=\"Eelco Brand, Sparbos 2, 50x50cm, 2006\" data-elementor-lightbox-description=\"Stampa C-print | C-print - CD 027\" data-e-action-hash=\"#elementor-action%3Aaction%3Dlightbox%26settings%3DeyJpZCI6MTM1NzksInVybCI6Imh0dHBzOlwvXC93d3cuc3R1ZGlvbGFjaXR0YS5pdFwvd3AtY29udGVudFwvdXBsb2Fkc1wvMjAyNVwvMTBcL1BFTF80NjE4LXNjYWxlZC5qcGciLCJzbGlkZXNob3ciOiIwOTdmZmVkIn0%3D\">\n\t\t\t\t\t<div class=\"e-gallery-image elementor-gallery-item__image\" data-thumbnail=\"https:\/\/www.studiolacitta.it\/wp-content\/uploads\/2025\/10\/PEL_4618-768x1152.jpg\" data-width=\"768\" data-height=\"1152\" aria-label=\"Eelco Brand - Sparbos 2 - 2006 - Studio la Citt\u00e0 - Verona - Contemporary Art\" role=\"img\" ><\/div>\n\t\t\t\t\t\t\t\t\t\t\t<div class=\"elementor-gallery-item__overlay\"><\/div>\n\t\t\t\t\t\t\t\t\t\t\t\t\t\t<\/a>\n\t\t\t\t\t\t\t<a class=\"e-gallery-item elementor-gallery-item elementor-animated-content\" data-e-gallery-tags=\"0\" href=\"https:\/\/www.studiolacitta.it\/wp-content\/uploads\/2025\/10\/PEL_4698-scaled.jpg\" data-elementor-open-lightbox=\"yes\" data-elementor-lightbox-slideshow=\"097ffed\" data-elementor-lightbox-title=\"Herbert Hamak, O.T H1289N, 39,9x39,9x11cm, 2012 + Jacob Hashimoto, The Last One Leaves a Bitter Taste, 92,07x61,27x4,12cm, 2023\" data-elementor-lightbox-description=\"Resina e pigmenti su tela | Resin and pigments on canvas - CD 818 + Acrilico su tela | Acrylic on canvas - CD 366\" data-e-action-hash=\"#elementor-action%3Aaction%3Dlightbox%26settings%3DeyJpZCI6MTM1ODAsInVybCI6Imh0dHBzOlwvXC93d3cuc3R1ZGlvbGFjaXR0YS5pdFwvd3AtY29udGVudFwvdXBsb2Fkc1wvMjAyNVwvMTBcL1BFTF80Njk4LXNjYWxlZC5qcGciLCJzbGlkZXNob3ciOiIwOTdmZmVkIn0%3D\">\n\t\t\t\t\t<div class=\"e-gallery-image elementor-gallery-item__image\" data-thumbnail=\"https:\/\/www.studiolacitta.it\/wp-content\/uploads\/2025\/10\/PEL_4698-768x512.jpg\" data-width=\"768\" data-height=\"512\" aria-label=\"Herbert Hamak - O.T H1289N - 2012 - Studio la Citt\u00e0 - Verona - Contemporary Art + Jacob Hashimoto - The Last One Leaves a Bitter Taste - 2023 - Studiamo la Citt\u00e0 - Verona - Contemporary Art\" role=\"img\" ><\/div>\n\t\t\t\t\t\t\t\t\t\t\t<div class=\"elementor-gallery-item__overlay\"><\/div>\n\t\t\t\t\t\t\t\t\t\t\t\t\t\t<\/a>\n\t\t\t\t\t\t\t<a class=\"e-gallery-item elementor-gallery-item elementor-animated-content\" data-e-gallery-tags=\"0\" href=\"https:\/\/www.studiolacitta.it\/wp-content\/uploads\/2025\/10\/PEL_4706-scaled.jpg\" data-elementor-open-lightbox=\"yes\" data-elementor-lightbox-slideshow=\"097ffed\" data-elementor-lightbox-title=\"Herbert Hamak, O.T H1289N, 39,9x39,9x11cm, 2012 + Jacob Hashimoto, The Last One Leaves a Bitter Taste, 92,07x61,27x4,12cm, 2023\" data-elementor-lightbox-description=\"Resina e pigmenti su tela | Resin and pigments on canvas - CD 818 + Acrilico su tela | Acrylic on canvas - CD 366\" data-e-action-hash=\"#elementor-action%3Aaction%3Dlightbox%26settings%3DeyJpZCI6MTM1ODEsInVybCI6Imh0dHBzOlwvXC93d3cuc3R1ZGlvbGFjaXR0YS5pdFwvd3AtY29udGVudFwvdXBsb2Fkc1wvMjAyNVwvMTBcL1BFTF80NzA2LXNjYWxlZC5qcGciLCJzbGlkZXNob3ciOiIwOTdmZmVkIn0%3D\">\n\t\t\t\t\t<div class=\"e-gallery-image elementor-gallery-item__image\" data-thumbnail=\"https:\/\/www.studiolacitta.it\/wp-content\/uploads\/2025\/10\/PEL_4706-768x512.jpg\" data-width=\"768\" data-height=\"512\" aria-label=\"Herbert Hamak - O.T H1289N - 2012 - Studio la Citt\u00e0 - Verona - Contemporary Art + Jacob Hashimoto - The Last One Leaves a Bitter Taste - 2023 - Studiamo la Citt\u00e0 - Verona - Contemporary Art\" role=\"img\" ><\/div>\n\t\t\t\t\t\t\t\t\t\t\t<div class=\"elementor-gallery-item__overlay\"><\/div>\n\t\t\t\t\t\t\t\t\t\t\t\t\t\t<\/a>\n\t\t\t\t\t\t\t<a class=\"e-gallery-item elementor-gallery-item elementor-animated-content\" data-e-gallery-tags=\"0\" href=\"https:\/\/www.studiolacitta.it\/wp-content\/uploads\/2025\/10\/PEL_4714-scaled.jpg\" data-elementor-open-lightbox=\"yes\" data-elementor-lightbox-slideshow=\"097ffed\" data-elementor-lightbox-title=\"Eelco Brand, Sparheuvels, 90x160cm, 2006\" data-elementor-lightbox-description=\"Stampa C-print | C-print - CD 014\" data-e-action-hash=\"#elementor-action%3Aaction%3Dlightbox%26settings%3DeyJpZCI6MTM1ODIsInVybCI6Imh0dHBzOlwvXC93d3cuc3R1ZGlvbGFjaXR0YS5pdFwvd3AtY29udGVudFwvdXBsb2Fkc1wvMjAyNVwvMTBcL1BFTF80NzE0LXNjYWxlZC5qcGciLCJzbGlkZXNob3ciOiIwOTdmZmVkIn0%3D\">\n\t\t\t\t\t<div class=\"e-gallery-image elementor-gallery-item__image\" data-thumbnail=\"https:\/\/www.studiolacitta.it\/wp-content\/uploads\/2025\/10\/PEL_4714-768x512.jpg\" data-width=\"768\" data-height=\"512\" aria-label=\"Eelco Brand - Sparheuvels - 2006 - Studio la Citt\u00e0 - Verona - Contemporary Art\" role=\"img\" ><\/div>\n\t\t\t\t\t\t\t\t\t\t\t<div class=\"elementor-gallery-item__overlay\"><\/div>\n\t\t\t\t\t\t\t\t\t\t\t\t\t\t<\/a>\n\t\t\t\t\t\t\t<a class=\"e-gallery-item elementor-gallery-item elementor-animated-content\" data-e-gallery-tags=\"0\" href=\"https:\/\/www.studiolacitta.it\/wp-content\/uploads\/2025\/10\/PEL_4727-scaled.jpg\" data-elementor-open-lightbox=\"yes\" data-elementor-lightbox-slideshow=\"097ffed\" data-elementor-lightbox-title=\"Anna Galtarossa, Dungeon Lullaby, 140x135x200cm, 2025\" data-elementor-lightbox-description=\"Bamb\u00f9, acrilico, filo di lana sintetica, stoffa, ventilatore e luce | Bamboo, acrylic, synthetic wool yarn, fabric, fan, and light - CD 145\" data-e-action-hash=\"#elementor-action%3Aaction%3Dlightbox%26settings%3DeyJpZCI6MTM1ODMsInVybCI6Imh0dHBzOlwvXC93d3cuc3R1ZGlvbGFjaXR0YS5pdFwvd3AtY29udGVudFwvdXBsb2Fkc1wvMjAyNVwvMTBcL1BFTF80NzI3LXNjYWxlZC5qcGciLCJzbGlkZXNob3ciOiIwOTdmZmVkIn0%3D\">\n\t\t\t\t\t<div class=\"e-gallery-image elementor-gallery-item__image\" data-thumbnail=\"https:\/\/www.studiolacitta.it\/wp-content\/uploads\/2025\/10\/PEL_4727-768x1152.jpg\" data-width=\"768\" data-height=\"1152\" aria-label=\"Anna Galtarossa - Dungeon Lullaby - 2025 - Studio la Citt\u00e0 - Verona - Contemporary Art\" role=\"img\" ><\/div>\n\t\t\t\t\t\t\t\t\t\t\t<div class=\"elementor-gallery-item__overlay\"><\/div>\n\t\t\t\t\t\t\t\t\t\t\t\t\t\t<\/a>\n\t\t\t\t\t\t\t<a class=\"e-gallery-item elementor-gallery-item elementor-animated-content\" data-e-gallery-tags=\"0\" href=\"https:\/\/www.studiolacitta.it\/wp-content\/uploads\/2025\/10\/PEL_4756-scaled.jpg\" data-elementor-open-lightbox=\"yes\" data-elementor-lightbox-slideshow=\"097ffed\" data-elementor-lightbox-title=\"Hiroyuki Masuyama, November 06.11.2005, 47x140x13cm, 2006\" data-elementor-lightbox-description=\"Lightbox - CD 147\" data-e-action-hash=\"#elementor-action%3Aaction%3Dlightbox%26settings%3DeyJpZCI6MTM1ODQsInVybCI6Imh0dHBzOlwvXC93d3cuc3R1ZGlvbGFjaXR0YS5pdFwvd3AtY29udGVudFwvdXBsb2Fkc1wvMjAyNVwvMTBcL1BFTF80NzU2LXNjYWxlZC5qcGciLCJzbGlkZXNob3ciOiIwOTdmZmVkIn0%3D\">\n\t\t\t\t\t<div class=\"e-gallery-image elementor-gallery-item__image\" data-thumbnail=\"https:\/\/www.studiolacitta.it\/wp-content\/uploads\/2025\/10\/PEL_4756-768x512.jpg\" data-width=\"768\" data-height=\"512\" aria-label=\"Hiroyuki Masuyama - November 06.11.2005 - 2006 - Studio la Citt\u00e0 - Verona - Contemporary Art\" role=\"img\" ><\/div>\n\t\t\t\t\t\t\t\t\t\t\t<div class=\"elementor-gallery-item__overlay\"><\/div>\n\t\t\t\t\t\t\t\t\t\t\t\t\t\t<\/a>\n\t\t\t\t\t\t\t<a class=\"e-gallery-item elementor-gallery-item elementor-animated-content\" data-e-gallery-tags=\"0\" href=\"https:\/\/www.studiolacitta.it\/wp-content\/uploads\/2025\/10\/PEL_4769-scaled.jpg\" data-elementor-open-lightbox=\"yes\" data-elementor-lightbox-slideshow=\"097ffed\" data-elementor-lightbox-title=\"Hiroyuki Masuyama, Roverella 21.07.2007\/14.00-22.07.2007\/14.00 24h, 40x200x4cm, 2007\" data-elementor-lightbox-description=\"Lightbox a LED | LED Lightbox - CD 188\" data-e-action-hash=\"#elementor-action%3Aaction%3Dlightbox%26settings%3DeyJpZCI6MTM1ODUsInVybCI6Imh0dHBzOlwvXC93d3cuc3R1ZGlvbGFjaXR0YS5pdFwvd3AtY29udGVudFwvdXBsb2Fkc1wvMjAyNVwvMTBcL1BFTF80NzY5LXNjYWxlZC5qcGciLCJzbGlkZXNob3ciOiIwOTdmZmVkIn0%3D\">\n\t\t\t\t\t<div class=\"e-gallery-image elementor-gallery-item__image\" data-thumbnail=\"https:\/\/www.studiolacitta.it\/wp-content\/uploads\/2025\/10\/PEL_4769-768x1152.jpg\" data-width=\"768\" data-height=\"1152\" aria-label=\"Hiroyuki Masuyama - Roverella 21.07.2007\/14.00-22.07.2007\/14.00 24h - 2007- Studio la Citt\u00e0 - Verona - Contemporary Art\" role=\"img\" ><\/div>\n\t\t\t\t\t\t\t\t\t\t\t<div class=\"elementor-gallery-item__overlay\"><\/div>\n\t\t\t\t\t\t\t\t\t\t\t\t\t\t<\/a>\n\t\t\t\t\t\t\t<a class=\"e-gallery-item elementor-gallery-item elementor-animated-content\" data-e-gallery-tags=\"0\" href=\"https:\/\/www.studiolacitta.it\/wp-content\/uploads\/2025\/10\/PEL_4834-scaled.jpg\" data-elementor-open-lightbox=\"yes\" data-elementor-lightbox-slideshow=\"097ffed\" data-elementor-lightbox-title=\"Composizione di 4 Totem - 202\/2024\/2025\" data-elementor-lightbox-description=\"Acrilico e colori industriali su alluminio | Acrylic and industrial paints on aluminum - CD 089\/090\/091\/092\" data-e-action-hash=\"#elementor-action%3Aaction%3Dlightbox%26settings%3DeyJpZCI6MTM1ODYsInVybCI6Imh0dHBzOlwvXC93d3cuc3R1ZGlvbGFjaXR0YS5pdFwvd3AtY29udGVudFwvdXBsb2Fkc1wvMjAyNVwvMTBcL1BFTF80ODM0LXNjYWxlZC5qcGciLCJzbGlkZXNob3ciOiIwOTdmZmVkIn0%3D\">\n\t\t\t\t\t<div class=\"e-gallery-image elementor-gallery-item__image\" data-thumbnail=\"https:\/\/www.studiolacitta.it\/wp-content\/uploads\/2025\/10\/PEL_4834-768x1152.jpg\" data-width=\"768\" data-height=\"1152\" aria-label=\"Franco Passalacqua - Totem - 202\/2024\/2025 - Studio la Citt\u00e0 - Verona - Contemporary Art\" role=\"img\" ><\/div>\n\t\t\t\t\t\t\t\t\t\t\t<div class=\"elementor-gallery-item__overlay\"><\/div>\n\t\t\t\t\t\t\t\t\t\t\t\t\t\t<\/a>\n\t\t\t\t\t<\/div>\n\t\t\t\t\t<\/div>\n\t\t\t\t<\/div>\n\t\t<div id=\"e-n-tab-content-18526775402\" role=\"tabpanel\" aria-labelledby=\"e-n-tab-title-18526775402\" data-tab-index=\"2\" style=\"--n-tabs-title-order: 2;\" class=\" elementor-element elementor-element-3fcdec63 e-flex e-con-boxed e-con e-child\" data-id=\"3fcdec63\" data-element_type=\"container\" data-e-type=\"container\">\n\t\t\t\t\t<div class=\"e-con-inner\">\n\t\t\t\t<div class=\"elementor-element elementor-element-ee96474 elementor-arrows-position-outside elementor-widget elementor-widget-image-carousel\" data-id=\"ee96474\" data-element_type=\"widget\" data-e-type=\"widget\" data-settings=\"{&quot;slides_to_show&quot;:&quot;1&quot;,&quot;speed&quot;:1000,&quot;lazyload&quot;:&quot;yes&quot;,&quot;navigation&quot;:&quot;arrows&quot;,&quot;infinite&quot;:&quot;yes&quot;,&quot;effect&quot;:&quot;slide&quot;}\" data-widget_type=\"image-carousel.default\">\n\t\t\t\t\t\t\t<div class=\"elementor-image-carousel-wrapper swiper\" role=\"region\" aria-roledescription=\"carousel\" aria-label=\"Carosello d&#039;immagini\" dir=\"rtl\">\n\t\t\t<div class=\"elementor-image-carousel swiper-wrapper\" aria-live=\"polite\">\n\t\t\t\t\t\t\t\t<div class=\"swiper-slide\" role=\"group\" aria-roledescription=\"slide\" aria-label=\"1 of 35\"><a data-elementor-open-lightbox=\"yes\" data-elementor-lightbox-slideshow=\"ee96474\" data-elementor-lightbox-title=\"Hiroyuki Masuyama, J.M.W.Turner, The Upper End of the Grand canal with San Simeone Piccolo Dusk, 1840, 21,9x32x4cm, 2010\" data-elementor-lightbox-description=\"Lightbox a LED | LED Lightbox - CD 390\" data-e-action-hash=\"#elementor-action%3Aaction%3Dlightbox%26settings%3DeyJpZCI6MTM1NTIsInVybCI6Imh0dHBzOlwvXC93d3cuc3R1ZGlvbGFjaXR0YS5pdFwvd3AtY29udGVudFwvdXBsb2Fkc1wvMjAyNVwvMTBcLzEwX0NELTM5MF9NYXN1eWFtYV9KLk0uVy5UdXJuZXItVGhlLVVwcGVyLUVuZC1vZi10aGUtR3JhbmQtY2FuYWwtd2l0aC1TYW4tU2ltZW9uZS1QaWNjb2xvLUR1c2stMTg0MF8yMDEwLTEtc2NhbGVkLmpwZyIsInNsaWRlc2hvdyI6ImVlOTY0NzQifQ%3D%3D\" href=\"https:\/\/www.studiolacitta.it\/wp-content\/uploads\/2025\/10\/10_CD-390_Masuyama_J.M.W.Turner-The-Upper-End-of-the-Grand-canal-with-San-Simeone-Piccolo-Dusk-1840_2010-1-scaled.jpg\"><figure class=\"swiper-slide-inner\"><img class=\"swiper-slide-image swiper-lazy\" data-src=\"https:\/\/www.studiolacitta.it\/wp-content\/uploads\/2025\/10\/10_CD-390_Masuyama_J.M.W.Turner-The-Upper-End-of-the-Grand-canal-with-San-Simeone-Piccolo-Dusk-1840_2010-1-scaled.jpg\" alt=\"Hiroyuki Masuyama - J.M.W.Turner, The Upper End of the Grand canal with San Simeone Piccolo Dusk, 1840 - 2010 - Studio la Citt\u00e0 - Verona - Contemporary Art\" \/><div class=\"swiper-lazy-preloader\"><\/div><\/figure><\/a><\/div><div class=\"swiper-slide\" role=\"group\" aria-roledescription=\"slide\" aria-label=\"2 of 35\"><a data-elementor-open-lightbox=\"yes\" data-elementor-lightbox-slideshow=\"ee96474\" data-elementor-lightbox-title=\"Hiroyuki Masuyama, J.M.W.Turner, Fisherman on the Lagoon Moonlight, 1840, 21,8x31x9x4cm, 2010\" data-elementor-lightbox-description=\"Lightbox a LED | LED Lightbox - CD 395\" data-e-action-hash=\"#elementor-action%3Aaction%3Dlightbox%26settings%3DeyJpZCI6MTM1NTMsInVybCI6Imh0dHBzOlwvXC93d3cuc3R1ZGlvbGFjaXR0YS5pdFwvd3AtY29udGVudFwvdXBsb2Fkc1wvMjAyNVwvMTBcLzEwX0NELTM5NV9NYXN1eWFtYV9KLk0uVy5UdXJuZXItRmlzaGVybWFuLW9uLXRoZS1MYWdvb24tTW9vbmxpZ2h0LTE4NDBfMjAxMC0xLXNjYWxlZC5qcGciLCJzbGlkZXNob3ciOiJlZTk2NDc0In0%3D\" href=\"https:\/\/www.studiolacitta.it\/wp-content\/uploads\/2025\/10\/10_CD-395_Masuyama_J.M.W.Turner-Fisherman-on-the-Lagoon-Moonlight-1840_2010-1-scaled.jpg\"><figure class=\"swiper-slide-inner\"><img class=\"swiper-slide-image swiper-lazy\" data-src=\"https:\/\/www.studiolacitta.it\/wp-content\/uploads\/2025\/10\/10_CD-395_Masuyama_J.M.W.Turner-Fisherman-on-the-Lagoon-Moonlight-1840_2010-1-scaled.jpg\" alt=\"Hiroyuki Masuyama - J.M.W.Turner, Fisherman on the Lagoon Moonlight, 1840 - 2010 - Studio la Citt\u00e0 - Verona - Contemporary Art\" \/><div class=\"swiper-lazy-preloader\"><\/div><\/figure><\/a><\/div><div class=\"swiper-slide\" role=\"group\" aria-roledescription=\"slide\" aria-label=\"3 of 35\"><a data-elementor-open-lightbox=\"yes\" data-elementor-lightbox-slideshow=\"ee96474\" data-elementor-lightbox-title=\"Hiroyuki Masuyama, J.M.W.Turner, Looking across the Bacino di San Marco at Sunset, from near San Biagio, 1840, 24,4x30,4x4cm,2010\" data-elementor-lightbox-description=\"Lightbox a LED | LED Lightbox - CD 397\" data-e-action-hash=\"#elementor-action%3Aaction%3Dlightbox%26settings%3DeyJpZCI6MTM1NTQsInVybCI6Imh0dHBzOlwvXC93d3cuc3R1ZGlvbGFjaXR0YS5pdFwvd3AtY29udGVudFwvdXBsb2Fkc1wvMjAyNVwvMTBcLzExX0NELTM5N19NYXN1eWFtYV9KLk0uVy5UdXJuZXItTG9va2luZy1hY3Jvc3MtdGhlLUJhY2luby1kaS1TYW4tTWFyY28tYXQtU3Vuc2V0LWZyb20tbmVhci1TYW4tQmlhZ2lvLTE4NDBfMjAxMC0xLXNjYWxlZC5qcGciLCJzbGlkZXNob3ciOiJlZTk2NDc0In0%3D\" href=\"https:\/\/www.studiolacitta.it\/wp-content\/uploads\/2025\/10\/11_CD-397_Masuyama_J.M.W.Turner-Looking-across-the-Bacino-di-San-Marco-at-Sunset-from-near-San-Biagio-1840_2010-1-scaled.jpg\"><figure class=\"swiper-slide-inner\"><img class=\"swiper-slide-image swiper-lazy\" data-src=\"https:\/\/www.studiolacitta.it\/wp-content\/uploads\/2025\/10\/11_CD-397_Masuyama_J.M.W.Turner-Looking-across-the-Bacino-di-San-Marco-at-Sunset-from-near-San-Biagio-1840_2010-1-scaled.jpg\" alt=\"Hiroyuki Masuyama - J.M.W.Turner, Looking across the Bacino di San Marco at Sunset, from near San Biagio, 1840 - 2010 - Studio la Citt\u00e0 - Verona - Contemporary Art\" \/><div class=\"swiper-lazy-preloader\"><\/div><\/figure><\/a><\/div><div class=\"swiper-slide\" role=\"group\" aria-roledescription=\"slide\" aria-label=\"4 of 35\"><a data-elementor-open-lightbox=\"yes\" data-elementor-lightbox-slideshow=\"ee96474\" data-elementor-lightbox-title=\"Hiroyuki Masuyama, Looking down the Grand Canal to Palazzo Corner della Ca&#039; Grande and Santa Maria della Salute, 1840, 22,1x32,5x4cm, 2010\" data-elementor-lightbox-description=\"Lightbox a LED | LED Lightbox - CD 446\" data-e-action-hash=\"#elementor-action%3Aaction%3Dlightbox%26settings%3DeyJpZCI6MTM1NTUsInVybCI6Imh0dHBzOlwvXC93d3cuc3R1ZGlvbGFjaXR0YS5pdFwvd3AtY29udGVudFwvdXBsb2Fkc1wvMjAyNVwvMTBcLzEyX0NELTQ0Nl9NYXN1eWFtYV9Mb29raW5nLWRvd24tdGhlLUdyYW5kLUNhbmFsLXRvLVBhbGF6em8tQ29ybmVyXzIwMTAtMS1zY2FsZWQuanBnIiwic2xpZGVzaG93IjoiZWU5NjQ3NCJ9\" href=\"https:\/\/www.studiolacitta.it\/wp-content\/uploads\/2025\/10\/12_CD-446_Masuyama_Looking-down-the-Grand-Canal-to-Palazzo-Corner_2010-1-scaled.jpg\"><figure class=\"swiper-slide-inner\"><img class=\"swiper-slide-image swiper-lazy\" data-src=\"https:\/\/www.studiolacitta.it\/wp-content\/uploads\/2025\/10\/12_CD-446_Masuyama_Looking-down-the-Grand-Canal-to-Palazzo-Corner_2010-1-scaled.jpg\" alt=\"Hiroyuki Masuyama - Looking down the Grand Canal to Palazzo Corner della Ca&#039; Grande and Santa Maria della Salute, 1840 - 2010 - Studio la Citt\u00e0 - Verona - Contemporary Art\" \/><div class=\"swiper-lazy-preloader\"><\/div><\/figure><\/a><\/div><div class=\"swiper-slide\" role=\"group\" aria-roledescription=\"slide\" aria-label=\"5 of 35\"><a data-elementor-open-lightbox=\"yes\" data-elementor-lightbox-slideshow=\"ee96474\" data-elementor-lightbox-title=\"Stuart Arends, Kid Blocks #75 (Croce X), 4,5x4,5x4,5cm, 2014\" data-elementor-lightbox-description=\"Olio e cera su legno di recupero | Oil and wax on salvaged wood - CD 237\" data-e-action-hash=\"#elementor-action%3Aaction%3Dlightbox%26settings%3DeyJpZCI6MTM1NTYsInVybCI6Imh0dHBzOlwvXC93d3cuc3R1ZGlvbGFjaXR0YS5pdFwvd3AtY29udGVudFwvdXBsb2Fkc1wvMjAyNVwvMTBcL0FyZW5kc19SZXNwaXJvLU5hc2Nvc3RvLWRlbGxlLUNvc2VfMjAyNV8xX1BFTF80NDQzLTEtc2NhbGVkLmpwZyIsInNsaWRlc2hvdyI6ImVlOTY0NzQifQ%3D%3D\" href=\"https:\/\/www.studiolacitta.it\/wp-content\/uploads\/2025\/10\/Arends_Respiro-Nascosto-delle-Cose_2025_1_PEL_4443-1-scaled.jpg\"><figure class=\"swiper-slide-inner\"><img class=\"swiper-slide-image swiper-lazy\" data-src=\"https:\/\/www.studiolacitta.it\/wp-content\/uploads\/2025\/10\/Arends_Respiro-Nascosto-delle-Cose_2025_1_PEL_4443-1-scaled.jpg\" alt=\"Stuart Arends - Kid Blocks #75 (Croce X) - 2014 - Studiamo la Citt\u00e0 - Verona - Contemporary Art\" \/><div class=\"swiper-lazy-preloader\"><\/div><\/figure><\/a><\/div><div class=\"swiper-slide\" role=\"group\" aria-roledescription=\"slide\" aria-label=\"6 of 35\"><a data-elementor-open-lightbox=\"yes\" data-elementor-lightbox-slideshow=\"ee96474\" data-elementor-lightbox-title=\"Luigi Carboni, Lezione Bianca, 190x42cm, 2002\" data-elementor-lightbox-description=\"Acrilico su tela | Acrylic on canvas - CD 172\" data-e-action-hash=\"#elementor-action%3Aaction%3Dlightbox%26settings%3DeyJpZCI6MTM1NTcsInVybCI6Imh0dHBzOlwvXC93d3cuc3R1ZGlvbGFjaXR0YS5pdFwvd3AtY29udGVudFwvdXBsb2Fkc1wvMjAyNVwvMTBcL0NhcmJvbmlfSWwtUmVzcGlyby1OYXNjb3N0by1kZWxsZS1Db3NlXzIwMjVfMV9QRUxfNDQ5Mi0xLXNjYWxlZC5qcGciLCJzbGlkZXNob3ciOiJlZTk2NDc0In0%3D\" href=\"https:\/\/www.studiolacitta.it\/wp-content\/uploads\/2025\/10\/Carboni_Il-Respiro-Nascosto-delle-Cose_2025_1_PEL_4492-1-scaled.jpg\"><figure class=\"swiper-slide-inner\"><img class=\"swiper-slide-image swiper-lazy\" data-src=\"https:\/\/www.studiolacitta.it\/wp-content\/uploads\/2025\/10\/Carboni_Il-Respiro-Nascosto-delle-Cose_2025_1_PEL_4492-1-scaled.jpg\" alt=\"Luigi Carboni - Lezione Bianca - 2002 - Studio la Citt\u00e0 - Verona - Contemporary Art\" \/><div class=\"swiper-lazy-preloader\"><\/div><\/figure><\/a><\/div><div class=\"swiper-slide\" role=\"group\" aria-roledescription=\"slide\" aria-label=\"7 of 35\"><a data-elementor-open-lightbox=\"yes\" data-elementor-lightbox-slideshow=\"ee96474\" data-elementor-lightbox-title=\"Vincenzo Castella, Trittico - Andrea Mantegna, Martirio e Trasporto di S. Cristoforo, 1448\/1457, Cappella Ovetari, Chiesa degli Eremitani, 2020\/2021\" data-elementor-lightbox-description=\"Stampa a colori su carta kozo 70g | Color print on 70g kozo paper - CD 233\/234\/235\" data-e-action-hash=\"#elementor-action%3Aaction%3Dlightbox%26settings%3DeyJpZCI6MTM1NTgsInVybCI6Imh0dHBzOlwvXC93d3cuc3R1ZGlvbGFjaXR0YS5pdFwvd3AtY29udGVudFwvdXBsb2Fkc1wvMjAyNVwvMTBcL0Nhc3RlbGxhX0lsLVJlc3Bpcm8tTmFzY29zdG8tZGVsbGUtQ29zZV8yMDI1XzFfUEVMXzQ1MjItMS1zY2FsZWQuanBnIiwic2xpZGVzaG93IjoiZWU5NjQ3NCJ9\" href=\"https:\/\/www.studiolacitta.it\/wp-content\/uploads\/2025\/10\/Castella_Il-Respiro-Nascosto-delle-Cose_2025_1_PEL_4522-1-scaled.jpg\"><figure class=\"swiper-slide-inner\"><img class=\"swiper-slide-image swiper-lazy\" data-src=\"https:\/\/www.studiolacitta.it\/wp-content\/uploads\/2025\/10\/Castella_Il-Respiro-Nascosto-delle-Cose_2025_1_PEL_4522-1-scaled.jpg\" alt=\"Vincenzo Castella - Trittico - Andrea Mantegna, Martirio e Trasporto di S. Cristoforo, 1448\/1457, Cappella Ovetari, Chiesa degli Eremitani - 2020\/2021 - Studio la Citt\u00e0 - Verona - Contemporary Art\" \/><div class=\"swiper-lazy-preloader\"><\/div><\/figure><\/a><\/div><div class=\"swiper-slide\" role=\"group\" aria-roledescription=\"slide\" aria-label=\"8 of 35\"><a data-elementor-open-lightbox=\"yes\" data-elementor-lightbox-slideshow=\"ee96474\" data-elementor-lightbox-title=\"Herbert Hamak, O.T., 40x40x8cm, 2021\" data-elementor-lightbox-description=\"Resina e pigmenti su tela | Resin and pigments on canvas - CD 886\" data-e-action-hash=\"#elementor-action%3Aaction%3Dlightbox%26settings%3DeyJpZCI6MTM1NTksInVybCI6Imh0dHBzOlwvXC93d3cuc3R1ZGlvbGFjaXR0YS5pdFwvd3AtY29udGVudFwvdXBsb2Fkc1wvMjAyNVwvMTBcL0hhbWFrX0lsLVJlc3Bpcm8tTmFzY29zdG8tZGVsbGUtQ29zZV8yMDI1XzFfUEVMXzQzODItc2NhbGVkLmpwZyIsInNsaWRlc2hvdyI6ImVlOTY0NzQifQ%3D%3D\" href=\"https:\/\/www.studiolacitta.it\/wp-content\/uploads\/2025\/10\/Hamak_Il-Respiro-Nascosto-delle-Cose_2025_1_PEL_4382-scaled.jpg\"><figure class=\"swiper-slide-inner\"><img class=\"swiper-slide-image swiper-lazy\" data-src=\"https:\/\/www.studiolacitta.it\/wp-content\/uploads\/2025\/10\/Hamak_Il-Respiro-Nascosto-delle-Cose_2025_1_PEL_4382-scaled.jpg\" alt=\"Herbert Hamak - O.T. - 2021 - Studio la Citt\u00e0 - Verona - Contemporary Art\" \/><div class=\"swiper-lazy-preloader\"><\/div><\/figure><\/a><\/div><div class=\"swiper-slide\" role=\"group\" aria-roledescription=\"slide\" aria-label=\"9 of 35\"><a data-elementor-open-lightbox=\"yes\" data-elementor-lightbox-slideshow=\"ee96474\" data-elementor-lightbox-title=\"Il Respiro Nascosto delle Cose\" data-elementor-lightbox-description=\"2025 - Palazzo Oldofredi Tadini Botti, Torre Pallavicina\" data-e-action-hash=\"#elementor-action%3Aaction%3Dlightbox%26settings%3DeyJpZCI6MTM1NjAsInVybCI6Imh0dHBzOlwvXC93d3cuc3R1ZGlvbGFjaXR0YS5pdFwvd3AtY29udGVudFwvdXBsb2Fkc1wvMjAyNVwvMTBcL0hhbWFrX0lsLVJlc3Bpcm8tTmFzY29zdG8tZGVsbGUtQ29zZV8yMDI1XzJfUEVMXzQ1MjYtc2NhbGVkLmpwZyIsInNsaWRlc2hvdyI6ImVlOTY0NzQifQ%3D%3D\" href=\"https:\/\/www.studiolacitta.it\/wp-content\/uploads\/2025\/10\/Hamak_Il-Respiro-Nascosto-delle-Cose_2025_2_PEL_4526-scaled.jpg\"><figure class=\"swiper-slide-inner\"><img class=\"swiper-slide-image swiper-lazy\" data-src=\"https:\/\/www.studiolacitta.it\/wp-content\/uploads\/2025\/10\/Hamak_Il-Respiro-Nascosto-delle-Cose_2025_2_PEL_4526-scaled.jpg\" alt=\"Il Respiro Nascosto delle Cose - 2025 - Studio la Citt\u00e0 - Verona - Contemporary Art\" \/><div class=\"swiper-lazy-preloader\"><\/div><\/figure><\/a><\/div><div class=\"swiper-slide\" role=\"group\" aria-roledescription=\"slide\" aria-label=\"10 of 35\"><a data-elementor-open-lightbox=\"yes\" data-elementor-lightbox-slideshow=\"ee96474\" data-elementor-lightbox-title=\"Herbert Hamak, Installazione, 2025\" data-elementor-lightbox-description=\"Resina e pigmenti | Resin and pigments\" data-e-action-hash=\"#elementor-action%3Aaction%3Dlightbox%26settings%3DeyJpZCI6MTM1NjEsInVybCI6Imh0dHBzOlwvXC93d3cuc3R1ZGlvbGFjaXR0YS5pdFwvd3AtY29udGVudFwvdXBsb2Fkc1wvMjAyNVwvMTBcL0hhbWFrX0luc3RhbGxhemlvbmVGYWNjaWF0YS1DaGllc2V0dGFfMjAyNS0xLmpwZyIsInNsaWRlc2hvdyI6ImVlOTY0NzQifQ%3D%3D\" href=\"https:\/\/www.studiolacitta.it\/wp-content\/uploads\/2025\/10\/Hamak_InstallazioneFacciata-Chiesetta_2025-1.jpg\"><figure class=\"swiper-slide-inner\"><img class=\"swiper-slide-image swiper-lazy\" data-src=\"https:\/\/www.studiolacitta.it\/wp-content\/uploads\/2025\/10\/Hamak_InstallazioneFacciata-Chiesetta_2025-1.jpg\" alt=\"Herbert Hamak - 2025 - Studio la Citt\u00e0 - Verona - Contemporary Art\" \/><div class=\"swiper-lazy-preloader\"><\/div><\/figure><\/a><\/div><div class=\"swiper-slide\" role=\"group\" aria-roledescription=\"slide\" aria-label=\"11 of 35\"><a data-elementor-open-lightbox=\"yes\" data-elementor-lightbox-slideshow=\"ee96474\" data-elementor-lightbox-title=\"Julia Mangold, O.T. 28.10,00, 47x140x13cm, 2006\" data-elementor-lightbox-description=\"Acciaio cerato, 6 pezzi | Waxed steel, 6 pieces - CD 189\" data-e-action-hash=\"#elementor-action%3Aaction%3Dlightbox%26settings%3DeyJpZCI6MTM1NjIsInVybCI6Imh0dHBzOlwvXC93d3cuc3R1ZGlvbGFjaXR0YS5pdFwvd3AtY29udGVudFwvdXBsb2Fkc1wvMjAyNVwvMTBcL01hbmdvbGRfUmVzcGlyby1OYXNjb3N0by1kZWxsZS1Db3NlXzIwMjVfMV9QRUxfNDM5NC0xLXNjYWxlZC5qcGciLCJzbGlkZXNob3ciOiJlZTk2NDc0In0%3D\" href=\"https:\/\/www.studiolacitta.it\/wp-content\/uploads\/2025\/10\/Mangold_Respiro-Nascosto-delle-Cose_2025_1_PEL_4394-1-scaled.jpg\"><figure class=\"swiper-slide-inner\"><img class=\"swiper-slide-image swiper-lazy\" data-src=\"https:\/\/www.studiolacitta.it\/wp-content\/uploads\/2025\/10\/Mangold_Respiro-Nascosto-delle-Cose_2025_1_PEL_4394-1-scaled.jpg\" alt=\"Julia Mangold - O.T. 28.10,00 - 2006 - Studio la Citt\u00e0 - Verona - Contemporary Art\" \/><div class=\"swiper-lazy-preloader\"><\/div><\/figure><\/a><\/div><div class=\"swiper-slide\" role=\"group\" aria-roledescription=\"slide\" aria-label=\"12 of 35\"><a data-elementor-open-lightbox=\"yes\" data-elementor-lightbox-slideshow=\"ee96474\" data-elementor-lightbox-title=\"Julia Mangold, O.T. 25.3.02, 44x32,5x10,5cm, 2002\" data-elementor-lightbox-description=\"Acciaio cerato, 2 pezzi | Waxed steel, 2 pieces - CD 155\" data-e-action-hash=\"#elementor-action%3Aaction%3Dlightbox%26settings%3DeyJpZCI6MTM1NjMsInVybCI6Imh0dHBzOlwvXC93d3cuc3R1ZGlvbGFjaXR0YS5pdFwvd3AtY29udGVudFwvdXBsb2Fkc1wvMjAyNVwvMTBcL01hbmdvbGRfUmVzcGlyby1OYXNjb3N0by1kZWxsZS1Db3NlXzIwMjVfMl9QRUxfNDQzOS0xLXNjYWxlZC5qcGciLCJzbGlkZXNob3ciOiJlZTk2NDc0In0%3D\" href=\"https:\/\/www.studiolacitta.it\/wp-content\/uploads\/2025\/10\/Mangold_Respiro-Nascosto-delle-Cose_2025_2_PEL_4439-1-scaled.jpg\"><figure class=\"swiper-slide-inner\"><img class=\"swiper-slide-image swiper-lazy\" data-src=\"https:\/\/www.studiolacitta.it\/wp-content\/uploads\/2025\/10\/Mangold_Respiro-Nascosto-delle-Cose_2025_2_PEL_4439-1-scaled.jpg\" alt=\"Julia Mangold - O.T. 25.3.02 - 2002 - Studio la Citt\u00e0 - Verona - Contemporary Art\" \/><div class=\"swiper-lazy-preloader\"><\/div><\/figure><\/a><\/div><div class=\"swiper-slide\" role=\"group\" aria-roledescription=\"slide\" aria-label=\"13 of 35\"><a data-elementor-open-lightbox=\"yes\" data-elementor-lightbox-slideshow=\"ee96474\" data-elementor-lightbox-title=\"Jacob Hashimoto, Ivy, 2020\/2021\" data-elementor-lightbox-description=\"Acrilico e pigmenti | Acrylic and pigments - CD 216\" data-e-action-hash=\"#elementor-action%3Aaction%3Dlightbox%26settings%3DeyJpZCI6MTM1NjQsInVybCI6Imh0dHBzOlwvXC93d3cuc3R1ZGlvbGFjaXR0YS5pdFwvd3AtY29udGVudFwvdXBsb2Fkc1wvMjAyNVwvMTBcL1BFTF80MzYxLXNjYWxlZC5qcGciLCJzbGlkZXNob3ciOiJlZTk2NDc0In0%3D\" href=\"https:\/\/www.studiolacitta.it\/wp-content\/uploads\/2025\/10\/PEL_4361-scaled.jpg\"><figure class=\"swiper-slide-inner\"><img class=\"swiper-slide-image swiper-lazy\" data-src=\"https:\/\/www.studiolacitta.it\/wp-content\/uploads\/2025\/10\/PEL_4361-scaled.jpg\" alt=\"Jacob Hashimoto - Ivy - 2020\/2021 - Studio la Citt\u00e0 - Verona - Contemporary Art\" \/><div class=\"swiper-lazy-preloader\"><\/div><\/figure><\/a><\/div><div class=\"swiper-slide\" role=\"group\" aria-roledescription=\"slide\" aria-label=\"14 of 35\"><a data-elementor-open-lightbox=\"yes\" data-elementor-lightbox-slideshow=\"ee96474\" data-elementor-lightbox-title=\"Herbert Hamak, O.T H1388N, 156x23,8x7,8cm, 2015\" data-elementor-lightbox-description=\"Resina e pigmenti su tela | Resin and pigments on canvas - CD 769 \" data-e-action-hash=\"#elementor-action%3Aaction%3Dlightbox%26settings%3DeyJpZCI6MTM1NjUsInVybCI6Imh0dHBzOlwvXC93d3cuc3R1ZGlvbGFjaXR0YS5pdFwvd3AtY29udGVudFwvdXBsb2Fkc1wvMjAyNVwvMTBcL1BFTF80MzcxLXNjYWxlZC5qcGciLCJzbGlkZXNob3ciOiJlZTk2NDc0In0%3D\" href=\"https:\/\/www.studiolacitta.it\/wp-content\/uploads\/2025\/10\/PEL_4371-scaled.jpg\"><figure class=\"swiper-slide-inner\"><img class=\"swiper-slide-image swiper-lazy\" data-src=\"https:\/\/www.studiolacitta.it\/wp-content\/uploads\/2025\/10\/PEL_4371-scaled.jpg\" alt=\"Herbert Hamak - O.T H1388N - 2015 - Studio la Citt\u00e0 - Verona - Contemporary Art\" \/><div class=\"swiper-lazy-preloader\"><\/div><\/figure><\/a><\/div><div class=\"swiper-slide\" role=\"group\" aria-roledescription=\"slide\" aria-label=\"15 of 35\"><a data-elementor-open-lightbox=\"yes\" data-elementor-lightbox-slideshow=\"ee96474\" data-elementor-lightbox-title=\"Il Respiro Nascosto delle Cose\" data-elementor-lightbox-description=\"2025 - Palazzo Oldofredi Tadini Botti, Torre Pallavicina\" data-e-action-hash=\"#elementor-action%3Aaction%3Dlightbox%26settings%3DeyJpZCI6MTM1NjYsInVybCI6Imh0dHBzOlwvXC93d3cuc3R1ZGlvbGFjaXR0YS5pdFwvd3AtY29udGVudFwvdXBsb2Fkc1wvMjAyNVwvMTBcL1BFTF80Mzg4LXNjYWxlZC5qcGciLCJzbGlkZXNob3ciOiJlZTk2NDc0In0%3D\" href=\"https:\/\/www.studiolacitta.it\/wp-content\/uploads\/2025\/10\/PEL_4388-scaled.jpg\"><figure class=\"swiper-slide-inner\"><img class=\"swiper-slide-image swiper-lazy\" data-src=\"https:\/\/www.studiolacitta.it\/wp-content\/uploads\/2025\/10\/PEL_4388-scaled.jpg\" alt=\"Il Respiro Nascosto delle Cose - 2025 - Studio la Citt\u00e0 - Verona - Contemporary Art\" \/><div class=\"swiper-lazy-preloader\"><\/div><\/figure><\/a><\/div><div class=\"swiper-slide\" role=\"group\" aria-roledescription=\"slide\" aria-label=\"16 of 35\"><a data-elementor-open-lightbox=\"yes\" data-elementor-lightbox-slideshow=\"ee96474\" data-elementor-lightbox-title=\"Julia Mangold, O.T. 4,8,02, 200x60x26cm, 2002\" data-elementor-lightbox-description=\"Acciaio cerato, 2 pezzi | Waxed steel, 2 pieces - CD 160\" data-e-action-hash=\"#elementor-action%3Aaction%3Dlightbox%26settings%3DeyJpZCI6MTM1NjcsInVybCI6Imh0dHBzOlwvXC93d3cuc3R1ZGlvbGFjaXR0YS5pdFwvd3AtY29udGVudFwvdXBsb2Fkc1wvMjAyNVwvMTBcL1BFTF80NDE1LXNjYWxlZC5qcGciLCJzbGlkZXNob3ciOiJlZTk2NDc0In0%3D\" href=\"https:\/\/www.studiolacitta.it\/wp-content\/uploads\/2025\/10\/PEL_4415-scaled.jpg\"><figure class=\"swiper-slide-inner\"><img class=\"swiper-slide-image swiper-lazy\" data-src=\"https:\/\/www.studiolacitta.it\/wp-content\/uploads\/2025\/10\/PEL_4415-scaled.jpg\" alt=\"Julia Mangold - O.T. 4,8,02 - 2002 - Studio la Citt\u00e0 - Verona - Contemporary Art\" \/><div class=\"swiper-lazy-preloader\"><\/div><\/figure><\/a><\/div><div class=\"swiper-slide\" role=\"group\" aria-roledescription=\"slide\" aria-label=\"17 of 35\"><a data-elementor-open-lightbox=\"yes\" data-elementor-lightbox-slideshow=\"ee96474\" data-elementor-lightbox-title=\"Stuart Arends, Wedge 48, 13x30x4cm, 2006\" data-elementor-lightbox-description=\"Acciaio e colore a olio | Steel and oil paint - CD 146\" data-e-action-hash=\"#elementor-action%3Aaction%3Dlightbox%26settings%3DeyJpZCI6MTM1NjgsInVybCI6Imh0dHBzOlwvXC93d3cuc3R1ZGlvbGFjaXR0YS5pdFwvd3AtY29udGVudFwvdXBsb2Fkc1wvMjAyNVwvMTBcL1BFTF80NDI2LXNjYWxlZC5qcGciLCJzbGlkZXNob3ciOiJlZTk2NDc0In0%3D\" href=\"https:\/\/www.studiolacitta.it\/wp-content\/uploads\/2025\/10\/PEL_4426-scaled.jpg\"><figure class=\"swiper-slide-inner\"><img class=\"swiper-slide-image swiper-lazy\" data-src=\"https:\/\/www.studiolacitta.it\/wp-content\/uploads\/2025\/10\/PEL_4426-scaled.jpg\" alt=\"Stuart Arends - Wedge 38 - 2006 - Studio la Citt\u00e0 - Verona - Contemporary Art\" \/><div class=\"swiper-lazy-preloader\"><\/div><\/figure><\/a><\/div><div class=\"swiper-slide\" role=\"group\" aria-roledescription=\"slide\" aria-label=\"18 of 35\"><a data-elementor-open-lightbox=\"yes\" data-elementor-lightbox-slideshow=\"ee96474\" data-elementor-lightbox-title=\"Stuart Arends, Wedge 14, 10,5x30,5x4,5cm, 2006\" data-elementor-lightbox-description=\"Acciaio e colore a olio | Steel and oil paint - CD 142\" data-e-action-hash=\"#elementor-action%3Aaction%3Dlightbox%26settings%3DeyJpZCI6MTM1NjksInVybCI6Imh0dHBzOlwvXC93d3cuc3R1ZGlvbGFjaXR0YS5pdFwvd3AtY29udGVudFwvdXBsb2Fkc1wvMjAyNVwvMTBcL1BFTF80NDMxLXNjYWxlZC5qcGciLCJzbGlkZXNob3ciOiJlZTk2NDc0In0%3D\" href=\"https:\/\/www.studiolacitta.it\/wp-content\/uploads\/2025\/10\/PEL_4431-scaled.jpg\"><figure class=\"swiper-slide-inner\"><img class=\"swiper-slide-image swiper-lazy\" data-src=\"https:\/\/www.studiolacitta.it\/wp-content\/uploads\/2025\/10\/PEL_4431-scaled.jpg\" alt=\"Stuart Arends - Wedge 14 - 2006 - Studio la Citt\u00e0 - Verona - Contemporary Art\" \/><div class=\"swiper-lazy-preloader\"><\/div><\/figure><\/a><\/div><div class=\"swiper-slide\" role=\"group\" aria-roledescription=\"slide\" aria-label=\"19 of 35\"><a data-elementor-open-lightbox=\"yes\" data-elementor-lightbox-slideshow=\"ee96474\" data-elementor-lightbox-title=\"Stuart Arends, H\u00e9l\u00e8ne, 15,5x30,5x4,5cm, 2022\" data-elementor-lightbox-description=\"Olio, matita e inchiostro su legno | Oil, pencil and ink on wood - CD 244\" data-e-action-hash=\"#elementor-action%3Aaction%3Dlightbox%26settings%3DeyJpZCI6MTM1NzAsInVybCI6Imh0dHBzOlwvXC93d3cuc3R1ZGlvbGFjaXR0YS5pdFwvd3AtY29udGVudFwvdXBsb2Fkc1wvMjAyNVwvMTBcL1BFTF80NDQ2LXNjYWxlZC5qcGciLCJzbGlkZXNob3ciOiJlZTk2NDc0In0%3D\" href=\"https:\/\/www.studiolacitta.it\/wp-content\/uploads\/2025\/10\/PEL_4446-scaled.jpg\"><figure class=\"swiper-slide-inner\"><img class=\"swiper-slide-image swiper-lazy\" data-src=\"https:\/\/www.studiolacitta.it\/wp-content\/uploads\/2025\/10\/PEL_4446-scaled.jpg\" alt=\"Stuart Arends - H\u00e9l\u00e8ne - 2022 - Studio la Citt\u00e0 - Verona - Contemporary Art\" \/><div class=\"swiper-lazy-preloader\"><\/div><\/figure><\/a><\/div><div class=\"swiper-slide\" role=\"group\" aria-roledescription=\"slide\" aria-label=\"20 of 35\"><a data-elementor-open-lightbox=\"yes\" data-elementor-lightbox-slideshow=\"ee96474\" data-elementor-lightbox-title=\"Luigi Carboni, Lezione Bianca, 190x42cm, 2002\" data-elementor-lightbox-description=\"Acrilico su tela | Acrylic on canvas - CD 172\" data-e-action-hash=\"#elementor-action%3Aaction%3Dlightbox%26settings%3DeyJpZCI6MTM1NzEsInVybCI6Imh0dHBzOlwvXC93d3cuc3R1ZGlvbGFjaXR0YS5pdFwvd3AtY29udGVudFwvdXBsb2Fkc1wvMjAyNVwvMTBcL1BFTF80NDk0LXNjYWxlZC5qcGciLCJzbGlkZXNob3ciOiJlZTk2NDc0In0%3D\" href=\"https:\/\/www.studiolacitta.it\/wp-content\/uploads\/2025\/10\/PEL_4494-scaled.jpg\"><figure class=\"swiper-slide-inner\"><img class=\"swiper-slide-image swiper-lazy\" data-src=\"https:\/\/www.studiolacitta.it\/wp-content\/uploads\/2025\/10\/PEL_4494-scaled.jpg\" alt=\"Luigi Carboni - Lezione Bianca - 2002 - Studio la Citt\u00e0 - Verona - Contemporary Art\" \/><div class=\"swiper-lazy-preloader\"><\/div><\/figure><\/a><\/div><div class=\"swiper-slide\" role=\"group\" aria-roledescription=\"slide\" aria-label=\"21 of 35\"><a data-elementor-open-lightbox=\"yes\" data-elementor-lightbox-slideshow=\"ee96474\" data-elementor-lightbox-title=\"Il Respiro Nascosto delle Cose\" data-elementor-lightbox-description=\"2025 - Palazzo Oldofredi Tadini Botti, Torre Pallavicina\" data-e-action-hash=\"#elementor-action%3Aaction%3Dlightbox%26settings%3DeyJpZCI6MTM1NzIsInVybCI6Imh0dHBzOlwvXC93d3cuc3R1ZGlvbGFjaXR0YS5pdFwvd3AtY29udGVudFwvdXBsb2Fkc1wvMjAyNVwvMTBcL1BFTF80NTA0LXNjYWxlZC5qcGciLCJzbGlkZXNob3ciOiJlZTk2NDc0In0%3D\" href=\"https:\/\/www.studiolacitta.it\/wp-content\/uploads\/2025\/10\/PEL_4504-scaled.jpg\"><figure class=\"swiper-slide-inner\"><img class=\"swiper-slide-image swiper-lazy\" data-src=\"https:\/\/www.studiolacitta.it\/wp-content\/uploads\/2025\/10\/PEL_4504-scaled.jpg\" alt=\"Il Respiro Nascosto delle Cose - 2025 - Studio la Citt\u00e0 - Verona - Contemporary Art\" \/><div class=\"swiper-lazy-preloader\"><\/div><\/figure><\/a><\/div><div class=\"swiper-slide\" role=\"group\" aria-roledescription=\"slide\" aria-label=\"22 of 35\"><a data-elementor-open-lightbox=\"yes\" data-elementor-lightbox-slideshow=\"ee96474\" data-elementor-lightbox-title=\"Il Respiro Nascosto delle Cose\" data-elementor-lightbox-description=\"2025 - Palazzo Oldofredi Tadini Botti, Torre Pallavicina\" data-e-action-hash=\"#elementor-action%3Aaction%3Dlightbox%26settings%3DeyJpZCI6MTM1NzMsInVybCI6Imh0dHBzOlwvXC93d3cuc3R1ZGlvbGFjaXR0YS5pdFwvd3AtY29udGVudFwvdXBsb2Fkc1wvMjAyNVwvMTBcL1BFTF80NTA2LXNjYWxlZC5qcGciLCJzbGlkZXNob3ciOiJlZTk2NDc0In0%3D\" href=\"https:\/\/www.studiolacitta.it\/wp-content\/uploads\/2025\/10\/PEL_4506-scaled.jpg\"><figure class=\"swiper-slide-inner\"><img class=\"swiper-slide-image swiper-lazy\" data-src=\"https:\/\/www.studiolacitta.it\/wp-content\/uploads\/2025\/10\/PEL_4506-scaled.jpg\" alt=\"Il Respiro Nascosto delle Cose - 2025 - Studio la Citt\u00e0 - Verona - Contemporary Art\" \/><div class=\"swiper-lazy-preloader\"><\/div><\/figure><\/a><\/div><div class=\"swiper-slide\" role=\"group\" aria-roledescription=\"slide\" aria-label=\"23 of 35\"><a data-elementor-open-lightbox=\"yes\" data-elementor-lightbox-slideshow=\"ee96474\" data-elementor-lightbox-title=\"Vincenzo Castella, Orto botanico, Palma di Goethe Coltivata nell&#039;Orto Antico, 50x150cm, 2020\/2021\" data-elementor-lightbox-description=\"Stampa a colori su carta kozo 42g | Color printing on 42g Kozo paper - CD 218\" data-e-action-hash=\"#elementor-action%3Aaction%3Dlightbox%26settings%3DeyJpZCI6MTM1NzQsInVybCI6Imh0dHBzOlwvXC93d3cuc3R1ZGlvbGFjaXR0YS5pdFwvd3AtY29udGVudFwvdXBsb2Fkc1wvMjAyNVwvMTBcL1BFTF80NTEwLXNjYWxlZC5qcGciLCJzbGlkZXNob3ciOiJlZTk2NDc0In0%3D\" href=\"https:\/\/www.studiolacitta.it\/wp-content\/uploads\/2025\/10\/PEL_4510-scaled.jpg\"><figure class=\"swiper-slide-inner\"><img class=\"swiper-slide-image swiper-lazy\" data-src=\"https:\/\/www.studiolacitta.it\/wp-content\/uploads\/2025\/10\/PEL_4510-scaled.jpg\" alt=\"Vincenzo Castella - Orto botanico, Palma di Goethe Coltivata nell&#039;Orto Antico - 2020\/2021 - Studiamo la Citt\u00e0 - Verona - Contemporary Art\" \/><div class=\"swiper-lazy-preloader\"><\/div><\/figure><\/a><\/div><div class=\"swiper-slide\" role=\"group\" aria-roledescription=\"slide\" aria-label=\"24 of 35\"><a data-elementor-open-lightbox=\"yes\" data-elementor-lightbox-slideshow=\"ee96474\" data-elementor-lightbox-title=\"Gabriele Basilico, Napoli 2004 \/ 04A10-2, 99x126cm, 2007 + Emil Lukas, #2280 From Lower Right, 76,2x121,92x5,08cm, 2024\" data-elementor-lightbox-description=\"Stampa a pigmenti puri | Pure pigmented print - CD 014 + Acrilico su tela su legno | Acrylic on canvas on wood - CD 273\" data-e-action-hash=\"#elementor-action%3Aaction%3Dlightbox%26settings%3DeyJpZCI6MTM1NzUsInVybCI6Imh0dHBzOlwvXC93d3cuc3R1ZGlvbGFjaXR0YS5pdFwvd3AtY29udGVudFwvdXBsb2Fkc1wvMjAyNVwvMTBcL1BFTF80NTQ4LXNjYWxlZC5qcGciLCJzbGlkZXNob3ciOiJlZTk2NDc0In0%3D\" href=\"https:\/\/www.studiolacitta.it\/wp-content\/uploads\/2025\/10\/PEL_4548-scaled.jpg\"><figure class=\"swiper-slide-inner\"><img class=\"swiper-slide-image swiper-lazy\" data-src=\"https:\/\/www.studiolacitta.it\/wp-content\/uploads\/2025\/10\/PEL_4548-scaled.jpg\" alt=\"Gabriele Basilico - Napoli 2004 \/ 04A10-2 - 2007 - Studiamo la Citt\u00e0 - Verona - Contemporary Art + Emil Lukas - #2280 From Lower Right - 2024 - Studio la Citt\u00e0 - Verona - Contemporary Art\" \/><div class=\"swiper-lazy-preloader\"><\/div><\/figure><\/a><\/div><div class=\"swiper-slide\" role=\"group\" aria-roledescription=\"slide\" aria-label=\"25 of 35\"><a data-elementor-open-lightbox=\"yes\" data-elementor-lightbox-slideshow=\"ee96474\" data-elementor-lightbox-title=\"Emil Lukas, #2216 Tendency, 83,82x63,5x5,98cm, 2024 + #2231, 38,1x30,4x5,08cm, 2024\" data-elementor-lightbox-description=\"Inchiostro su vetro e carta con grafite e carboncino in cornice di legno dipinto | Ink on glass and paper with graphite and charcoal in a painted wooden frame - CD 284\/CD 280\" data-e-action-hash=\"#elementor-action%3Aaction%3Dlightbox%26settings%3DeyJpZCI6MTM1NzYsInVybCI6Imh0dHBzOlwvXC93d3cuc3R1ZGlvbGFjaXR0YS5pdFwvd3AtY29udGVudFwvdXBsb2Fkc1wvMjAyNVwvMTBcL1BFTF80NTc1LXNjYWxlZC5qcGciLCJzbGlkZXNob3ciOiJlZTk2NDc0In0%3D\" href=\"https:\/\/www.studiolacitta.it\/wp-content\/uploads\/2025\/10\/PEL_4575-scaled.jpg\"><figure class=\"swiper-slide-inner\"><img class=\"swiper-slide-image swiper-lazy\" data-src=\"https:\/\/www.studiolacitta.it\/wp-content\/uploads\/2025\/10\/PEL_4575-scaled.jpg\" alt=\"Emil Lukas - #2216 Tendency - 2024 - Studio la Citt\u00e0 - Verona - Contemporary Art + Emil Lukas - #2231 - 2024 - Studio la Citt\u00e0 - Verona - Contemporary Art\" \/><div class=\"swiper-lazy-preloader\"><\/div><\/figure><\/a><\/div><div class=\"swiper-slide\" role=\"group\" aria-roledescription=\"slide\" aria-label=\"26 of 35\"><a data-elementor-open-lightbox=\"yes\" data-elementor-lightbox-slideshow=\"ee96474\" data-elementor-lightbox-title=\"Gabriele Basilico, Napoli 2004 \/ 04A10-11, 99x126cm, 2007\" data-elementor-lightbox-description=\"Stampa a pigmenti puri | Pure pigmented print - CD 015\" data-e-action-hash=\"#elementor-action%3Aaction%3Dlightbox%26settings%3DeyJpZCI6MTM1NzcsInVybCI6Imh0dHBzOlwvXC93d3cuc3R1ZGlvbGFjaXR0YS5pdFwvd3AtY29udGVudFwvdXBsb2Fkc1wvMjAyNVwvMTBcL1BFTF80NjAzLXNjYWxlZC5qcGciLCJzbGlkZXNob3ciOiJlZTk2NDc0In0%3D\" href=\"https:\/\/www.studiolacitta.it\/wp-content\/uploads\/2025\/10\/PEL_4603-scaled.jpg\"><figure class=\"swiper-slide-inner\"><img class=\"swiper-slide-image swiper-lazy\" data-src=\"https:\/\/www.studiolacitta.it\/wp-content\/uploads\/2025\/10\/PEL_4603-scaled.jpg\" alt=\"Gabriele Basilico - Napoli 2004 \/ 04A10-11 - 2007 - Studiamo la Citt\u00e0 - Verona - Contemporary Art\" \/><div class=\"swiper-lazy-preloader\"><\/div><\/figure><\/a><\/div><div class=\"swiper-slide\" role=\"group\" aria-roledescription=\"slide\" aria-label=\"27 of 35\"><a data-elementor-open-lightbox=\"yes\" data-elementor-lightbox-slideshow=\"ee96474\" data-elementor-lightbox-title=\"Eelco Brand, Heuvels, 90x140cm, 2006\" data-elementor-lightbox-description=\"Stampa C-print e dibond | C-print and dibond - CD 013\" data-e-action-hash=\"#elementor-action%3Aaction%3Dlightbox%26settings%3DeyJpZCI6MTM1NzgsInVybCI6Imh0dHBzOlwvXC93d3cuc3R1ZGlvbGFjaXR0YS5pdFwvd3AtY29udGVudFwvdXBsb2Fkc1wvMjAyNVwvMTBcL1BFTF80NjA3LXNjYWxlZC5qcGciLCJzbGlkZXNob3ciOiJlZTk2NDc0In0%3D\" href=\"https:\/\/www.studiolacitta.it\/wp-content\/uploads\/2025\/10\/PEL_4607-scaled.jpg\"><figure class=\"swiper-slide-inner\"><img class=\"swiper-slide-image swiper-lazy\" data-src=\"https:\/\/www.studiolacitta.it\/wp-content\/uploads\/2025\/10\/PEL_4607-scaled.jpg\" alt=\"Eelco Brand - Heuvels - 2006 - Studio la Citt\u00e0 - Verona - Contemporary Art\" \/><div class=\"swiper-lazy-preloader\"><\/div><\/figure><\/a><\/div><div class=\"swiper-slide\" role=\"group\" aria-roledescription=\"slide\" aria-label=\"28 of 35\"><a data-elementor-open-lightbox=\"yes\" data-elementor-lightbox-slideshow=\"ee96474\" data-elementor-lightbox-title=\"Eelco Brand, Sparbos 2, 50x50cm, 2006\" data-elementor-lightbox-description=\"Stampa C-print | C-print - CD 027\" data-e-action-hash=\"#elementor-action%3Aaction%3Dlightbox%26settings%3DeyJpZCI6MTM1NzksInVybCI6Imh0dHBzOlwvXC93d3cuc3R1ZGlvbGFjaXR0YS5pdFwvd3AtY29udGVudFwvdXBsb2Fkc1wvMjAyNVwvMTBcL1BFTF80NjE4LXNjYWxlZC5qcGciLCJzbGlkZXNob3ciOiJlZTk2NDc0In0%3D\" href=\"https:\/\/www.studiolacitta.it\/wp-content\/uploads\/2025\/10\/PEL_4618-scaled.jpg\"><figure class=\"swiper-slide-inner\"><img class=\"swiper-slide-image swiper-lazy\" data-src=\"https:\/\/www.studiolacitta.it\/wp-content\/uploads\/2025\/10\/PEL_4618-scaled.jpg\" alt=\"Eelco Brand - Sparbos 2 - 2006 - Studio la Citt\u00e0 - Verona - Contemporary Art\" \/><div class=\"swiper-lazy-preloader\"><\/div><\/figure><\/a><\/div><div class=\"swiper-slide\" role=\"group\" aria-roledescription=\"slide\" aria-label=\"29 of 35\"><a data-elementor-open-lightbox=\"yes\" data-elementor-lightbox-slideshow=\"ee96474\" data-elementor-lightbox-title=\"Herbert Hamak, O.T H1289N, 39,9x39,9x11cm, 2012 + Jacob Hashimoto, The Last One Leaves a Bitter Taste, 92,07x61,27x4,12cm, 2023\" data-elementor-lightbox-description=\"Resina e pigmenti su tela | Resin and pigments on canvas - CD 818 + Acrilico su tela | Acrylic on canvas - CD 366\" data-e-action-hash=\"#elementor-action%3Aaction%3Dlightbox%26settings%3DeyJpZCI6MTM1ODAsInVybCI6Imh0dHBzOlwvXC93d3cuc3R1ZGlvbGFjaXR0YS5pdFwvd3AtY29udGVudFwvdXBsb2Fkc1wvMjAyNVwvMTBcL1BFTF80Njk4LXNjYWxlZC5qcGciLCJzbGlkZXNob3ciOiJlZTk2NDc0In0%3D\" href=\"https:\/\/www.studiolacitta.it\/wp-content\/uploads\/2025\/10\/PEL_4698-scaled.jpg\"><figure class=\"swiper-slide-inner\"><img class=\"swiper-slide-image swiper-lazy\" data-src=\"https:\/\/www.studiolacitta.it\/wp-content\/uploads\/2025\/10\/PEL_4698-scaled.jpg\" alt=\"Herbert Hamak - O.T H1289N - 2012 - Studio la Citt\u00e0 - Verona - Contemporary Art + Jacob Hashimoto - The Last One Leaves a Bitter Taste - 2023 - Studiamo la Citt\u00e0 - Verona - Contemporary Art\" \/><div class=\"swiper-lazy-preloader\"><\/div><\/figure><\/a><\/div><div class=\"swiper-slide\" role=\"group\" aria-roledescription=\"slide\" aria-label=\"30 of 35\"><a data-elementor-open-lightbox=\"yes\" data-elementor-lightbox-slideshow=\"ee96474\" data-elementor-lightbox-title=\"Herbert Hamak, O.T H1289N, 39,9x39,9x11cm, 2012 + Jacob Hashimoto, The Last One Leaves a Bitter Taste, 92,07x61,27x4,12cm, 2023\" data-elementor-lightbox-description=\"Resina e pigmenti su tela | Resin and pigments on canvas - CD 818 + Acrilico su tela | Acrylic on canvas - CD 366\" data-e-action-hash=\"#elementor-action%3Aaction%3Dlightbox%26settings%3DeyJpZCI6MTM1ODEsInVybCI6Imh0dHBzOlwvXC93d3cuc3R1ZGlvbGFjaXR0YS5pdFwvd3AtY29udGVudFwvdXBsb2Fkc1wvMjAyNVwvMTBcL1BFTF80NzA2LXNjYWxlZC5qcGciLCJzbGlkZXNob3ciOiJlZTk2NDc0In0%3D\" href=\"https:\/\/www.studiolacitta.it\/wp-content\/uploads\/2025\/10\/PEL_4706-scaled.jpg\"><figure class=\"swiper-slide-inner\"><img class=\"swiper-slide-image swiper-lazy\" data-src=\"https:\/\/www.studiolacitta.it\/wp-content\/uploads\/2025\/10\/PEL_4706-scaled.jpg\" alt=\"Herbert Hamak - O.T H1289N - 2012 - Studio la Citt\u00e0 - Verona - Contemporary Art + Jacob Hashimoto - The Last One Leaves a Bitter Taste - 2023 - Studiamo la Citt\u00e0 - Verona - Contemporary Art\" \/><div class=\"swiper-lazy-preloader\"><\/div><\/figure><\/a><\/div><div class=\"swiper-slide\" role=\"group\" aria-roledescription=\"slide\" aria-label=\"31 of 35\"><a data-elementor-open-lightbox=\"yes\" data-elementor-lightbox-slideshow=\"ee96474\" data-elementor-lightbox-title=\"Eelco Brand, Sparheuvels, 90x160cm, 2006\" data-elementor-lightbox-description=\"Stampa C-print | C-print - CD 014\" data-e-action-hash=\"#elementor-action%3Aaction%3Dlightbox%26settings%3DeyJpZCI6MTM1ODIsInVybCI6Imh0dHBzOlwvXC93d3cuc3R1ZGlvbGFjaXR0YS5pdFwvd3AtY29udGVudFwvdXBsb2Fkc1wvMjAyNVwvMTBcL1BFTF80NzE0LXNjYWxlZC5qcGciLCJzbGlkZXNob3ciOiJlZTk2NDc0In0%3D\" href=\"https:\/\/www.studiolacitta.it\/wp-content\/uploads\/2025\/10\/PEL_4714-scaled.jpg\"><figure class=\"swiper-slide-inner\"><img class=\"swiper-slide-image swiper-lazy\" data-src=\"https:\/\/www.studiolacitta.it\/wp-content\/uploads\/2025\/10\/PEL_4714-scaled.jpg\" alt=\"Eelco Brand - Sparheuvels - 2006 - Studio la Citt\u00e0 - Verona - Contemporary Art\" \/><div class=\"swiper-lazy-preloader\"><\/div><\/figure><\/a><\/div><div class=\"swiper-slide\" role=\"group\" aria-roledescription=\"slide\" aria-label=\"32 of 35\"><a data-elementor-open-lightbox=\"yes\" data-elementor-lightbox-slideshow=\"ee96474\" data-elementor-lightbox-title=\"Anna Galtarossa, Dungeon Lullaby, 140x135x200cm, 2025\" data-elementor-lightbox-description=\"Bamb\u00f9, acrilico, filo di lana sintetica, stoffa, ventilatore e luce | Bamboo, acrylic, synthetic wool yarn, fabric, fan, and light - CD 145\" data-e-action-hash=\"#elementor-action%3Aaction%3Dlightbox%26settings%3DeyJpZCI6MTM1ODMsInVybCI6Imh0dHBzOlwvXC93d3cuc3R1ZGlvbGFjaXR0YS5pdFwvd3AtY29udGVudFwvdXBsb2Fkc1wvMjAyNVwvMTBcL1BFTF80NzI3LXNjYWxlZC5qcGciLCJzbGlkZXNob3ciOiJlZTk2NDc0In0%3D\" href=\"https:\/\/www.studiolacitta.it\/wp-content\/uploads\/2025\/10\/PEL_4727-scaled.jpg\"><figure class=\"swiper-slide-inner\"><img class=\"swiper-slide-image swiper-lazy\" data-src=\"https:\/\/www.studiolacitta.it\/wp-content\/uploads\/2025\/10\/PEL_4727-scaled.jpg\" alt=\"Anna Galtarossa - Dungeon Lullaby - 2025 - Studio la Citt\u00e0 - Verona - Contemporary Art\" \/><div class=\"swiper-lazy-preloader\"><\/div><\/figure><\/a><\/div><div class=\"swiper-slide\" role=\"group\" aria-roledescription=\"slide\" aria-label=\"33 of 35\"><a data-elementor-open-lightbox=\"yes\" data-elementor-lightbox-slideshow=\"ee96474\" data-elementor-lightbox-title=\"Hiroyuki Masuyama, November 06.11.2005, 47x140x13cm, 2006\" data-elementor-lightbox-description=\"Lightbox - CD 147\" data-e-action-hash=\"#elementor-action%3Aaction%3Dlightbox%26settings%3DeyJpZCI6MTM1ODQsInVybCI6Imh0dHBzOlwvXC93d3cuc3R1ZGlvbGFjaXR0YS5pdFwvd3AtY29udGVudFwvdXBsb2Fkc1wvMjAyNVwvMTBcL1BFTF80NzU2LXNjYWxlZC5qcGciLCJzbGlkZXNob3ciOiJlZTk2NDc0In0%3D\" href=\"https:\/\/www.studiolacitta.it\/wp-content\/uploads\/2025\/10\/PEL_4756-scaled.jpg\"><figure class=\"swiper-slide-inner\"><img class=\"swiper-slide-image swiper-lazy\" data-src=\"https:\/\/www.studiolacitta.it\/wp-content\/uploads\/2025\/10\/PEL_4756-scaled.jpg\" alt=\"Hiroyuki Masuyama - November 06.11.2005 - 2006 - Studio la Citt\u00e0 - Verona - Contemporary Art\" \/><div class=\"swiper-lazy-preloader\"><\/div><\/figure><\/a><\/div><div class=\"swiper-slide\" role=\"group\" aria-roledescription=\"slide\" aria-label=\"34 of 35\"><a data-elementor-open-lightbox=\"yes\" data-elementor-lightbox-slideshow=\"ee96474\" data-elementor-lightbox-title=\"Hiroyuki Masuyama, Roverella 21.07.2007\/14.00-22.07.2007\/14.00 24h, 40x200x4cm, 2007\" data-elementor-lightbox-description=\"Lightbox a LED | LED Lightbox - CD 188\" data-e-action-hash=\"#elementor-action%3Aaction%3Dlightbox%26settings%3DeyJpZCI6MTM1ODUsInVybCI6Imh0dHBzOlwvXC93d3cuc3R1ZGlvbGFjaXR0YS5pdFwvd3AtY29udGVudFwvdXBsb2Fkc1wvMjAyNVwvMTBcL1BFTF80NzY5LXNjYWxlZC5qcGciLCJzbGlkZXNob3ciOiJlZTk2NDc0In0%3D\" href=\"https:\/\/www.studiolacitta.it\/wp-content\/uploads\/2025\/10\/PEL_4769-scaled.jpg\"><figure class=\"swiper-slide-inner\"><img class=\"swiper-slide-image swiper-lazy\" data-src=\"https:\/\/www.studiolacitta.it\/wp-content\/uploads\/2025\/10\/PEL_4769-scaled.jpg\" alt=\"Hiroyuki Masuyama - Roverella 21.07.2007\/14.00-22.07.2007\/14.00 24h - 2007- Studio la Citt\u00e0 - Verona - Contemporary Art\" \/><div class=\"swiper-lazy-preloader\"><\/div><\/figure><\/a><\/div><div class=\"swiper-slide\" role=\"group\" aria-roledescription=\"slide\" aria-label=\"35 of 35\"><a data-elementor-open-lightbox=\"yes\" data-elementor-lightbox-slideshow=\"ee96474\" data-elementor-lightbox-title=\"Composizione di 4 Totem - 202\/2024\/2025\" data-elementor-lightbox-description=\"Acrilico e colori industriali su alluminio | Acrylic and industrial paints on aluminum - CD 089\/090\/091\/092\" data-e-action-hash=\"#elementor-action%3Aaction%3Dlightbox%26settings%3DeyJpZCI6MTM1ODYsInVybCI6Imh0dHBzOlwvXC93d3cuc3R1ZGlvbGFjaXR0YS5pdFwvd3AtY29udGVudFwvdXBsb2Fkc1wvMjAyNVwvMTBcL1BFTF80ODM0LXNjYWxlZC5qcGciLCJzbGlkZXNob3ciOiJlZTk2NDc0In0%3D\" href=\"https:\/\/www.studiolacitta.it\/wp-content\/uploads\/2025\/10\/PEL_4834-scaled.jpg\"><figure class=\"swiper-slide-inner\"><img class=\"swiper-slide-image swiper-lazy\" data-src=\"https:\/\/www.studiolacitta.it\/wp-content\/uploads\/2025\/10\/PEL_4834-scaled.jpg\" alt=\"Franco Passalacqua - Totem - 202\/2024\/2025 - Studio la Citt\u00e0 - Verona - Contemporary Art\" \/><div class=\"swiper-lazy-preloader\"><\/div><\/figure><\/a><\/div>\t\t\t<\/div>\n\t\t\t\t\t\t\t\t\t\t\t\t<div class=\"elementor-swiper-button elementor-swiper-button-prev\" role=\"button\" tabindex=\"0\">\n\t\t\t\t\t\t<svg aria-hidden=\"true\" class=\"e-font-icon-svg e-eicon-chevron-left\" viewBox=\"0 0 1000 1000\" xmlns=\"http:\/\/www.w3.org\/2000\/svg\"><path d=\"M646 125C629 125 613 133 604 142L308 442C296 454 292 471 292 487 292 504 296 521 308 533L604 854C617 867 629 875 646 875 663 875 679 871 692 858 704 846 713 829 713 812 713 796 708 779 692 767L438 487 692 225C700 217 708 204 708 187 708 171 704 154 692 142 675 129 663 125 646 125Z\"><\/path><\/svg>\t\t\t\t\t<\/div>\n\t\t\t\t\t<div class=\"elementor-swiper-button elementor-swiper-button-next\" role=\"button\" tabindex=\"0\">\n\t\t\t\t\t\t<svg aria-hidden=\"true\" class=\"e-font-icon-svg e-eicon-chevron-right\" viewBox=\"0 0 1000 1000\" xmlns=\"http:\/\/www.w3.org\/2000\/svg\"><path d=\"M696 533C708 521 713 504 713 487 713 471 708 454 696 446L400 146C388 133 375 125 354 125 338 125 325 129 313 142 300 154 292 171 292 187 292 204 296 221 308 233L563 492 304 771C292 783 288 800 288 817 288 833 296 850 308 863 321 871 338 875 354 875 371 875 388 867 400 854L696 533Z\"><\/path><\/svg>\t\t\t\t\t<\/div>\n\t\t\t\t\n\t\t\t\t\t\t\t\t\t<\/div>\n\t\t\t\t\t\t<\/div>\n\t\t\t\t\t<\/div>\n\t\t\t\t<\/div>\n\t\t\t\t\t<\/div>\n\t\t<\/div>\n\t\t\t\t\t\t<\/div>\n\t\t\t\t\t<\/div>\n\t\t\t\t<\/div>\n\t\t<div id=\"e-n-tab-content-1324294404\" role=\"tabpanel\" aria-labelledby=\"e-n-tab-title-1324294404\" data-tab-index=\"4\" style=\"--n-tabs-title-order: 4;\" class=\" elementor-element elementor-element-64f373ad e-flex e-con-boxed e-con e-child\" data-id=\"64f373ad\" data-element_type=\"container\" data-e-type=\"container\">\n\t\t\t\t\t<div class=\"e-con-inner\">\n\t\t\t\t<div class=\"elementor-element elementor-element-3295fa2f elementor-grid-eael-col-4 elementor-grid-tablet-eael-col-2 elementor-grid-mobile-eael-col-1 elementor-widget elementor-widget-eael-post-grid\" data-id=\"3295fa2f\" data-element_type=\"widget\" data-e-type=\"widget\" data-settings=\"{&quot;eael_post_grid_columns&quot;:&quot;eael-col-4&quot;,&quot;eael_post_grid_columns_tablet&quot;:&quot;eael-col-2&quot;,&quot;eael_post_grid_columns_mobile&quot;:&quot;eael-col-1&quot;}\" data-widget_type=\"eael-post-grid.default\">\n\t\t\t\t\t<div id=\"eael-post-grid-3295fa2f\" class=\"eael-post-grid-container\">\n            <div class=\"eael-post-grid eael-post-appender eael-post-appender-3295fa2f eael-post-grid-style-two\" data-layout-mode=\"grid\"><article class=\"eael-grid-post  eael-post-grid-column eael-pg-post-13836 category-artist tags-stuart-arends\" data-id=\"13836\">\n    <div class=\"eael-grid-post-holder\">\n        <div class=\"eael-grid-post-holder-inner\"><div class=\"eael-entry-wrapper\"><header class=\"eael-entry-header\"><h2 class=\"eael-entry-title\"><a class=\"eael-grid-post-link\" href=\"https:\/\/www.studiolacitta.it\/en\/artist\/stuart-arends\/\" title=\"Stuart Arends\"target=\"_blank\">Stuart Arends<\/a><\/h2><\/header><\/div><\/div>\n    <\/div>\n<\/article><article class=\"eael-grid-post  eael-post-grid-column eael-pg-post-13993 category-artist tags-gabriele-basilico\" data-id=\"13993\">\n    <div class=\"eael-grid-post-holder\">\n        <div class=\"eael-grid-post-holder-inner\"><div class=\"eael-entry-wrapper\"><header class=\"eael-entry-header\"><h2 class=\"eael-entry-title\"><a class=\"eael-grid-post-link\" href=\"https:\/\/www.studiolacitta.it\/en\/artist\/gabriele-basilico\/\" title=\"Gabriele Basilico\"target=\"_blank\">Gabriele Basilico<\/a><\/h2><\/header><\/div><\/div>\n    <\/div>\n<\/article><article class=\"eael-grid-post  eael-post-grid-column eael-pg-post-14013 category-artist tags-eelco-brand\" data-id=\"14013\">\n    <div class=\"eael-grid-post-holder\">\n        <div class=\"eael-grid-post-holder-inner\"><div class=\"eael-entry-wrapper\"><header class=\"eael-entry-header\"><h2 class=\"eael-entry-title\"><a class=\"eael-grid-post-link\" href=\"https:\/\/www.studiolacitta.it\/en\/artist\/eelco-brand\/\" title=\"Eelco Brand\"target=\"_blank\">Eelco Brand<\/a><\/h2><\/header><\/div><\/div>\n    <\/div>\n<\/article><article class=\"eael-grid-post  eael-post-grid-column eael-pg-post-14019 category-artist-artista tags-luigi-carboni\" data-id=\"14019\">\n    <div class=\"eael-grid-post-holder\">\n        <div class=\"eael-grid-post-holder-inner\"><div class=\"eael-entry-wrapper\"><header class=\"eael-entry-header\"><h2 class=\"eael-entry-title\"><a class=\"eael-grid-post-link\" href=\"https:\/\/www.studiolacitta.it\/en\/artist\/luigi-carboni\/\" title=\"Luigi Carboni\"target=\"_blank\">Luigi Carboni<\/a><\/h2><\/header><\/div><\/div>\n    <\/div>\n<\/article><article class=\"eael-grid-post  eael-post-grid-column eael-pg-post-14033 category-artist tags-vincenzo-castella\" data-id=\"14033\">\n    <div class=\"eael-grid-post-holder\">\n        <div class=\"eael-grid-post-holder-inner\"><div class=\"eael-entry-wrapper\"><header class=\"eael-entry-header\"><h2 class=\"eael-entry-title\"><a class=\"eael-grid-post-link\" href=\"https:\/\/www.studiolacitta.it\/en\/artist\/vincenzo-castella\/\" title=\"Vincenzo Castella\"target=\"_blank\">Vincenzo Castella<\/a><\/h2><\/header><\/div><\/div>\n    <\/div>\n<\/article><article class=\"eael-grid-post  eael-post-grid-column eael-pg-post-14052 category-artist tags-arthur-du%ef%ac%80\" data-id=\"14052\">\n    <div class=\"eael-grid-post-holder\">\n        <div class=\"eael-grid-post-holder-inner\"><div class=\"eael-entry-wrapper\"><header class=\"eael-entry-header\"><h2 class=\"eael-entry-title\"><a class=\"eael-grid-post-link\" href=\"https:\/\/www.studiolacitta.it\/en\/artist\/arthur-duff\/\" title=\"Arthur Duff\"target=\"_blank\">Arthur Duff<\/a><\/h2><\/header><\/div><\/div>\n    <\/div>\n<\/article><article class=\"eael-grid-post  eael-post-grid-column eael-pg-post-14064 category-artist tags-anna-galtarossa\" data-id=\"14064\">\n    <div class=\"eael-grid-post-holder\">\n        <div class=\"eael-grid-post-holder-inner\"><div class=\"eael-entry-wrapper\"><header class=\"eael-entry-header\"><h2 class=\"eael-entry-title\"><a class=\"eael-grid-post-link\" href=\"https:\/\/www.studiolacitta.it\/en\/artist\/anna-galtarossa\/\" title=\"Anna Galtarossa\"target=\"_blank\">Anna Galtarossa<\/a><\/h2><\/header><\/div><\/div>\n    <\/div>\n<\/article><article class=\"eael-grid-post  eael-post-grid-column eael-pg-post-14073 category-artist tags-herbert-hamak\" data-id=\"14073\">\n    <div class=\"eael-grid-post-holder\">\n        <div class=\"eael-grid-post-holder-inner\"><div class=\"eael-entry-wrapper\"><header class=\"eael-entry-header\"><h2 class=\"eael-entry-title\"><a class=\"eael-grid-post-link\" href=\"https:\/\/www.studiolacitta.it\/en\/artist\/herbert-hamak\/\" title=\"Herbert Hamak\"target=\"_blank\">Herbert Hamak<\/a><\/h2><\/header><\/div><\/div>\n    <\/div>\n<\/article><article class=\"eael-grid-post  eael-post-grid-column eael-pg-post-14082 category-artist tags-jacob-hashimoto\" data-id=\"14082\">\n    <div class=\"eael-grid-post-holder\">\n        <div class=\"eael-grid-post-holder-inner\"><div class=\"eael-entry-wrapper\"><header class=\"eael-entry-header\"><h2 class=\"eael-entry-title\"><a class=\"eael-grid-post-link\" href=\"https:\/\/www.studiolacitta.it\/en\/artist\/jacob-hashimoto\/\" title=\"Jacob Hashimoto\"target=\"_blank\">Jacob Hashimoto<\/a><\/h2><\/header><\/div><\/div>\n    <\/div>\n<\/article><article class=\"eael-grid-post  eael-post-grid-column eael-pg-post-14106 category-artist tags-emil-lukas\" data-id=\"14106\">\n    <div class=\"eael-grid-post-holder\">\n        <div class=\"eael-grid-post-holder-inner\"><div class=\"eael-entry-wrapper\"><header class=\"eael-entry-header\"><h2 class=\"eael-entry-title\"><a class=\"eael-grid-post-link\" href=\"https:\/\/www.studiolacitta.it\/en\/artist\/emil-lukas\/\" title=\"Emil Lukas\"target=\"_blank\">Emil Lukas<\/a><\/h2><\/header><\/div><\/div>\n    <\/div>\n<\/article><article class=\"eael-grid-post  eael-post-grid-column eael-pg-post-14097 category-artist tags-julia-mangold\" data-id=\"14097\">\n    <div class=\"eael-grid-post-holder\">\n        <div class=\"eael-grid-post-holder-inner\"><div class=\"eael-entry-wrapper\"><header class=\"eael-entry-header\"><h2 class=\"eael-entry-title\"><a class=\"eael-grid-post-link\" href=\"https:\/\/www.studiolacitta.it\/en\/artist\/julia-mangold\/\" title=\"Julia Mangold\"target=\"_blank\">Julia Mangold<\/a><\/h2><\/header><\/div><\/div>\n    <\/div>\n<\/article><article class=\"eael-grid-post  eael-post-grid-column eael-pg-post-14118 category-artist tags-hiroyuki-masuyama\" data-id=\"14118\">\n    <div class=\"eael-grid-post-holder\">\n        <div class=\"eael-grid-post-holder-inner\"><div class=\"eael-entry-wrapper\"><header class=\"eael-entry-header\"><h2 class=\"eael-entry-title\"><a class=\"eael-grid-post-link\" href=\"https:\/\/www.studiolacitta.it\/en\/artist\/hiroyuki-masuyama\/\" title=\"Hiroyuki Masuyama\"target=\"_blank\">Hiroyuki Masuyama<\/a><\/h2><\/header><\/div><\/div>\n    <\/div>\n<\/article><article class=\"eael-grid-post  eael-post-grid-column eael-pg-post-14127 category-artist tags-franco-passalacqua\" data-id=\"14127\">\n    <div class=\"eael-grid-post-holder\">\n        <div class=\"eael-grid-post-holder-inner\"><div class=\"eael-entry-wrapper\"><header class=\"eael-entry-header\"><h2 class=\"eael-entry-title\"><a class=\"eael-grid-post-link\" href=\"https:\/\/www.studiolacitta.it\/en\/artist\/franco-passalacqua\/\" title=\"Franco Passalacqua\"target=\"_blank\">Franco Passalacqua<\/a><\/h2><\/header><\/div><\/div>\n    <\/div>\n<\/article><\/div>\n            <div class=\"clearfix\"><\/div>\n        <\/div>\t\t\t\t<\/div>\n\t\t\t\t\t<\/div>\n\t\t\t\t<\/div>\n\t\t<div id=\"e-n-tab-content-1324294405\" role=\"tabpanel\" aria-labelledby=\"no-video-pochi\" data-tab-index=\"5\" style=\"--n-tabs-title-order: 5;\" class=\" elementor-element elementor-element-39347ebd e-flex e-con-boxed e-con e-child\" data-id=\"39347ebd\" data-element_type=\"container\" data-e-type=\"container\">\n\t\t\t\t\t<div class=\"e-con-inner\">\n\t\t\t\t\t<\/div>\n\t\t\t\t<\/div>\n\t\t<div id=\"e-n-tab-content-1324294406\" role=\"tabpanel\" aria-labelledby=\"e-n-tab-title-1324294406\" data-tab-index=\"6\" style=\"--n-tabs-title-order: 6;\" class=\" elementor-element elementor-element-3b525a e-flex e-con-boxed e-con e-child\" data-id=\"3b525a\" data-element_type=\"container\" data-e-type=\"container\">\n\t\t\t\t\t<div class=\"e-con-inner\">\n\t\t\t\t<div class=\"elementor-element elementor-element-22c3ec7 elementor-grid-eael-col-5 elementor-grid-tablet-eael-col-2 elementor-grid-mobile-eael-col-1 elementor-widget elementor-widget-eael-post-grid\" data-id=\"22c3ec7\" data-element_type=\"widget\" data-e-type=\"widget\" data-settings=\"{&quot;eael_post_grid_columns&quot;:&quot;eael-col-5&quot;,&quot;eael_post_grid_columns_tablet&quot;:&quot;eael-col-2&quot;,&quot;eael_post_grid_columns_mobile&quot;:&quot;eael-col-1&quot;}\" data-widget_type=\"eael-post-grid.default\">\n\t\t\t\t\t<div id=\"eael-post-grid-22c3ec7\" class=\"eael-post-grid-container\">\n            <div class=\"eael-post-grid eael-post-appender eael-post-appender-22c3ec7 eael-post-grid-style-two\" data-layout-mode=\"grid\"><article class=\"eael-grid-post  eael-post-grid-column eael-pg-post-14260 category-publications tags-il-respiro-nascosto-delle-cose\" data-id=\"14260\">\n    <div class=\"eael-grid-post-holder\">\n        <div class=\"eael-grid-post-holder-inner\"><div class=\"eael-entry-media\"><div class=\"eael-entry-overlay fade-in\"><i class=\"fas fa-long-arrow-alt-right\" aria-hidden=\"true\"><\/i><a href=\"https:\/\/www.studiolacitta.it\/en\/publications\/il-respiro-nascosto-delle-cose-2025\/\"target=\"_blank\"><\/a><\/div><div class=\"eael-entry-thumbnail eael-image-ratio\">\n                            <img fetchpriority=\"high\" decoding=\"async\" width=\"559\" height=\"686\" src=\"https:\/\/www.studiolacitta.it\/wp-content\/uploads\/2025\/10\/copertina-il-respiro.jpg\" class=\"attachment-medium_large size-medium_large wp-image-14261\" alt=\"Il Respiro Nascosto delle Cose\" srcset=\"https:\/\/www.studiolacitta.it\/wp-content\/uploads\/2025\/10\/copertina-il-respiro.jpg 559w, https:\/\/www.studiolacitta.it\/wp-content\/uploads\/2025\/10\/copertina-il-respiro-244x300.jpg 244w\" sizes=\"(max-width: 559px) 100vw, 559px\" \/>\n                            <\/div>\n                    <\/div><\/div>\n    <\/div>\n<\/article><\/div>\n            <div class=\"clearfix\"><\/div>\n        <\/div>\t\t\t\t<\/div>\n\t\t\t\t\t<\/div>\n\t\t\t\t<\/div>\n\t\t<div id=\"e-n-tab-content-1324294407\" role=\"tabpanel\" aria-labelledby=\"e-n-tab-title-1324294407\" data-tab-index=\"7\" style=\"--n-tabs-title-order: 7;\" class=\" elementor-element elementor-element-11e4f982 e-flex e-con-boxed e-con e-child\" data-id=\"11e4f982\" data-element_type=\"container\" data-e-type=\"container\">\n\t\t\t\t\t<div class=\"e-con-inner\">\n\t\t\t\t<div class=\"elementor-element elementor-element-f78b15b elementor-widget elementor-widget-shortcode\" data-id=\"f78b15b\" data-element_type=\"widget\" data-e-type=\"widget\" data-widget_type=\"shortcode.default\">\n\t\t\t\t\t\t\t<div class=\"elementor-shortcode\"><div class=\"_df_book df-lite\" id=\"df_12440\"  _slug=\"media-respiro-nascosto-delle-cose-cs_2025_eng\" data-title=\"media-respiro-nascosto-delle-cose-cs_2025_eng\" wpoptions=\"true\" thumbtype=\"\" ><\/div><script class=\"df-shortcode-script\" nowprocket type=\"application\/javascript\">window.option_df_12440 = {\"outline\":[],\"backgroundColor\":\"ffffff\",\"autoEnableOutline\":\"false\",\"autoEnableThumbnail\":\"false\",\"overwritePDFOutline\":\"false\",\"direction\":\"1\",\"pageSize\":\"0\",\"controlsPosition\":\"bottom\",\"soundEnable\":\"false\",\"source\":\"https:\\\/\\\/www.studiolacitta.it\\\/wp-content\\\/uploads\\\/2025\\\/10\\\/Respiro-Nascosto-delle-Cose-CS_2025_ENG_XL.pdf\",\"wpOptions\":\"true\"}; if(window.DFLIP && window.DFLIP.parseBooks){window.DFLIP.parseBooks();}<\/script> <\/div>\n\t\t\t\t\t\t<\/div>\n\t\t\t\t\t<\/div>\n\t\t\t\t<\/div>\n\t\t\t\t\t<\/div>\n\t\t<\/div>\n\t\t\t\t\t\t<\/div>\n\t\t\t\t\t<\/div>\n\t\t\t\t<\/div>\n\t\t\t\t<\/div>\n\t\t","protected":false},"excerpt":{"rendered":"<p>In Torre Pallavicina, the fifteenth-century Palazzo Oldofredi, with its frescoed halls and barrel-vaulted brick cellars, along with the small church of San Rocco, provides the evocative setting for a diffused exhibition. <\/p>\n","protected":false},"author":1,"featured_media":13868,"comment_status":"open","ping_status":"open","sticky":false,"template":"","format":"standard","meta":{"_acf_changed":false,"_bst_post_transparent":"default","_bst_post_title":"default","_bst_post_layout":"default","_bst_post_sidebar_id":"","_bst_post_content_style":"default","_bst_post_vertical_padding":"default","_bst_post_feature":"","_bst_post_feature_position":"","_bst_post_header":false,"_bst_post_footer":false,"footnotes":""},"categories":[221],"tags":[99,94,100,101,87,102,103,104,132,86,105,106,107,108],"class_list":["post-13866","post","type-post","status-publish","format-standard","has-post-thumbnail","hentry","category-exhibition","tag-anna-galtarossa","tag-arthur-du","tag-eelco-brand","tag-emil-lukas","tag-franco-passalacqua","tag-gabriele-basilico","tag-herbert-hamak","tag-hiroyuki-masuyama","tag-il-respiro-nascosto-delle-cose","tag-jacob-hashimoto","tag-julia-mangold","tag-luigi-carboni","tag-stuart-arends","tag-vincenzo-castella"],"acf":[],"yoast_head":"<!-- This site is optimized with the Yoast SEO plugin v27.5 - https:\/\/yoast.com\/product\/yoast-seo-wordpress\/ -->\n<title>Studio la Citt\u00e0 - IL RESPIRO NASCOSTO DELLE COSE<\/title>\n<meta name=\"robots\" content=\"index, follow, max-snippet:-1, max-image-preview:large, max-video-preview:-1\" \/>\n<link rel=\"canonical\" href=\"https:\/\/www.studiolacitta.it\/en\/exhibition\/il-respiro-nascosto-delle-cose\/\" \/>\n<meta property=\"og:locale\" content=\"en_US\" \/>\n<meta property=\"og:type\" content=\"article\" \/>\n<meta property=\"og:title\" content=\"Studio la Citt\u00e0 - IL RESPIRO NASCOSTO DELLE COSE\" \/>\n<meta property=\"og:description\" content=\"In Torre Pallavicina, the fifteenth-century Palazzo Oldofredi, with its frescoed halls and barrel-vaulted brick cellars, along with the small church of San Rocco, provides the evocative setting for a diffused exhibition.\" \/>\n<meta property=\"og:url\" content=\"https:\/\/www.studiolacitta.it\/en\/exhibition\/il-respiro-nascosto-delle-cose\/\" \/>\n<meta property=\"og:site_name\" content=\"Studio la Citt\u00e0\" \/>\n<meta property=\"article:publisher\" content=\"https:\/\/www.facebook.com\/studiolacitta\" \/>\n<meta property=\"article:published_time\" content=\"2025-09-23T11:05:18+00:00\" \/>\n<meta property=\"article:modified_time\" content=\"2025-10-28T08:45:24+00:00\" \/>\n<meta property=\"og:image\" content=\"https:\/\/www.studiolacitta.it\/wp-content\/uploads\/2025\/09\/Respiro-Nascosto-delle-Cose_Copertina-scaled.jpg\" \/>\n\t<meta property=\"og:image:width\" content=\"2560\" \/>\n\t<meta property=\"og:image:height\" content=\"1440\" \/>\n\t<meta property=\"og:image:type\" content=\"image\/jpeg\" \/>\n<meta name=\"author\" content=\"web_admin\" \/>\n<meta name=\"twitter:card\" content=\"summary_large_image\" \/>\n<script type=\"application\/ld+json\" class=\"yoast-schema-graph\">{\"@context\":\"https:\\\/\\\/schema.org\",\"@graph\":[{\"@type\":\"Article\",\"@id\":\"https:\\\/\\\/www.studiolacitta.it\\\/en\\\/exhibition\\\/il-respiro-nascosto-delle-cose\\\/#article\",\"isPartOf\":{\"@id\":\"https:\\\/\\\/www.studiolacitta.it\\\/en\\\/exhibition\\\/il-respiro-nascosto-delle-cose\\\/\"},\"author\":{\"name\":\"web_admin\",\"@id\":\"https:\\\/\\\/www.studiolacitta.it\\\/en\\\/#\\\/schema\\\/person\\\/c39c72261f52af4220bcf15adfc8b336\"},\"headline\":\"IL RESPIRO NASCOSTO DELLE COSE\",\"datePublished\":\"2025-09-23T11:05:18+00:00\",\"dateModified\":\"2025-10-28T08:45:24+00:00\",\"mainEntityOfPage\":{\"@id\":\"https:\\\/\\\/www.studiolacitta.it\\\/en\\\/exhibition\\\/il-respiro-nascosto-delle-cose\\\/\"},\"wordCount\":100,\"commentCount\":0,\"publisher\":{\"@id\":\"https:\\\/\\\/www.studiolacitta.it\\\/en\\\/#organization\"},\"image\":{\"@id\":\"https:\\\/\\\/www.studiolacitta.it\\\/en\\\/exhibition\\\/il-respiro-nascosto-delle-cose\\\/#primaryimage\"},\"thumbnailUrl\":\"https:\\\/\\\/www.studiolacitta.it\\\/wp-content\\\/uploads\\\/2025\\\/09\\\/Respiro-Nascosto-delle-Cose_Copertina-scaled.jpg\",\"keywords\":[\"Anna Galtarossa\",\"Arthur Du\ufb00\",\"Eelco Brand\",\"Emil Lukas\",\"Franco Passalacqua\",\"Gabriele Basilico\",\"Herbert Hamak\",\"Hiroyuki Masuyama\",\"Il respiro nascosto delle cose\",\"Jacob Hashimoto\",\"Julia Mangold\",\"Luigi Carboni\",\"Stuart Arends\",\"Vincenzo Castella\"],\"articleSection\":[\"exhibition\"],\"inLanguage\":\"en-US\",\"potentialAction\":[{\"@type\":\"CommentAction\",\"name\":\"Comment\",\"target\":[\"https:\\\/\\\/www.studiolacitta.it\\\/en\\\/exhibition\\\/il-respiro-nascosto-delle-cose\\\/#respond\"]}]},{\"@type\":\"WebPage\",\"@id\":\"https:\\\/\\\/www.studiolacitta.it\\\/en\\\/exhibition\\\/il-respiro-nascosto-delle-cose\\\/\",\"url\":\"https:\\\/\\\/www.studiolacitta.it\\\/en\\\/exhibition\\\/il-respiro-nascosto-delle-cose\\\/\",\"name\":\"Studio la Citt\u00e0 - IL RESPIRO NASCOSTO DELLE COSE\",\"isPartOf\":{\"@id\":\"https:\\\/\\\/www.studiolacitta.it\\\/en\\\/#website\"},\"primaryImageOfPage\":{\"@id\":\"https:\\\/\\\/www.studiolacitta.it\\\/en\\\/exhibition\\\/il-respiro-nascosto-delle-cose\\\/#primaryimage\"},\"image\":{\"@id\":\"https:\\\/\\\/www.studiolacitta.it\\\/en\\\/exhibition\\\/il-respiro-nascosto-delle-cose\\\/#primaryimage\"},\"thumbnailUrl\":\"https:\\\/\\\/www.studiolacitta.it\\\/wp-content\\\/uploads\\\/2025\\\/09\\\/Respiro-Nascosto-delle-Cose_Copertina-scaled.jpg\",\"datePublished\":\"2025-09-23T11:05:18+00:00\",\"dateModified\":\"2025-10-28T08:45:24+00:00\",\"breadcrumb\":{\"@id\":\"https:\\\/\\\/www.studiolacitta.it\\\/en\\\/exhibition\\\/il-respiro-nascosto-delle-cose\\\/#breadcrumb\"},\"inLanguage\":\"en-US\",\"potentialAction\":[{\"@type\":\"ReadAction\",\"target\":[\"https:\\\/\\\/www.studiolacitta.it\\\/en\\\/exhibition\\\/il-respiro-nascosto-delle-cose\\\/\"]}]},{\"@type\":\"ImageObject\",\"inLanguage\":\"en-US\",\"@id\":\"https:\\\/\\\/www.studiolacitta.it\\\/en\\\/exhibition\\\/il-respiro-nascosto-delle-cose\\\/#primaryimage\",\"url\":\"https:\\\/\\\/www.studiolacitta.it\\\/wp-content\\\/uploads\\\/2025\\\/09\\\/Respiro-Nascosto-delle-Cose_Copertina-scaled.jpg\",\"contentUrl\":\"https:\\\/\\\/www.studiolacitta.it\\\/wp-content\\\/uploads\\\/2025\\\/09\\\/Respiro-Nascosto-delle-Cose_Copertina-scaled.jpg\",\"width\":2560,\"height\":1440,\"caption\":\"Studio la Citt\u00e0 - Il Respiro Nascosto delle Cose\"},{\"@type\":\"BreadcrumbList\",\"@id\":\"https:\\\/\\\/www.studiolacitta.it\\\/en\\\/exhibition\\\/il-respiro-nascosto-delle-cose\\\/#breadcrumb\",\"itemListElement\":[{\"@type\":\"ListItem\",\"position\":1,\"name\":\"Home\",\"item\":\"https:\\\/\\\/www.studiolacitta.it\\\/en\\\/\"},{\"@type\":\"ListItem\",\"position\":2,\"name\":\"IL RESPIRO NASCOSTO DELLE COSE\"}]},{\"@type\":\"WebSite\",\"@id\":\"https:\\\/\\\/www.studiolacitta.it\\\/en\\\/#website\",\"url\":\"https:\\\/\\\/www.studiolacitta.it\\\/en\\\/\",\"name\":\"Studio la citt\u00e0\",\"description\":\"\",\"publisher\":{\"@id\":\"https:\\\/\\\/www.studiolacitta.it\\\/en\\\/#organization\"},\"potentialAction\":[{\"@type\":\"SearchAction\",\"target\":{\"@type\":\"EntryPoint\",\"urlTemplate\":\"https:\\\/\\\/www.studiolacitta.it\\\/en\\\/?s={search_term_string}\"},\"query-input\":{\"@type\":\"PropertyValueSpecification\",\"valueRequired\":true,\"valueName\":\"search_term_string\"}}],\"inLanguage\":\"en-US\"},{\"@type\":\"Organization\",\"@id\":\"https:\\\/\\\/www.studiolacitta.it\\\/en\\\/#organization\",\"name\":\"Studio la citt\u00e0\",\"url\":\"https:\\\/\\\/www.studiolacitta.it\\\/en\\\/\",\"logo\":{\"@type\":\"ImageObject\",\"inLanguage\":\"en-US\",\"@id\":\"https:\\\/\\\/www.studiolacitta.it\\\/en\\\/#\\\/schema\\\/logo\\\/image\\\/\",\"url\":\"https:\\\/\\\/www.studiolacitta.it\\\/wp-content\\\/uploads\\\/2025\\\/09\\\/cropped-logo_icona.png\",\"contentUrl\":\"https:\\\/\\\/www.studiolacitta.it\\\/wp-content\\\/uploads\\\/2025\\\/09\\\/cropped-logo_icona.png\",\"width\":512,\"height\":512,\"caption\":\"Studio la citt\u00e0\"},\"image\":{\"@id\":\"https:\\\/\\\/www.studiolacitta.it\\\/en\\\/#\\\/schema\\\/logo\\\/image\\\/\"},\"sameAs\":[\"https:\\\/\\\/www.facebook.com\\\/studiolacitta\",\"https:\\\/\\\/www.instagram.com\\\/studiolacitta\\\/\",\"https:\\\/\\\/www.youtube.com\\\/channel\\\/UCCjmcwJra0A6dF23v-_fE7A\"]},{\"@type\":\"Person\",\"@id\":\"https:\\\/\\\/www.studiolacitta.it\\\/en\\\/#\\\/schema\\\/person\\\/c39c72261f52af4220bcf15adfc8b336\",\"name\":\"web_admin\",\"image\":{\"@type\":\"ImageObject\",\"inLanguage\":\"en-US\",\"@id\":\"https:\\\/\\\/secure.gravatar.com\\\/avatar\\\/a24c2be5d6818e8dd43e73e2847f4b6c5940ab182642ec6057e524ece10186ca?s=96&d=identicon&r=g\",\"url\":\"https:\\\/\\\/secure.gravatar.com\\\/avatar\\\/a24c2be5d6818e8dd43e73e2847f4b6c5940ab182642ec6057e524ece10186ca?s=96&d=identicon&r=g\",\"contentUrl\":\"https:\\\/\\\/secure.gravatar.com\\\/avatar\\\/a24c2be5d6818e8dd43e73e2847f4b6c5940ab182642ec6057e524ece10186ca?s=96&d=identicon&r=g\",\"caption\":\"web_admin\"},\"sameAs\":[\"https:\\\/\\\/studiolacitta.it\\\/new\"]}]}<\/script>\n<!-- \/ Yoast SEO plugin. -->","yoast_head_json":{"title":"Studio la Citt\u00e0 - IL RESPIRO NASCOSTO DELLE COSE","robots":{"index":"index","follow":"follow","max-snippet":"max-snippet:-1","max-image-preview":"max-image-preview:large","max-video-preview":"max-video-preview:-1"},"canonical":"https:\/\/www.studiolacitta.it\/en\/exhibition\/il-respiro-nascosto-delle-cose\/","og_locale":"en_US","og_type":"article","og_title":"Studio la Citt\u00e0 - IL RESPIRO NASCOSTO DELLE COSE","og_description":"In Torre Pallavicina, the fifteenth-century Palazzo Oldofredi, with its frescoed halls and barrel-vaulted brick cellars, along with the small church of San Rocco, provides the evocative setting for a diffused exhibition.","og_url":"https:\/\/www.studiolacitta.it\/en\/exhibition\/il-respiro-nascosto-delle-cose\/","og_site_name":"Studio la Citt\u00e0","article_publisher":"https:\/\/www.facebook.com\/studiolacitta","article_published_time":"2025-09-23T11:05:18+00:00","article_modified_time":"2025-10-28T08:45:24+00:00","og_image":[{"width":2560,"height":1440,"url":"https:\/\/www.studiolacitta.it\/wp-content\/uploads\/2025\/09\/Respiro-Nascosto-delle-Cose_Copertina-scaled.jpg","type":"image\/jpeg"}],"author":"web_admin","twitter_card":"summary_large_image","schema":{"@context":"https:\/\/schema.org","@graph":[{"@type":"Article","@id":"https:\/\/www.studiolacitta.it\/en\/exhibition\/il-respiro-nascosto-delle-cose\/#article","isPartOf":{"@id":"https:\/\/www.studiolacitta.it\/en\/exhibition\/il-respiro-nascosto-delle-cose\/"},"author":{"name":"web_admin","@id":"https:\/\/www.studiolacitta.it\/en\/#\/schema\/person\/c39c72261f52af4220bcf15adfc8b336"},"headline":"IL RESPIRO NASCOSTO DELLE COSE","datePublished":"2025-09-23T11:05:18+00:00","dateModified":"2025-10-28T08:45:24+00:00","mainEntityOfPage":{"@id":"https:\/\/www.studiolacitta.it\/en\/exhibition\/il-respiro-nascosto-delle-cose\/"},"wordCount":100,"commentCount":0,"publisher":{"@id":"https:\/\/www.studiolacitta.it\/en\/#organization"},"image":{"@id":"https:\/\/www.studiolacitta.it\/en\/exhibition\/il-respiro-nascosto-delle-cose\/#primaryimage"},"thumbnailUrl":"https:\/\/www.studiolacitta.it\/wp-content\/uploads\/2025\/09\/Respiro-Nascosto-delle-Cose_Copertina-scaled.jpg","keywords":["Anna Galtarossa","Arthur Du\ufb00","Eelco Brand","Emil Lukas","Franco Passalacqua","Gabriele Basilico","Herbert Hamak","Hiroyuki Masuyama","Il respiro nascosto delle cose","Jacob Hashimoto","Julia Mangold","Luigi Carboni","Stuart Arends","Vincenzo Castella"],"articleSection":["exhibition"],"inLanguage":"en-US","potentialAction":[{"@type":"CommentAction","name":"Comment","target":["https:\/\/www.studiolacitta.it\/en\/exhibition\/il-respiro-nascosto-delle-cose\/#respond"]}]},{"@type":"WebPage","@id":"https:\/\/www.studiolacitta.it\/en\/exhibition\/il-respiro-nascosto-delle-cose\/","url":"https:\/\/www.studiolacitta.it\/en\/exhibition\/il-respiro-nascosto-delle-cose\/","name":"Studio la Citt\u00e0 - IL RESPIRO NASCOSTO DELLE COSE","isPartOf":{"@id":"https:\/\/www.studiolacitta.it\/en\/#website"},"primaryImageOfPage":{"@id":"https:\/\/www.studiolacitta.it\/en\/exhibition\/il-respiro-nascosto-delle-cose\/#primaryimage"},"image":{"@id":"https:\/\/www.studiolacitta.it\/en\/exhibition\/il-respiro-nascosto-delle-cose\/#primaryimage"},"thumbnailUrl":"https:\/\/www.studiolacitta.it\/wp-content\/uploads\/2025\/09\/Respiro-Nascosto-delle-Cose_Copertina-scaled.jpg","datePublished":"2025-09-23T11:05:18+00:00","dateModified":"2025-10-28T08:45:24+00:00","breadcrumb":{"@id":"https:\/\/www.studiolacitta.it\/en\/exhibition\/il-respiro-nascosto-delle-cose\/#breadcrumb"},"inLanguage":"en-US","potentialAction":[{"@type":"ReadAction","target":["https:\/\/www.studiolacitta.it\/en\/exhibition\/il-respiro-nascosto-delle-cose\/"]}]},{"@type":"ImageObject","inLanguage":"en-US","@id":"https:\/\/www.studiolacitta.it\/en\/exhibition\/il-respiro-nascosto-delle-cose\/#primaryimage","url":"https:\/\/www.studiolacitta.it\/wp-content\/uploads\/2025\/09\/Respiro-Nascosto-delle-Cose_Copertina-scaled.jpg","contentUrl":"https:\/\/www.studiolacitta.it\/wp-content\/uploads\/2025\/09\/Respiro-Nascosto-delle-Cose_Copertina-scaled.jpg","width":2560,"height":1440,"caption":"Studio la Citt\u00e0 - Il Respiro Nascosto delle Cose"},{"@type":"BreadcrumbList","@id":"https:\/\/www.studiolacitta.it\/en\/exhibition\/il-respiro-nascosto-delle-cose\/#breadcrumb","itemListElement":[{"@type":"ListItem","position":1,"name":"Home","item":"https:\/\/www.studiolacitta.it\/en\/"},{"@type":"ListItem","position":2,"name":"IL RESPIRO NASCOSTO DELLE COSE"}]},{"@type":"WebSite","@id":"https:\/\/www.studiolacitta.it\/en\/#website","url":"https:\/\/www.studiolacitta.it\/en\/","name":"Studio la citt\u00e0","description":"","publisher":{"@id":"https:\/\/www.studiolacitta.it\/en\/#organization"},"potentialAction":[{"@type":"SearchAction","target":{"@type":"EntryPoint","urlTemplate":"https:\/\/www.studiolacitta.it\/en\/?s={search_term_string}"},"query-input":{"@type":"PropertyValueSpecification","valueRequired":true,"valueName":"search_term_string"}}],"inLanguage":"en-US"},{"@type":"Organization","@id":"https:\/\/www.studiolacitta.it\/en\/#organization","name":"Studio la citt\u00e0","url":"https:\/\/www.studiolacitta.it\/en\/","logo":{"@type":"ImageObject","inLanguage":"en-US","@id":"https:\/\/www.studiolacitta.it\/en\/#\/schema\/logo\/image\/","url":"https:\/\/www.studiolacitta.it\/wp-content\/uploads\/2025\/09\/cropped-logo_icona.png","contentUrl":"https:\/\/www.studiolacitta.it\/wp-content\/uploads\/2025\/09\/cropped-logo_icona.png","width":512,"height":512,"caption":"Studio la citt\u00e0"},"image":{"@id":"https:\/\/www.studiolacitta.it\/en\/#\/schema\/logo\/image\/"},"sameAs":["https:\/\/www.facebook.com\/studiolacitta","https:\/\/www.instagram.com\/studiolacitta\/","https:\/\/www.youtube.com\/channel\/UCCjmcwJra0A6dF23v-_fE7A"]},{"@type":"Person","@id":"https:\/\/www.studiolacitta.it\/en\/#\/schema\/person\/c39c72261f52af4220bcf15adfc8b336","name":"web_admin","image":{"@type":"ImageObject","inLanguage":"en-US","@id":"https:\/\/secure.gravatar.com\/avatar\/a24c2be5d6818e8dd43e73e2847f4b6c5940ab182642ec6057e524ece10186ca?s=96&d=identicon&r=g","url":"https:\/\/secure.gravatar.com\/avatar\/a24c2be5d6818e8dd43e73e2847f4b6c5940ab182642ec6057e524ece10186ca?s=96&d=identicon&r=g","contentUrl":"https:\/\/secure.gravatar.com\/avatar\/a24c2be5d6818e8dd43e73e2847f4b6c5940ab182642ec6057e524ece10186ca?s=96&d=identicon&r=g","caption":"web_admin"},"sameAs":["https:\/\/studiolacitta.it\/new"]}]}},"_links":{"self":[{"href":"https:\/\/www.studiolacitta.it\/en\/wp-json\/wp\/v2\/posts\/13866","targetHints":{"allow":["GET"]}}],"collection":[{"href":"https:\/\/www.studiolacitta.it\/en\/wp-json\/wp\/v2\/posts"}],"about":[{"href":"https:\/\/www.studiolacitta.it\/en\/wp-json\/wp\/v2\/types\/post"}],"author":[{"embeddable":true,"href":"https:\/\/www.studiolacitta.it\/en\/wp-json\/wp\/v2\/users\/1"}],"replies":[{"embeddable":true,"href":"https:\/\/www.studiolacitta.it\/en\/wp-json\/wp\/v2\/comments?post=13866"}],"version-history":[{"count":5,"href":"https:\/\/www.studiolacitta.it\/en\/wp-json\/wp\/v2\/posts\/13866\/revisions"}],"predecessor-version":[{"id":14514,"href":"https:\/\/www.studiolacitta.it\/en\/wp-json\/wp\/v2\/posts\/13866\/revisions\/14514"}],"wp:featuredmedia":[{"embeddable":true,"href":"https:\/\/www.studiolacitta.it\/en\/wp-json\/wp\/v2\/media\/13868"}],"wp:attachment":[{"href":"https:\/\/www.studiolacitta.it\/en\/wp-json\/wp\/v2\/media?parent=13866"}],"wp:term":[{"taxonomy":"category","embeddable":true,"href":"https:\/\/www.studiolacitta.it\/en\/wp-json\/wp\/v2\/categories?post=13866"},{"taxonomy":"post_tag","embeddable":true,"href":"https:\/\/www.studiolacitta.it\/en\/wp-json\/wp\/v2\/tags?post=13866"}],"curies":[{"name":"wp","href":"https:\/\/api.w.org\/{rel}","templated":true}]}}